{"id":60554,"date":"2017-03-12T13:27:44","date_gmt":"2017-03-12T16:27:44","guid":{"rendered":"http:\/\/www.hoymercedes.com.ar\/principal\/?p=60554"},"modified":"2017-03-12T14:27:00","modified_gmt":"2017-03-12T17:27:00","slug":"la-ilusion-de-comunicaciones-termino-en-palermo","status":"publish","type":"post","link":"https:\/\/www.hoymercedes.com.ar\/principal\/2017\/03\/12\/la-ilusion-de-comunicaciones-termino-en-palermo\/","title":{"rendered":"La ilusi\u00f3n de Comunicaciones termin\u00f3 en Palermo"},"content":{"rendered":"<p><em><strong>El cartero jug\u00f3 en la tarde noche del s\u00e1bado el partido de vuelta de los octavos de final del torneo Federaci\u00f3n Norte, con la obligaci\u00f3n de ganar para seguir escalando en un torneo que brinda premios en dinero para los cuatro mejores y una plaza para el Federal C para el campe\u00f3n. En la ida, en Arrecifes, empataron 1 a 1 y en la Liga Mercedina, la visita se hizo fuerte y gan\u00f3 por 3 a 2.<\/strong><\/em><\/p>\n<p><img loading=\"lazy\" decoding=\"async\" data-attachment-id=\"60558\" data-permalink=\"https:\/\/www.hoymercedes.com.ar\/principal\/2017\/03\/12\/la-ilusion-de-comunicaciones-termino-en-palermo\/dscn9260\/#main\" data-orig-file=\"https:\/\/www.hoymercedes.com.ar\/principal\/wp-content\/uploads\/2017\/03\/DSCN9260.jpg\" data-orig-size=\"650,487\" data-comments-opened=\"0\" data-image-meta=\"{&quot;aperture&quot;:&quot;3.6&quot;,&quot;credit&quot;:&quot;&quot;,&quot;camera&quot;:&quot;COOLPIX L310&quot;,&quot;caption&quot;:&quot;&quot;,&quot;created_timestamp&quot;:&quot;1486837722&quot;,&quot;copyright&quot;:&quot;&quot;,&quot;focal_length&quot;:&quot;8.4&quot;,&quot;iso&quot;:&quot;80&quot;,&quot;shutter_speed&quot;:&quot;0.02&quot;,&quot;title&quot;:&quot;&quot;,&quot;orientation&quot;:&quot;1&quot;}\" data-image-title=\"DSCN9260\" data-image-description=\"\" data-image-caption=\"\" data-large-file=\"https:\/\/www.hoymercedes.com.ar\/principal\/wp-content\/uploads\/2017\/03\/DSCN9260.jpg\" class=\"aligncenter size-medium wp-image-60558\" src=\"https:\/\/www.hoymercedes.com.ar\/principal\/wp-content\/uploads\/2017\/03\/DSCN9260-630x472.jpg\" alt=\"\" width=\"630\" height=\"472\" srcset=\"https:\/\/www.hoymercedes.com.ar\/principal\/wp-content\/uploads\/2017\/03\/DSCN9260-630x472.jpg 630w, https:\/\/www.hoymercedes.com.ar\/principal\/wp-content\/uploads\/2017\/03\/DSCN9260-150x112.jpg 150w, https:\/\/www.hoymercedes.com.ar\/principal\/wp-content\/uploads\/2017\/03\/DSCN9260.jpg 650w\" sizes=\"auto, (max-width: 630px) 100vw, 630px\" \/><\/p>\n<p>Fue un partido en el que Comunicaciones fue de mayor a menor, aunque en todo momento mostr\u00f3 graves problemas defensivos como a lo largo de todo el torneo. Empez\u00f3 ganando con un gol de \u00c1ngel Calder\u00f3n a los 8 minutos, tras una jugada que se inici\u00f3 por la derecha a trav\u00e9s de Nery Lazarte y que lleg\u00f3 hasta el otro costado con Rodrigo Torres, quien se la entreg\u00f3 a Calder\u00f3n para que se saque a dos hombres de encima y cuando estaba a la altura de la media luna, remat\u00f3 al \u00e1ngulo para que Alasio salte en forma inerte. Los mercedinos ganaban 1 a 0 y era merecido, porque en los primero minutos ya hab\u00edan tenido dos situaciones clara de gol.<\/p>\n<p>A partir de ah\u00ed, la presi\u00f3n del cartero baj\u00f3, pero sigui\u00f3 teniendo el dominio del partido. Sin embargo, Palermo apost\u00f3 a jugar de contra y lo hizo muy bien, ya que tuvo tres situaciones de peligro muy claras, una desviada, la otra sacada por Br\u00edzolis y luego Mart\u00edn Ag\u00fcero la sac\u00f3 en la l\u00ednea. Entre Wutrich y Gheogegan se encargaban de mostrar todas las falencias defensivas de los locales.<\/p>\n<p>El gol del empate lleg\u00f3 a los 30 minutos a trav\u00e9s de Gheogegan. La pelota lleg\u00f3 desde la derecha, nadie la pudo controlar en el \u00e1rea y pas\u00f3 al otro lado, cuando se hizo el pase atr\u00e1s, la defensa qued\u00f3 desarmada y desde afuera del \u00e1rea, el delantero remat\u00f3 en forma violenta al \u00e1ngulo superior derecho de Br\u00edzolis.<\/p>\n<p>Luego de eso, Comunicaciones volvi\u00f3 a errar goles con Lucero, que la tir\u00f3 apenas por arriba del travesa\u00f1o y Rodrigo Torres en un remate que se fue cerca del primer palo del arquero.<\/p>\n<p>Con el 1 a 1, la historia se iba a los penales, pero quedaba el segundo tiempo por delante y al minuto, Owen Silva sorprendi\u00f3 a todos porque Comunicaciones fue a buscar r\u00e1pido el gol y lo pag\u00f3 muy caro. Un cambio de frente desde mitad de cancha de izquierda a derecha encontr\u00f3 al volante dentro del \u00e1rea, que remat\u00f3 al \u00e1ngulo superior derecho de Br\u00edzolis, que nada pudo hacer.<\/p>\n<p>Sin embargo, Calder\u00f3n, a los 4, fue tocado en el \u00e1rea y tras su ca\u00edda el \u00e1rbitro Roffe cobr\u00f3 penal, que el propio \u00abTotolo\u00bb pate\u00f3 y sorpresivamente malogr\u00f3, porque el remate se fue en forma rasante, lejos del palo derecho de Alasio. Con mucho tiempo por delante, Comunicaciones empez\u00f3 a caer en el embudo de la desesperaci\u00f3n y la falta de f\u00fatbol empez\u00f3 a primar. Siempre tuvo la pelota, pero no logr\u00f3 superar la muralla que propuso, tras el gol, Deportivo Palermo, llegando a tener seis hombres en defensa. La \u00fanica situaci\u00f3n fue de OscarMorales, que tras un corner, encontr\u00f3 la pelota en el \u00e1rea y remat\u00f3, pero el arquero contuvo.<\/p>\n<p>Cuando se jugaba el segundo minuto de descuento y ya ambos con diez por las expulsiones de Mart\u00edn S\u00e1nchez y Lucas Fern\u00e1ndez por agresi\u00f3n mutua, la contra de Palermo fue letal y dentro del \u00e1rea, Santiago Burgo aguant\u00f3 la pelota y cuando se sac\u00f3 la marca de encima, remat\u00f3 para poner el 3 a 1. Luego, Comunicaciones lleg\u00f3 a achicar la diferencia en el minuto 51, cuando Lucero, de palomita, cabece\u00f3 un corner y puso la pelota contra el palo.<\/p>\n<p>Para los de Julio Torres fue el final de una muy buena experiencia a nivel Regional, con cuatro victorias, dos empates y dos derrotas, y ese sabor amargo de haber desperdiciado dos penales en octavos de final, uno en cada partido, que podr\u00edan haberlo clasificado a cuartos. Ahora, retomar\u00e1 el torneo local, donde tiene un partido adeudado y el pr\u00f3ximo fin de semana jugar\u00e1 ante AMEFIP &#8211; San Mart\u00edn.<\/p>\n<p><strong>Comunicaciones 2:<\/strong> David Br\u00edsoliz, Mart\u00edn Ag\u00fcero, Juan Quiroga, Jonathan Bartolomeo, Franco Torres, Oscar Morales, Angel Calder\u00f3n, Neri Lazarte, Diego S\u00e1nchez, Germ\u00e1n Lucero y Rodrigo Torres. <strong>DT:<\/strong> Julio Torres. <strong>Suplentes:<\/strong> Mat\u00edas Ag\u00fcero, Juan Torres, Diego Gianaschi y Juli\u00e1n Ag\u00fcero.<\/p>\n<p><strong>Deportivo Palermo 3:<\/strong> Cristian Alasio, Santiago Alfaro, Juan Ortiz, Dami\u00e1n Rublo, K\u00e9vin Cuesta, Marcos Oliva, Kevin Geoghegan, Javier Silva, Gustavo Wuthrich, Leandro Blanco y Facundo Maurizzi. <strong>DT:<\/strong> Domingo Alfaro. <strong>Suplentes:<\/strong> Sebasti\u00e1n Bochator y Franco Ferrari.<\/p>\n<p><strong>Goles en el PT: <\/strong>A los 8\u2019 Angel Calder\u00f3n para Comunicaciones y a los 29\u2019 Kevin Geoghegan para Deportivo Palermo.<br \/>\n<strong>Goles en el ST:<\/strong> A los 2\u2019 Javier Silva y a los 47\u2019 Santiago Burgos para Deportivo Palermo. A los 48\u2019 Germ\u00e1n Lucero para Comunicaciones.<br \/>\n<strong>Cambios:<\/strong> Mat\u00edas S\u00e1nchez por Jonathan Bartolomeo, Jonathan Paj\u00f3n por Diego S\u00e1nchez y Mart\u00edn Ravassa por Oscar Morales en Comunicaciones. Nicol\u00e1s Damico por Javier Silva, Santiago Burgos por Gustavo Wutrich y Lucas Fern\u00e1ndez por\u00a0 Kevin Geoghegan en Deportivo Palermo.<br \/>\n<strong>Arbitro:<\/strong> Rodrigo Roffe (Liga de Escobar).<br \/>\n<strong>Expulsados:<\/strong> Mart\u00edn S\u00e1nchez y Neri lazarte en Comunicaciones. Lucas Fern\u00e1ndez en deportivo Palermo.<\/p>\n","protected":false},"excerpt":{"rendered":"<p>El cartero jug\u00f3 en la tarde noche del s\u00e1bado el partido de vuelta de los octavos de final del torneo &#8230; <a title=\"La ilusi\u00f3n de Comunicaciones termin\u00f3 en Palermo\" class=\"read-more\" href=\"https:\/\/www.hoymercedes.com.ar\/principal\/2017\/03\/12\/la-ilusion-de-comunicaciones-termino-en-palermo\/\" aria-label=\"Leer m\u00e1s sobre La ilusi\u00f3n de Comunicaciones termin\u00f3 en Palermo\">Leer m\u00e1s<\/a><\/p>\n","protected":false},"author":1,"featured_media":60558,"comment_status":"closed","ping_status":"open","sticky":false,"template":"","format":"standard","meta":{"_monsterinsights_skip_tracking":false,"_monsterinsights_sitenote_active":false,"_monsterinsights_sitenote_note":"","_monsterinsights_sitenote_category":0,"jetpack_post_was_ever_published":false,"_jetpack_newsletter_access":"","_jetpack_dont_email_post_to_subs":true,"_jetpack_newsletter_tier_id":0,"_jetpack_memberships_contains_paywalled_content":false,"_jetpack_memberships_contains_paid_content":false,"footnotes":"","jetpack_publicize_message":"","jetpack_publicize_feature_enabled":true,"jetpack_social_post_already_shared":true,"jetpack_social_options":{"image_generator_settings":{"template":"highway","default_image_id":0,"font":"","enabled":false},"version":2},"_wpas_customize_per_network":false},"categories":[21],"tags":[2253,204,1003],"class_list":["post-60554","post","type-post","status-publish","format-standard","has-post-thumbnail","hentry","category-deportes","tag-comunicaciones","tag-deportes-2","tag-futbol","generate-columns","tablet-grid-50","mobile-grid-100","grid-parent","grid-50"],"jetpack_publicize_connections":[],"jetpack_featured_media_url":"https:\/\/www.hoymercedes.com.ar\/principal\/wp-content\/uploads\/2017\/03\/DSCN9260.jpg","wps_subtitle":"","jetpack_sharing_enabled":true,"_links":{"self":[{"href":"https:\/\/www.hoymercedes.com.ar\/principal\/wp-json\/wp\/v2\/posts\/60554","targetHints":{"allow":["GET"]}}],"collection":[{"href":"https:\/\/www.hoymercedes.com.ar\/principal\/wp-json\/wp\/v2\/posts"}],"about":[{"href":"https:\/\/www.hoymercedes.com.ar\/principal\/wp-json\/wp\/v2\/types\/post"}],"author":[{"embeddable":true,"href":"https:\/\/www.hoymercedes.com.ar\/principal\/wp-json\/wp\/v2\/users\/1"}],"replies":[{"embeddable":true,"href":"https:\/\/www.hoymercedes.com.ar\/principal\/wp-json\/wp\/v2\/comments?post=60554"}],"version-history":[{"count":0,"href":"https:\/\/www.hoymercedes.com.ar\/principal\/wp-json\/wp\/v2\/posts\/60554\/revisions"}],"wp:featuredmedia":[{"embeddable":true,"href":"https:\/\/www.hoymercedes.com.ar\/principal\/wp-json\/wp\/v2\/media\/60558"}],"wp:attachment":[{"href":"https:\/\/www.hoymercedes.com.ar\/principal\/wp-json\/wp\/v2\/media?parent=60554"}],"wp:term":[{"taxonomy":"category","embeddable":true,"href":"https:\/\/www.hoymercedes.com.ar\/principal\/wp-json\/wp\/v2\/categories?post=60554"},{"taxonomy":"post_tag","embeddable":true,"href":"https:\/\/www.hoymercedes.com.ar\/principal\/wp-json\/wp\/v2\/tags?post=60554"}],"curies":[{"name":"wp","href":"https:\/\/api.w.org\/{rel}","templated":true}]}}