{"id":60574,"date":"2017-03-12T15:52:38","date_gmt":"2017-03-12T18:52:38","guid":{"rendered":"http:\/\/www.hoymercedes.com.ar\/principal\/?p=60574"},"modified":"2017-03-12T15:15:48","modified_gmt":"2017-03-12T18:15:48","slug":"policia-federal-allanan-viviendas-por-drogas","status":"publish","type":"post","link":"https:\/\/www.hoymercedes.com.ar\/principal\/2017\/03\/12\/policia-federal-allanan-viviendas-por-drogas\/","title":{"rendered":"Polic\u00eda Federal allanan viviendas por drogas"},"content":{"rendered":"<p>La Delegaci\u00f3n de Mercedes de la Polic\u00eda Federal realiz\u00f3 un procedimiento por infracci\u00f3n a la Ley 23.737 en la localidad de General Rodr\u00edguez. Secuestrando drogas. armas de fuego con municiones, grandes cantidades de dinero en efectivo y celulares, entre otros elementos. En los distintos allanamientos se detuvieron a seis personas mayores de edad.<\/p>\n<p><img loading=\"lazy\" decoding=\"async\" data-attachment-id=\"60571\" data-permalink=\"https:\/\/www.hoymercedes.com.ar\/principal\/2017\/03\/15\/sabado-18-y-domingo-19-oportunidad-para-conocer-monumentos-historicos-mercedinos\/12-poli-federal\/#main\" data-orig-file=\"https:\/\/www.hoymercedes.com.ar\/principal\/wp-content\/uploads\/2017\/03\/12-poli-federal.jpg\" data-orig-size=\"630,420\" data-comments-opened=\"0\" data-image-meta=\"{&quot;aperture&quot;:&quot;0&quot;,&quot;credit&quot;:&quot;&quot;,&quot;camera&quot;:&quot;&quot;,&quot;caption&quot;:&quot;&quot;,&quot;created_timestamp&quot;:&quot;0&quot;,&quot;copyright&quot;:&quot;&quot;,&quot;focal_length&quot;:&quot;0&quot;,&quot;iso&quot;:&quot;0&quot;,&quot;shutter_speed&quot;:&quot;0&quot;,&quot;title&quot;:&quot;&quot;,&quot;orientation&quot;:&quot;0&quot;}\" data-image-title=\"12 poli federal\" data-image-description=\"\" data-image-caption=\"\" data-large-file=\"https:\/\/www.hoymercedes.com.ar\/principal\/wp-content\/uploads\/2017\/03\/12-poli-federal.jpg\" class=\"aligncenter size-medium wp-image-60571\" src=\"https:\/\/www.hoymercedes.com.ar\/principal\/wp-content\/uploads\/2017\/03\/12-poli-federal-630x420.jpg\" alt=\"\" width=\"630\" height=\"420\" srcset=\"https:\/\/www.hoymercedes.com.ar\/principal\/wp-content\/uploads\/2017\/03\/12-poli-federal.jpg 630w, https:\/\/www.hoymercedes.com.ar\/principal\/wp-content\/uploads\/2017\/03\/12-poli-federal-150x100.jpg 150w, https:\/\/www.hoymercedes.com.ar\/principal\/wp-content\/uploads\/2017\/03\/12-poli-federal-300x200.jpg 300w\" sizes=\"auto, (max-width: 630px) 100vw, 630px\" \/><\/p>\n<p>A partir de una investigaci\u00f3n iniciada en febrero pasado. el pasado\u00a0s\u00e1bado 11 de marzo, en horas de la ma\u00f1ana, el Personal de la Delegaci\u00f3n Mercedes Delitos Federales y Complejos de la Polic\u00eda Federal Argentina, con la colaboraci\u00f3n de Efectivos de la Divisi\u00f3n Operaciones A\u00e9reas de Helic\u00f3pteros; la Divisi\u00f3n Grupo Especial de Operaciones Federales (G.E.O.F.), Grupo de la Guardia de Infanter\u00eda, y la colaboraci\u00f3n de la Divisi\u00f3n Canes, personal de la Delegaci\u00f3n Mor\u00f3n y de la Delegaci\u00f3n Jun\u00edn, como as\u00ed tambi\u00e9n efectivos del Departamento Comunicaci\u00f3n Social, todos pertenecientes a la Polic\u00eda Federal Argentina, que llevaron a cabo cinco allanamientos en el Barrio Agua de Oro, de la localidad de General Rodr\u00edguez.<\/p>\n<p>El primer allanamiento se realiz\u00f3 en\u00a0una vivienda ubicada en calle Riobamba, entre R\u00edo Negro y Neuqu\u00e9n, del Barrio Agua de Oro de General Rodr\u00edguez, \u00abuna vivienda de material, de una sola planta\u00bb. All\u00ed se secuestr\u00f3: panes de marihuana, gran cantidad de envoltorios de papel glas\u00e9, que en su interior contienen clorhidrato de coca\u00edna, pistol\u00f3n calibre 14, municiones de calibre 14, y municiones de calibre 7,62.\u00a0All\u00ed tambi\u00e9n se aprehendi\u00f3 a\u00a0de dos femeninos mayores de edad, argentinas.<\/p>\n<p>El segundo allanamiento se produjo en una vivienda ubicada en calle Riobamba. entre R\u00edo Negro y Neuqu\u00e9n, del Barrio Agua de Oro de General. Rodr\u00edguez, \u00abuna construcci\u00f3n de material de dos plantas\u00bb.\u00a0Se secuestr\u00f3 gran cantidad de envoltorios de papel glas\u00e9 que en su interior contienen clorhidrato de coca\u00edna y la aprehensi\u00f3n de un masculino mayor de edad, de nacionalidad argentino.<\/p>\n<p><img loading=\"lazy\" decoding=\"async\" data-attachment-id=\"60570\" data-permalink=\"https:\/\/www.hoymercedes.com.ar\/principal\/2017\/03\/15\/sabado-18-y-domingo-19-oportunidad-para-conocer-monumentos-historicos-mercedinos\/12-poli-federal1\/#main\" data-orig-file=\"https:\/\/www.hoymercedes.com.ar\/principal\/wp-content\/uploads\/2017\/03\/12-poli-federal1.jpg\" data-orig-size=\"630,419\" data-comments-opened=\"0\" data-image-meta=\"{&quot;aperture&quot;:&quot;0&quot;,&quot;credit&quot;:&quot;&quot;,&quot;camera&quot;:&quot;&quot;,&quot;caption&quot;:&quot;&quot;,&quot;created_timestamp&quot;:&quot;0&quot;,&quot;copyright&quot;:&quot;&quot;,&quot;focal_length&quot;:&quot;0&quot;,&quot;iso&quot;:&quot;0&quot;,&quot;shutter_speed&quot;:&quot;0&quot;,&quot;title&quot;:&quot;&quot;,&quot;orientation&quot;:&quot;0&quot;}\" data-image-title=\"12 poli federal1\" data-image-description=\"\" data-image-caption=\"\" data-large-file=\"https:\/\/www.hoymercedes.com.ar\/principal\/wp-content\/uploads\/2017\/03\/12-poli-federal1.jpg\" class=\"aligncenter size-medium wp-image-60570\" src=\"https:\/\/www.hoymercedes.com.ar\/principal\/wp-content\/uploads\/2017\/03\/12-poli-federal1-630x419.jpg\" alt=\"\" width=\"630\" height=\"419\" srcset=\"https:\/\/www.hoymercedes.com.ar\/principal\/wp-content\/uploads\/2017\/03\/12-poli-federal1.jpg 630w, https:\/\/www.hoymercedes.com.ar\/principal\/wp-content\/uploads\/2017\/03\/12-poli-federal1-150x100.jpg 150w, https:\/\/www.hoymercedes.com.ar\/principal\/wp-content\/uploads\/2017\/03\/12-poli-federal1-300x200.jpg 300w\" sizes=\"auto, (max-width: 630px) 100vw, 630px\" \/><\/p>\n<p>Asimismo, el allanamiento n\u00famero 3, fue en una\u00a0vivienda ubicada en la calle Chacabuco, entre Caseros y R\u00edo Negro, del Barrio Agua de Oro de General Rodr\u00edguez. Ah\u00ed se secuestraron\u00a0medio kilo de clorhidrato de coca\u00edna en envoltorios de papel glas\u00e9,\u00a0gran cantidad de envoltorios de marihuana, una suma importante de billetes de baja denominaci\u00f3n y monedas,\u00a0celulares, municiones de calibre 38 y\u00a0balanza digital.\u00a0Se aprehendieron dos masculinos mayores de edad de nacionalidad paraguaya.<\/p>\n<p>El cuarto allanamiento se realiz\u00f3 en una\u00a0vivienda ubicada en calle Almafuerte al 400, entre Vera y O\u2019Higgins, de General Rodr\u00edguez, Se secuestraron\u00a0una piedra de clorhidrato de coca\u00edna y\u00a0envoltorios de coca\u00edna fraccionada para su comercializaci\u00f3n,\u00a0envoltorios de marihuana,\u00a0revolver calibre 38, marca Smith &amp; Wesson, conteniendo en su interior 03 cartuchos a bala y vainas servidas, una escopeta 12\/70 marca Escort, conteniendo en su interior 06 cartuchos y 07 cartuchos de reposici\u00f3n,\u00a0un\u00a0revolver calibre 38 especial, marca Colt, descargada, con 16 cartuchos a bala y 08 vainas servidas, una importante cantidad en billetes de cien pesos\u00a0($ 100),\u00a0celulares y envoltorios varios, y bolsas de nylon con cierre.\u00a0Aprehendido un masculino, mayor de edad, argentino.<\/p>\n<p>En la investigaci\u00f3n intervienen\u00a0la Unidad Funcional de Instrucci\u00f3n\u00a0 N\u00b0 10 del Departamento Judicial Moreno \u2013 Gral. Rodr\u00edguez, del Dr. Federico Luppi, causa caratulada \u201cDiligencia Judicial Orden de Allanamiento\u201d, por ante el Juez de Garant\u00edas N\u00ba 2 del Departamento Judicial de Moreno \u2013 Gral. Rodr\u00edguez, Dr. Jorge Castro, Secretar\u00eda a\/c de la Dra. Betiana Ver\u00f3nica Guilleron.<\/p>\n<p>&nbsp;<\/p>\n<p>Fuente: Judicial<\/p>\n<p>&nbsp;<\/p>\n","protected":false},"excerpt":{"rendered":"<p>La Delegaci\u00f3n de Mercedes de la Polic\u00eda Federal realiz\u00f3 un procedimiento por infracci\u00f3n a la Ley 23.737 en la localidad &#8230; <a title=\"Polic\u00eda Federal allanan viviendas por drogas\" class=\"read-more\" href=\"https:\/\/www.hoymercedes.com.ar\/principal\/2017\/03\/12\/policia-federal-allanan-viviendas-por-drogas\/\" aria-label=\"Leer m\u00e1s sobre Polic\u00eda Federal allanan viviendas por drogas\">Leer m\u00e1s<\/a><\/p>\n","protected":false},"author":1,"featured_media":60571,"comment_status":"closed","ping_status":"open","sticky":false,"template":"","format":"standard","meta":{"_monsterinsights_skip_tracking":false,"_monsterinsights_sitenote_active":false,"_monsterinsights_sitenote_note":"","_monsterinsights_sitenote_category":0,"jetpack_post_was_ever_published":false,"_jetpack_newsletter_access":"","_jetpack_dont_email_post_to_subs":false,"_jetpack_newsletter_tier_id":0,"_jetpack_memberships_contains_paywalled_content":false,"_jetpack_memberships_contains_paid_content":false,"footnotes":"","jetpack_publicize_message":"","jetpack_publicize_feature_enabled":true,"jetpack_social_post_already_shared":true,"jetpack_social_options":{"image_generator_settings":{"template":"highway","default_image_id":0,"font":"","enabled":false},"version":2},"_wpas_customize_per_network":false},"categories":[85],"tags":[7125,10406,6549,96],"class_list":["post-60574","post","type-post","status-publish","format-standard","has-post-thumbnail","hentry","category-policial","tag-allanamientos","tag-general-rodriguez","tag-policia-federal","tag-policial-2","generate-columns","tablet-grid-50","mobile-grid-100","grid-parent","grid-50"],"jetpack_publicize_connections":[],"jetpack_featured_media_url":"https:\/\/www.hoymercedes.com.ar\/principal\/wp-content\/uploads\/2017\/03\/12-poli-federal.jpg","wps_subtitle":"En General Rodr\u00edguez","jetpack_sharing_enabled":true,"_links":{"self":[{"href":"https:\/\/www.hoymercedes.com.ar\/principal\/wp-json\/wp\/v2\/posts\/60574","targetHints":{"allow":["GET"]}}],"collection":[{"href":"https:\/\/www.hoymercedes.com.ar\/principal\/wp-json\/wp\/v2\/posts"}],"about":[{"href":"https:\/\/www.hoymercedes.com.ar\/principal\/wp-json\/wp\/v2\/types\/post"}],"author":[{"embeddable":true,"href":"https:\/\/www.hoymercedes.com.ar\/principal\/wp-json\/wp\/v2\/users\/1"}],"replies":[{"embeddable":true,"href":"https:\/\/www.hoymercedes.com.ar\/principal\/wp-json\/wp\/v2\/comments?post=60574"}],"version-history":[{"count":0,"href":"https:\/\/www.hoymercedes.com.ar\/principal\/wp-json\/wp\/v2\/posts\/60574\/revisions"}],"wp:featuredmedia":[{"embeddable":true,"href":"https:\/\/www.hoymercedes.com.ar\/principal\/wp-json\/wp\/v2\/media\/60571"}],"wp:attachment":[{"href":"https:\/\/www.hoymercedes.com.ar\/principal\/wp-json\/wp\/v2\/media?parent=60574"}],"wp:term":[{"taxonomy":"category","embeddable":true,"href":"https:\/\/www.hoymercedes.com.ar\/principal\/wp-json\/wp\/v2\/categories?post=60574"},{"taxonomy":"post_tag","embeddable":true,"href":"https:\/\/www.hoymercedes.com.ar\/principal\/wp-json\/wp\/v2\/tags?post=60574"}],"curies":[{"name":"wp","href":"https:\/\/api.w.org\/{rel}","templated":true}]}}