{"id":60584,"date":"2017-03-13T08:37:25","date_gmt":"2017-03-13T11:37:25","guid":{"rendered":"http:\/\/www.hoymercedes.com.ar\/principal\/?p=60584"},"modified":"2017-03-12T16:15:41","modified_gmt":"2017-03-12T19:15:41","slug":"se-abre-inscripcion-a-cursos-de-electricidad-y-mecanica-de-autos-y-motos","status":"publish","type":"post","link":"https:\/\/www.hoymercedes.com.ar\/principal\/2017\/03\/13\/se-abre-inscripcion-a-cursos-de-electricidad-y-mecanica-de-autos-y-motos\/","title":{"rendered":"Se abre inscripci\u00f3n a cursos de Electricidad y Mec\u00e1nica de autos y motos"},"content":{"rendered":"<p>Dos ofertas educativas y con amplia salida laborar se empezar\u00e1n a dictar en las salas del Instituto Unzu\u00e9. Se trata de un taller de electricidad y de un curso de mec\u00e1nica que buscar\u00e1 brindar m\u00e1s herramientas a nuestros j\u00f3venes. Es una propuesta de la Coordinaci\u00f3n de Pol\u00edticas Juveniles y de la Secretar\u00eda de Desarrollo Social de la Municipalidad de Mercedes.<\/p>\n<p><img loading=\"lazy\" decoding=\"async\" data-attachment-id=\"60585\" data-permalink=\"https:\/\/www.hoymercedes.com.ar\/principal\/2017\/03\/13\/se-abre-inscripcion-a-cursos-de-electricidad-y-mecanica-de-autos-y-motos\/12-taller-mecanica\/#main\" data-orig-file=\"https:\/\/www.hoymercedes.com.ar\/principal\/wp-content\/uploads\/2017\/03\/12-taller-mecanica.jpg\" data-orig-size=\"630,445\" data-comments-opened=\"0\" data-image-meta=\"{&quot;aperture&quot;:&quot;0&quot;,&quot;credit&quot;:&quot;&quot;,&quot;camera&quot;:&quot;&quot;,&quot;caption&quot;:&quot;&quot;,&quot;created_timestamp&quot;:&quot;1488882945&quot;,&quot;copyright&quot;:&quot;&quot;,&quot;focal_length&quot;:&quot;0&quot;,&quot;iso&quot;:&quot;0&quot;,&quot;shutter_speed&quot;:&quot;0&quot;,&quot;title&quot;:&quot;&quot;,&quot;orientation&quot;:&quot;1&quot;}\" data-image-title=\"12 taller mecanica\" data-image-description=\"\" data-image-caption=\"\" data-large-file=\"https:\/\/www.hoymercedes.com.ar\/principal\/wp-content\/uploads\/2017\/03\/12-taller-mecanica.jpg\" class=\"aligncenter size-medium wp-image-60585\" src=\"https:\/\/www.hoymercedes.com.ar\/principal\/wp-content\/uploads\/2017\/03\/12-taller-mecanica-630x445.jpg\" alt=\"\" width=\"630\" height=\"445\" srcset=\"https:\/\/www.hoymercedes.com.ar\/principal\/wp-content\/uploads\/2017\/03\/12-taller-mecanica.jpg 630w, https:\/\/www.hoymercedes.com.ar\/principal\/wp-content\/uploads\/2017\/03\/12-taller-mecanica-150x106.jpg 150w, https:\/\/www.hoymercedes.com.ar\/principal\/wp-content\/uploads\/2017\/03\/12-taller-mecanica-140x100.jpg 140w\" sizes=\"auto, (max-width: 630px) 100vw, 630px\" \/><\/p>\n<p>\u201cLas actividades son pensadas para j\u00f3venes de 18 a 25 a\u00f1os de edad y tienen como objetivo brindar herramientas te\u00f3ricas y pr\u00e1cticas para iniciarse en el campo laboral o bien perfeccionar para quien se desempe\u00f1e en ellas\u201d, afirm\u00f3 Eugenia C\u00f3dega, coordinadora de Pol\u00edticas Juveniles.<\/p>\n<p>El curso de mec\u00e1nica para autos y motos contar\u00e1 con certificaci\u00f3n del Centro de Formaci\u00f3n Profesional N\u00b02 al igual que el de electricidad.<\/p>\n<p>Para informarse se invita a acercarse a la Secretar\u00eda de Desarrollo Social, en 47 y 26, de 08.00hs a 15.00hs, en el espacio de Pol\u00edticas Juveniles.<\/p>\n<p><img loading=\"lazy\" decoding=\"async\" data-attachment-id=\"60586\" data-permalink=\"https:\/\/www.hoymercedes.com.ar\/principal\/2017\/03\/13\/se-abre-inscripcion-a-cursos-de-electricidad-y-mecanica-de-autos-y-motos\/12-taller-de-electricidad-1\/#main\" data-orig-file=\"https:\/\/www.hoymercedes.com.ar\/principal\/wp-content\/uploads\/2017\/03\/12-taller-de-electricidad-1.jpg\" data-orig-size=\"630,420\" data-comments-opened=\"0\" data-image-meta=\"{&quot;aperture&quot;:&quot;0&quot;,&quot;credit&quot;:&quot;&quot;,&quot;camera&quot;:&quot;&quot;,&quot;caption&quot;:&quot;&quot;,&quot;created_timestamp&quot;:&quot;1488882945&quot;,&quot;copyright&quot;:&quot;&quot;,&quot;focal_length&quot;:&quot;0&quot;,&quot;iso&quot;:&quot;0&quot;,&quot;shutter_speed&quot;:&quot;0&quot;,&quot;title&quot;:&quot;&quot;,&quot;orientation&quot;:&quot;1&quot;}\" data-image-title=\"12 taller de electricidad 1\" data-image-description=\"\" data-image-caption=\"\" data-large-file=\"https:\/\/www.hoymercedes.com.ar\/principal\/wp-content\/uploads\/2017\/03\/12-taller-de-electricidad-1.jpg\" class=\"aligncenter size-medium wp-image-60586\" src=\"https:\/\/www.hoymercedes.com.ar\/principal\/wp-content\/uploads\/2017\/03\/12-taller-de-electricidad-1-630x420.jpg\" alt=\"\" width=\"630\" height=\"420\" srcset=\"https:\/\/www.hoymercedes.com.ar\/principal\/wp-content\/uploads\/2017\/03\/12-taller-de-electricidad-1.jpg 630w, https:\/\/www.hoymercedes.com.ar\/principal\/wp-content\/uploads\/2017\/03\/12-taller-de-electricidad-1-150x100.jpg 150w, https:\/\/www.hoymercedes.com.ar\/principal\/wp-content\/uploads\/2017\/03\/12-taller-de-electricidad-1-300x200.jpg 300w\" sizes=\"auto, (max-width: 630px) 100vw, 630px\" \/><\/p>\n<p>&nbsp;<\/p>\n","protected":false},"excerpt":{"rendered":"<p>Dos ofertas educativas y con amplia salida laborar se empezar\u00e1n a dictar en las salas del Instituto Unzu\u00e9. Se trata &#8230; <a title=\"Se abre inscripci\u00f3n a cursos de Electricidad y Mec\u00e1nica de autos y motos\" class=\"read-more\" href=\"https:\/\/www.hoymercedes.com.ar\/principal\/2017\/03\/13\/se-abre-inscripcion-a-cursos-de-electricidad-y-mecanica-de-autos-y-motos\/\" aria-label=\"Leer m\u00e1s sobre Se abre inscripci\u00f3n a cursos de Electricidad y Mec\u00e1nica de autos y motos\">Leer m\u00e1s<\/a><\/p>\n","protected":false},"author":1,"featured_media":60587,"comment_status":"closed","ping_status":"open","sticky":false,"template":"","format":"standard","meta":{"_monsterinsights_skip_tracking":false,"_monsterinsights_sitenote_active":false,"_monsterinsights_sitenote_note":"","_monsterinsights_sitenote_category":0,"jetpack_post_was_ever_published":false,"_jetpack_newsletter_access":"","_jetpack_dont_email_post_to_subs":false,"_jetpack_newsletter_tier_id":0,"_jetpack_memberships_contains_paywalled_content":false,"_jetpack_memberships_contains_paid_content":false,"footnotes":"","jetpack_publicize_message":"","jetpack_publicize_feature_enabled":true,"jetpack_social_post_already_shared":true,"jetpack_social_options":{"image_generator_settings":{"template":"highway","default_image_id":0,"font":"","enabled":false},"version":2},"_wpas_customize_per_network":false},"categories":[30],"tags":[244,10726,10030],"class_list":["post-60584","post","type-post","status-publish","format-standard","has-post-thumbnail","hentry","category-municipio","tag-municipio-2","tag-politica-juventud","tag-talleres","generate-columns","tablet-grid-50","mobile-grid-100","grid-parent","grid-50"],"jetpack_publicize_connections":[],"jetpack_featured_media_url":"https:\/\/www.hoymercedes.com.ar\/principal\/wp-content\/uploads\/2017\/03\/12-taller-de-electricidad.jpg","wps_subtitle":"Pol\u00edtica Juvenil","jetpack_sharing_enabled":true,"_links":{"self":[{"href":"https:\/\/www.hoymercedes.com.ar\/principal\/wp-json\/wp\/v2\/posts\/60584","targetHints":{"allow":["GET"]}}],"collection":[{"href":"https:\/\/www.hoymercedes.com.ar\/principal\/wp-json\/wp\/v2\/posts"}],"about":[{"href":"https:\/\/www.hoymercedes.com.ar\/principal\/wp-json\/wp\/v2\/types\/post"}],"author":[{"embeddable":true,"href":"https:\/\/www.hoymercedes.com.ar\/principal\/wp-json\/wp\/v2\/users\/1"}],"replies":[{"embeddable":true,"href":"https:\/\/www.hoymercedes.com.ar\/principal\/wp-json\/wp\/v2\/comments?post=60584"}],"version-history":[{"count":0,"href":"https:\/\/www.hoymercedes.com.ar\/principal\/wp-json\/wp\/v2\/posts\/60584\/revisions"}],"wp:featuredmedia":[{"embeddable":true,"href":"https:\/\/www.hoymercedes.com.ar\/principal\/wp-json\/wp\/v2\/media\/60587"}],"wp:attachment":[{"href":"https:\/\/www.hoymercedes.com.ar\/principal\/wp-json\/wp\/v2\/media?parent=60584"}],"wp:term":[{"taxonomy":"category","embeddable":true,"href":"https:\/\/www.hoymercedes.com.ar\/principal\/wp-json\/wp\/v2\/categories?post=60584"},{"taxonomy":"post_tag","embeddable":true,"href":"https:\/\/www.hoymercedes.com.ar\/principal\/wp-json\/wp\/v2\/tags?post=60584"}],"curies":[{"name":"wp","href":"https:\/\/api.w.org\/{rel}","templated":true}]}}