{"id":60599,"date":"2017-03-12T22:46:38","date_gmt":"2017-03-13T01:46:38","guid":{"rendered":"http:\/\/www.hoymercedes.com.ar\/principal\/?p=60599"},"modified":"2017-03-13T16:06:29","modified_gmt":"2017-03-13T19:06:29","slug":"mercedes-vencio-a-lujan-y-clasifico-primero-en-su-grupo","status":"publish","type":"post","link":"https:\/\/www.hoymercedes.com.ar\/principal\/2017\/03\/12\/mercedes-vencio-a-lujan-y-clasifico-primero-en-su-grupo\/","title":{"rendered":"Mercedes venci\u00f3 a Luj\u00e1n y clasific\u00f3 primero en su grupo"},"content":{"rendered":"<p><strong>Por Gervasio Rocha. Foto: Carlos Brea.<em> Miremos el pasado.\u00a0Mercedes arranc\u00f3 con derrotas consecutivas la fase de grupos de este Federal C. Estaba \u00faltimo, sin puntos, y deb\u00eda viajar a Lujan obligado a ganar para mantenerse a flote en el torneo. Y all\u00ed fue, gan\u00f3, meti\u00f3 seis goles, y encontr\u00f3 a partir de esa victoria, una racha en la que obtuvo diez puntos sobre doce, alcanzando el primer puesto en la tabla que le permite avanzar sin jugar la primera fase de los partidos de ida y vuelta.<\/em><\/strong><\/p>\n<p><img loading=\"lazy\" decoding=\"async\" data-attachment-id=\"60600\" data-permalink=\"https:\/\/www.hoymercedes.com.ar\/principal\/2017\/03\/12\/mercedes-vencio-a-lujan-y-clasifico-primero-en-su-grupo\/img-20170312-wa0026\/#main\" data-orig-file=\"https:\/\/www.hoymercedes.com.ar\/principal\/wp-content\/uploads\/2017\/03\/IMG-20170312-WA0026.jpg\" data-orig-size=\"1280,768\" data-comments-opened=\"0\" data-image-meta=\"{&quot;aperture&quot;:&quot;0&quot;,&quot;credit&quot;:&quot;&quot;,&quot;camera&quot;:&quot;&quot;,&quot;caption&quot;:&quot;&quot;,&quot;created_timestamp&quot;:&quot;0&quot;,&quot;copyright&quot;:&quot;&quot;,&quot;focal_length&quot;:&quot;0&quot;,&quot;iso&quot;:&quot;0&quot;,&quot;shutter_speed&quot;:&quot;0&quot;,&quot;title&quot;:&quot;&quot;,&quot;orientation&quot;:&quot;0&quot;}\" data-image-title=\"IMG-20170312-WA0026\" data-image-description=\"\" data-image-caption=\"\" data-large-file=\"https:\/\/www.hoymercedes.com.ar\/principal\/wp-content\/uploads\/2017\/03\/IMG-20170312-WA0026-1024x614.jpg\" class=\"aligncenter size-medium wp-image-60600\" src=\"https:\/\/www.hoymercedes.com.ar\/principal\/wp-content\/uploads\/2017\/03\/IMG-20170312-WA0026-630x378.jpg\" alt=\"\" width=\"630\" height=\"378\" srcset=\"https:\/\/www.hoymercedes.com.ar\/principal\/wp-content\/uploads\/2017\/03\/IMG-20170312-WA0026-630x378.jpg 630w, https:\/\/www.hoymercedes.com.ar\/principal\/wp-content\/uploads\/2017\/03\/IMG-20170312-WA0026-150x90.jpg 150w, https:\/\/www.hoymercedes.com.ar\/principal\/wp-content\/uploads\/2017\/03\/IMG-20170312-WA0026-1024x614.jpg 1024w, https:\/\/www.hoymercedes.com.ar\/principal\/wp-content\/uploads\/2017\/03\/IMG-20170312-WA0026.jpg 1280w\" sizes=\"auto, (max-width: 630px) 100vw, 630px\" \/><\/p>\n<p>Miremos el presente.\u00a0Le gan\u00f3 a Lujan por una diferencia que pudo y debi\u00f3 haber sido mayor, consolidando un buen bloque defensivo en el que sobresale n\u00edtidamente Gatti, afirmado como l\u00edder en ese sector del campo.\u00a0 Tuvo un mediocampo de buena producci\u00f3n a pesar de no haber estado Rom\u00e1n D\u00edaz en su mejor tarde, pero compensado en el despliegue de Barrientos, Contardi y Parra. Y tuvo en ofensiva un desequilibrante Lawler, que le dio el gol de la victoria con una brillante definici\u00f3n rasante entrando por el medio del \u00e1rea ante la salida del arquero. Sufri\u00f3 innecesariamente por algunas fallas propias que propiciaron jugadas de riesgo de Lujan, que, de todos modos, no le alcanzaron al visitante para lograr la igualdad.<\/p>\n<p>Miremos el futuro. \u00bfSigue Lawler? Si no fuera as\u00ed, tiene en esa eventual ausencia el foco de mayor preocupaci\u00f3n. Porque tanto Rivas como V\u00e1zquez est\u00e1n para el juego interior, entre los centrales, pero sin esa explosi\u00f3n para generar riesgos en los \u00faltimos veinte metros de la cancha. Franco Gatti, que entr\u00f3 y fue de menor a mayor, no se muestra a\u00fan con credenciales como para aspirar a una titularidad indiscutida. Y no mucho m\u00e1s. Si el delantero suipachense permanece hasta el final del torneo, Mercedes puede dar batalla en b\u00fasqueda del sue\u00f1o del ascenso al Federal B. El mismo sue\u00f1o que convoca a sus hinchas, encargados de haberle dado a la hermosa tarde del domingo un colorido y una pasi\u00f3n que merece el premio final.<\/p>\n<p><img loading=\"lazy\" decoding=\"async\" data-attachment-id=\"60601\" data-permalink=\"https:\/\/www.hoymercedes.com.ar\/principal\/2017\/03\/12\/mercedes-vencio-a-lujan-y-clasifico-primero-en-su-grupo\/img-20170312-wa0028\/#main\" data-orig-file=\"https:\/\/www.hoymercedes.com.ar\/principal\/wp-content\/uploads\/2017\/03\/IMG-20170312-WA0028.jpg\" data-orig-size=\"1280,768\" data-comments-opened=\"0\" data-image-meta=\"{&quot;aperture&quot;:&quot;0&quot;,&quot;credit&quot;:&quot;&quot;,&quot;camera&quot;:&quot;&quot;,&quot;caption&quot;:&quot;&quot;,&quot;created_timestamp&quot;:&quot;0&quot;,&quot;copyright&quot;:&quot;&quot;,&quot;focal_length&quot;:&quot;0&quot;,&quot;iso&quot;:&quot;0&quot;,&quot;shutter_speed&quot;:&quot;0&quot;,&quot;title&quot;:&quot;&quot;,&quot;orientation&quot;:&quot;0&quot;}\" data-image-title=\"IMG-20170312-WA0028\" data-image-description=\"\" data-image-caption=\"\" data-large-file=\"https:\/\/www.hoymercedes.com.ar\/principal\/wp-content\/uploads\/2017\/03\/IMG-20170312-WA0028-1024x614.jpg\" class=\"aligncenter size-medium wp-image-60601\" src=\"https:\/\/www.hoymercedes.com.ar\/principal\/wp-content\/uploads\/2017\/03\/IMG-20170312-WA0028-630x378.jpg\" alt=\"\" width=\"630\" height=\"378\" srcset=\"https:\/\/www.hoymercedes.com.ar\/principal\/wp-content\/uploads\/2017\/03\/IMG-20170312-WA0028-630x378.jpg 630w, https:\/\/www.hoymercedes.com.ar\/principal\/wp-content\/uploads\/2017\/03\/IMG-20170312-WA0028-150x90.jpg 150w, https:\/\/www.hoymercedes.com.ar\/principal\/wp-content\/uploads\/2017\/03\/IMG-20170312-WA0028-1024x614.jpg 1024w, https:\/\/www.hoymercedes.com.ar\/principal\/wp-content\/uploads\/2017\/03\/IMG-20170312-WA0028.jpg 1280w\" sizes=\"auto, (max-width: 630px) 100vw, 630px\" \/><\/p>\n<p><img loading=\"lazy\" decoding=\"async\" data-attachment-id=\"60603\" data-permalink=\"https:\/\/www.hoymercedes.com.ar\/principal\/2017\/03\/12\/mercedes-vencio-a-lujan-y-clasifico-primero-en-su-grupo\/federacion-norte-2\/#main\" data-orig-file=\"https:\/\/www.hoymercedes.com.ar\/principal\/wp-content\/uploads\/2017\/03\/Federacion-Norte-1.png\" data-orig-size=\"471,140\" data-comments-opened=\"0\" data-image-meta=\"{&quot;aperture&quot;:&quot;0&quot;,&quot;credit&quot;:&quot;&quot;,&quot;camera&quot;:&quot;&quot;,&quot;caption&quot;:&quot;&quot;,&quot;created_timestamp&quot;:&quot;0&quot;,&quot;copyright&quot;:&quot;&quot;,&quot;focal_length&quot;:&quot;0&quot;,&quot;iso&quot;:&quot;0&quot;,&quot;shutter_speed&quot;:&quot;0&quot;,&quot;title&quot;:&quot;&quot;,&quot;orientation&quot;:&quot;0&quot;}\" data-image-title=\"Federacion Norte\" data-image-description=\"\" data-image-caption=\"\" data-large-file=\"https:\/\/www.hoymercedes.com.ar\/principal\/wp-content\/uploads\/2017\/03\/Federacion-Norte-1.png\" class=\"aligncenter size-full wp-image-60603\" src=\"https:\/\/www.hoymercedes.com.ar\/principal\/wp-content\/uploads\/2017\/03\/Federacion-Norte-1.png\" alt=\"\" width=\"471\" height=\"140\" srcset=\"https:\/\/www.hoymercedes.com.ar\/principal\/wp-content\/uploads\/2017\/03\/Federacion-Norte-1.png 471w, https:\/\/www.hoymercedes.com.ar\/principal\/wp-content\/uploads\/2017\/03\/Federacion-Norte-1-150x45.png 150w\" sizes=\"auto, (max-width: 471px) 100vw, 471px\" \/><\/p>\n<p>&nbsp;<\/p>\n","protected":false},"excerpt":{"rendered":"<p>Por Gervasio Rocha. Foto: Carlos Brea. Miremos el pasado.\u00a0Mercedes arranc\u00f3 con derrotas consecutivas la fase de grupos de este Federal &#8230; <a title=\"Mercedes venci\u00f3 a Luj\u00e1n y clasific\u00f3 primero en su grupo\" class=\"read-more\" href=\"https:\/\/www.hoymercedes.com.ar\/principal\/2017\/03\/12\/mercedes-vencio-a-lujan-y-clasifico-primero-en-su-grupo\/\" aria-label=\"Leer m\u00e1s sobre Mercedes venci\u00f3 a Luj\u00e1n y clasific\u00f3 primero en su grupo\">Leer m\u00e1s<\/a><\/p>\n","protected":false},"author":1,"featured_media":60600,"comment_status":"closed","ping_status":"open","sticky":false,"template":"","format":"standard","meta":{"_monsterinsights_skip_tracking":false,"_monsterinsights_sitenote_active":false,"_monsterinsights_sitenote_note":"","_monsterinsights_sitenote_category":0,"jetpack_post_was_ever_published":false,"_jetpack_newsletter_access":"","_jetpack_dont_email_post_to_subs":true,"_jetpack_newsletter_tier_id":0,"_jetpack_memberships_contains_paywalled_content":false,"_jetpack_memberships_contains_paid_content":false,"footnotes":"","jetpack_publicize_message":"","jetpack_publicize_feature_enabled":true,"jetpack_social_post_already_shared":true,"jetpack_social_options":{"image_generator_settings":{"template":"highway","default_image_id":0,"font":"","enabled":false},"version":2},"_wpas_customize_per_network":false},"categories":[21],"tags":[122,204,8412,1003],"class_list":["post-60599","post","type-post","status-publish","format-standard","has-post-thumbnail","hentry","category-deportes","tag-club-mercedes","tag-deportes-2","tag-federal-c","tag-futbol","generate-columns","tablet-grid-50","mobile-grid-100","grid-parent","grid-50"],"jetpack_publicize_connections":[],"jetpack_featured_media_url":"https:\/\/www.hoymercedes.com.ar\/principal\/wp-content\/uploads\/2017\/03\/IMG-20170312-WA0026.jpg","wps_subtitle":"Federal C","jetpack_sharing_enabled":true,"_links":{"self":[{"href":"https:\/\/www.hoymercedes.com.ar\/principal\/wp-json\/wp\/v2\/posts\/60599","targetHints":{"allow":["GET"]}}],"collection":[{"href":"https:\/\/www.hoymercedes.com.ar\/principal\/wp-json\/wp\/v2\/posts"}],"about":[{"href":"https:\/\/www.hoymercedes.com.ar\/principal\/wp-json\/wp\/v2\/types\/post"}],"author":[{"embeddable":true,"href":"https:\/\/www.hoymercedes.com.ar\/principal\/wp-json\/wp\/v2\/users\/1"}],"replies":[{"embeddable":true,"href":"https:\/\/www.hoymercedes.com.ar\/principal\/wp-json\/wp\/v2\/comments?post=60599"}],"version-history":[{"count":0,"href":"https:\/\/www.hoymercedes.com.ar\/principal\/wp-json\/wp\/v2\/posts\/60599\/revisions"}],"wp:featuredmedia":[{"embeddable":true,"href":"https:\/\/www.hoymercedes.com.ar\/principal\/wp-json\/wp\/v2\/media\/60600"}],"wp:attachment":[{"href":"https:\/\/www.hoymercedes.com.ar\/principal\/wp-json\/wp\/v2\/media?parent=60599"}],"wp:term":[{"taxonomy":"category","embeddable":true,"href":"https:\/\/www.hoymercedes.com.ar\/principal\/wp-json\/wp\/v2\/categories?post=60599"},{"taxonomy":"post_tag","embeddable":true,"href":"https:\/\/www.hoymercedes.com.ar\/principal\/wp-json\/wp\/v2\/tags?post=60599"}],"curies":[{"name":"wp","href":"https:\/\/api.w.org\/{rel}","templated":true}]}}