{"id":60605,"date":"2017-03-12T23:17:52","date_gmt":"2017-03-13T02:17:52","guid":{"rendered":"http:\/\/www.hoymercedes.com.ar\/principal\/?p=60605"},"modified":"2017-03-13T16:06:04","modified_gmt":"2017-03-13T19:06:04","slug":"trocha-goleo-de-visitante-y-clasifico-a-octavos","status":"publish","type":"post","link":"https:\/\/www.hoymercedes.com.ar\/principal\/2017\/03\/12\/trocha-goleo-de-visitante-y-clasifico-a-octavos\/","title":{"rendered":"Trocha gole\u00f3 de visitante y clasific\u00f3 a octavos"},"content":{"rendered":"<p><em><strong>Mucha alternativa no ten\u00eda. Trocha lleg\u00f3 a Las Heras con la misi\u00f3n de ganar, sin importar cu\u00e1nto, para poder clasificar, y sin la necesidad de escuchar el minuto a minuto del partido que jugaban Mercedes y Luj\u00e1n para poder pasar de ronda. Imperaba conseguir los tres puntos y lo hizo con contundencia e inteligencia. Venci\u00f3 a San Miguel por 3 a 0, que otra vez, ante su gente y en la \u00faltima fecha, se volvi\u00f3 a quedar afuera en zona de grupos.<\/strong><\/em><\/p>\n<p><img loading=\"lazy\" decoding=\"async\" data-attachment-id=\"60603\" data-permalink=\"https:\/\/www.hoymercedes.com.ar\/principal\/2017\/03\/12\/mercedes-vencio-a-lujan-y-clasifico-primero-en-su-grupo\/federacion-norte-2\/#main\" data-orig-file=\"https:\/\/www.hoymercedes.com.ar\/principal\/wp-content\/uploads\/2017\/03\/Federacion-Norte-1.png\" data-orig-size=\"471,140\" data-comments-opened=\"0\" data-image-meta=\"{&quot;aperture&quot;:&quot;0&quot;,&quot;credit&quot;:&quot;&quot;,&quot;camera&quot;:&quot;&quot;,&quot;caption&quot;:&quot;&quot;,&quot;created_timestamp&quot;:&quot;0&quot;,&quot;copyright&quot;:&quot;&quot;,&quot;focal_length&quot;:&quot;0&quot;,&quot;iso&quot;:&quot;0&quot;,&quot;shutter_speed&quot;:&quot;0&quot;,&quot;title&quot;:&quot;&quot;,&quot;orientation&quot;:&quot;0&quot;}\" data-image-title=\"Federacion Norte\" data-image-description=\"\" data-image-caption=\"\" data-large-file=\"https:\/\/www.hoymercedes.com.ar\/principal\/wp-content\/uploads\/2017\/03\/Federacion-Norte-1.png\" class=\"aligncenter size-full wp-image-60603\" src=\"https:\/\/www.hoymercedes.com.ar\/principal\/wp-content\/uploads\/2017\/03\/Federacion-Norte-1.png\" alt=\"\" width=\"471\" height=\"140\" srcset=\"https:\/\/www.hoymercedes.com.ar\/principal\/wp-content\/uploads\/2017\/03\/Federacion-Norte-1.png 471w, https:\/\/www.hoymercedes.com.ar\/principal\/wp-content\/uploads\/2017\/03\/Federacion-Norte-1-150x45.png 150w\" sizes=\"auto, (max-width: 471px) 100vw, 471px\" \/><\/p>\n<p>La vuelta de Lucas Falcone al cuadro de la carbonilla, que jug\u00f3 con la misma camiseta que lo hizo el a\u00f1o pasado y que le trajo la alegr\u00eda de la clasificaci\u00f3n, fue fundamental, porque manej\u00f3 los hilos del equipo en el primer tiempo y luego supo replegarse en el segundo para terminar siendo un central m\u00e1s por momentos.<\/p>\n<p>A Trocha, que ven\u00eda con una sequ\u00eda de dos partidos y sin contundencia a la hora de marcar, la historia le fue a favor, porque a atac\u00f3 mucho y convirti\u00f3. El primer gol del partido lleg\u00f3 a los seis minutos a trav\u00e9s de Benavidez tras un centro de Rizzo. El 1 a 0 tranqulizaba, pero ten\u00eda la obligaci\u00f3n de marcar el gol de la tranquilidad y los fantasmas empezaban a sobrevolar, porque Benav\u00eddez, M\u00f3dolo y Paniagua erraron tres contras consecutivas tirando la pelota por arriba del travesa\u00f1o.<\/p>\n<p>El local, carente de f\u00fatbol, tuvo una mala tarde. Sin Santiago Vizzio, su m\u00e1xima figura, no encontr\u00f3 reemplazo para un jugador que es el ataque del equipo y Accotardo, Andrich y Brito no tuvieron suficiente peso ofensivo. El gol de la tranquilidad lleg\u00f3 luego de un corner local, que la defensa mercedina sac\u00f3 bien. La pelota le qued\u00f3 a Rizzo, que empez\u00f3 a superar rivales por el medio de la cancha y en la \u00faltima puntada, la tir\u00f3 demasiado larga, remat\u00f3, pero Peralta evit\u00f3 el gol dando un rebote dentro del \u00e1rea que Falcone, m\u00e1s vivo que el resto, y con una larga corrida, termin\u00f3 metiendo en el arco cuando iban 45 del primer tiempo.<\/p>\n<p>En el segundo, San Miguel sali\u00f3 a llevarse puesto a un Trocha bien parado en defensa. El local termin\u00f3 con cuatro delanteros y Trocha, sin estar muy retrasado, se defendi\u00f3 con inteligencia y cuando pod\u00eda, sal\u00eda de contra. El marr\u00f3n no tuvo, a pesar de ir al ataque, situaciones de peligro porque se ahog\u00f3 en centros que terminaban en las manos de Ronsoni. El desahogo lleg\u00f3 cuando se jugaban 49 minutos y Paniagua remataba ante la salida del arquero para el 3 a 0 final.<\/p>\n<p>Ahora llegar\u00e1 la etapa de octavos de final, que se jugar\u00e1 dentro de dos semanas, ya que el Consejo Federal en los pr\u00f3ximos d\u00edas armar\u00e1 los cruces. Trocha clasific\u00f3 segundo, habiendo empezado cuarto la \u00faltima fecha de la zona. Jugar\u00e1 frente a otro segundo o quiz\u00e1s ante uno de los dos mejores terceros.<\/p>\n<p><strong>San Miguel 0:<\/strong> Germ\u00e1n Peralta, Francisco Matute, Rodrigo Tomasco, Gabriel Coronel y Diego Alzamendi; Facundo Arricau, Mariano Redondo, Guido Saiz y V\u00edctor Brito; Lucas Accotardo y Lucas Andrich. <strong>DT:<\/strong> Carlos P\u00e9ola. <strong>Relevos:<\/strong> Federico Lucentini y Mat\u00edas Galli.<\/p>\n<p><strong>Trocha 3:<\/strong> Nicol\u00e1s Ronsoni, Hern\u00e1n Bruno, Gerardo Landa, Fabricio Paganini; Facundo M\u00f3dolo, Marcelo Gonz\u00e1lez, Lucas Falcone y Juan Rizzo; Hugo Paniagua; Axel Reyne y Marcos Benavidez. <strong>DT:<\/strong> Mat\u00edas M\u00f3dolo. <strong>Relevos:<\/strong> Nahuel Avenda\u00f1o y Luis Ferreyra.<\/p>\n<p><strong>Goles:<\/strong> A los 6pt, Benavidez, a los 45pt Falcone y a los 49st Paniagua para Trocha<\/p>\n<p><strong>Cambios:<\/strong> Jonathan Pereyra, Mariano C\u00e1nchero y Jorge Olivera por Redondo, Alzamendi y Saiz en San Miguel. Joel Frutos, Sergio Joel y Braian Ferreira por M\u00f3dolo, Rizzo y Benavidez en Trocha.<\/p>\n<p><strong>Amonestados:<\/strong> Tomasco en San Miguel. Ronsoni, Landa y Rizzo en Trocha.<\/p>\n<p><strong>\u00c1rbitro:<\/strong> Bruno Amiconi. <strong>Asistentes:<\/strong> Dardo Reynoso y Guillermo Cisneros (Liga de 25 de Mayo)<\/p>\n<p><strong>Cancha:<\/strong> Ra\u00fal Salvucci (San Miguel &#8211; Las Heras)<\/p>\n","protected":false},"excerpt":{"rendered":"<p>Mucha alternativa no ten\u00eda. Trocha lleg\u00f3 a Las Heras con la misi\u00f3n de ganar, sin importar cu\u00e1nto, para poder clasificar, &#8230; <a title=\"Trocha gole\u00f3 de visitante y clasific\u00f3 a octavos\" class=\"read-more\" href=\"https:\/\/www.hoymercedes.com.ar\/principal\/2017\/03\/12\/trocha-goleo-de-visitante-y-clasifico-a-octavos\/\" aria-label=\"Leer m\u00e1s sobre Trocha gole\u00f3 de visitante y clasific\u00f3 a octavos\">Leer m\u00e1s<\/a><\/p>\n","protected":false},"author":1,"featured_media":60603,"comment_status":"closed","ping_status":"open","sticky":false,"template":"","format":"standard","meta":{"_monsterinsights_skip_tracking":false,"_monsterinsights_sitenote_active":false,"_monsterinsights_sitenote_note":"","_monsterinsights_sitenote_category":0,"jetpack_post_was_ever_published":false,"_jetpack_newsletter_access":"","_jetpack_dont_email_post_to_subs":true,"_jetpack_newsletter_tier_id":0,"_jetpack_memberships_contains_paywalled_content":false,"_jetpack_memberships_contains_paid_content":false,"footnotes":"","jetpack_publicize_message":"","jetpack_publicize_feature_enabled":true,"jetpack_social_post_already_shared":true,"jetpack_social_options":{"image_generator_settings":{"template":"highway","default_image_id":0,"font":"","enabled":false},"version":2},"_wpas_customize_per_network":false},"categories":[21],"tags":[204,8412,1003,1379],"class_list":["post-60605","post","type-post","status-publish","format-standard","has-post-thumbnail","hentry","category-deportes","tag-deportes-2","tag-federal-c","tag-futbol","tag-trocha","generate-columns","tablet-grid-50","mobile-grid-100","grid-parent","grid-50"],"jetpack_publicize_connections":[],"jetpack_featured_media_url":"https:\/\/www.hoymercedes.com.ar\/principal\/wp-content\/uploads\/2017\/03\/Federacion-Norte-1.png","wps_subtitle":"Federal C","jetpack_sharing_enabled":true,"_links":{"self":[{"href":"https:\/\/www.hoymercedes.com.ar\/principal\/wp-json\/wp\/v2\/posts\/60605","targetHints":{"allow":["GET"]}}],"collection":[{"href":"https:\/\/www.hoymercedes.com.ar\/principal\/wp-json\/wp\/v2\/posts"}],"about":[{"href":"https:\/\/www.hoymercedes.com.ar\/principal\/wp-json\/wp\/v2\/types\/post"}],"author":[{"embeddable":true,"href":"https:\/\/www.hoymercedes.com.ar\/principal\/wp-json\/wp\/v2\/users\/1"}],"replies":[{"embeddable":true,"href":"https:\/\/www.hoymercedes.com.ar\/principal\/wp-json\/wp\/v2\/comments?post=60605"}],"version-history":[{"count":0,"href":"https:\/\/www.hoymercedes.com.ar\/principal\/wp-json\/wp\/v2\/posts\/60605\/revisions"}],"wp:featuredmedia":[{"embeddable":true,"href":"https:\/\/www.hoymercedes.com.ar\/principal\/wp-json\/wp\/v2\/media\/60603"}],"wp:attachment":[{"href":"https:\/\/www.hoymercedes.com.ar\/principal\/wp-json\/wp\/v2\/media?parent=60605"}],"wp:term":[{"taxonomy":"category","embeddable":true,"href":"https:\/\/www.hoymercedes.com.ar\/principal\/wp-json\/wp\/v2\/categories?post=60605"},{"taxonomy":"post_tag","embeddable":true,"href":"https:\/\/www.hoymercedes.com.ar\/principal\/wp-json\/wp\/v2\/tags?post=60605"}],"curies":[{"name":"wp","href":"https:\/\/api.w.org\/{rel}","templated":true}]}}