{"id":60627,"date":"2017-03-13T17:07:47","date_gmt":"2017-03-13T20:07:47","guid":{"rendered":"http:\/\/www.hoymercedes.com.ar\/principal\/?p=60627"},"modified":"2017-03-13T17:07:47","modified_gmt":"2017-03-13T20:07:47","slug":"asumio-el-pref-mayor-eg-mendez-como-director-de-la-unidad-5","status":"publish","type":"post","link":"https:\/\/www.hoymercedes.com.ar\/principal\/2017\/03\/13\/asumio-el-pref-mayor-eg-mendez-como-director-de-la-unidad-5\/","title":{"rendered":"Asumi\u00f3 el Pref. Mayor (EG) M\u00e9ndez como Director de la Unidad 5"},"content":{"rendered":"<p>Promediando la ma\u00f1ana de este lunes 13 de marzo, en la Unidad Penitenciaria N\u00ba 5 se llev\u00f3 adelante la ceremonia de asunci\u00f3n del nuevo Director. El Prefecto Mayor (E.G.) Ricardo M\u00e9ndez remplaza al\u00a0Prefecto Adolfo Cers\u00f3simo luego de\u00a014 meses en dicho cargo.<\/p>\n<p><img loading=\"lazy\" decoding=\"async\" data-attachment-id=\"60630\" data-permalink=\"https:\/\/www.hoymercedes.com.ar\/principal\/2017\/03\/13\/asumio-el-pref-mayor-eg-mendez-como-director-de-la-unidad-5\/13-director-carcel\/#main\" data-orig-file=\"https:\/\/www.hoymercedes.com.ar\/principal\/wp-content\/uploads\/2017\/03\/13-director-carcel.jpg\" data-orig-size=\"630,420\" data-comments-opened=\"0\" data-image-meta=\"{&quot;aperture&quot;:&quot;0&quot;,&quot;credit&quot;:&quot;&quot;,&quot;camera&quot;:&quot;&quot;,&quot;caption&quot;:&quot;&quot;,&quot;created_timestamp&quot;:&quot;0&quot;,&quot;copyright&quot;:&quot;&quot;,&quot;focal_length&quot;:&quot;0&quot;,&quot;iso&quot;:&quot;0&quot;,&quot;shutter_speed&quot;:&quot;0&quot;,&quot;title&quot;:&quot;&quot;,&quot;orientation&quot;:&quot;0&quot;}\" data-image-title=\"13 director carcel\" data-image-description=\"\" data-image-caption=\"\" data-large-file=\"https:\/\/www.hoymercedes.com.ar\/principal\/wp-content\/uploads\/2017\/03\/13-director-carcel.jpg\" class=\"aligncenter size-medium wp-image-60630\" src=\"https:\/\/www.hoymercedes.com.ar\/principal\/wp-content\/uploads\/2017\/03\/13-director-carcel-630x420.jpg\" alt=\"\" width=\"630\" height=\"420\" srcset=\"https:\/\/www.hoymercedes.com.ar\/principal\/wp-content\/uploads\/2017\/03\/13-director-carcel.jpg 630w, https:\/\/www.hoymercedes.com.ar\/principal\/wp-content\/uploads\/2017\/03\/13-director-carcel-150x100.jpg 150w, https:\/\/www.hoymercedes.com.ar\/principal\/wp-content\/uploads\/2017\/03\/13-director-carcel-300x200.jpg 300w\" sizes=\"auto, (max-width: 630px) 100vw, 630px\" \/><\/p>\n<p>Presidio el acto el Sudirector General de Seguridad Inspector General, \u00a0Alejandro Sorof acompa\u00f1ado por el Jefe de Complejo Penitenciario Norte Prefecto Mayor\u00a0 Ram\u00f3n Mart\u00ednez, personal del Complejo Norte y de la Unidad Penitenciaria N\u00ba 5, la asunci\u00f3n del nuevo Director se hizo por Resoluci\u00f3n N\u00ba 1398 de fecha 7 de marzo de 2017, firmada por el Subsecretario de Pol\u00edtica Penitenciaria Doctor Juan Jos\u00e9 Baric.<\/p>\n<p>En dicha resoluci\u00f3n se dispuso la fecha de la ceremonia y el inicio de funciones del\u00a0nuevo director\u00a0 de la Unidad Penitenciaria N\u00aa 5\u00a0 al Prefecto Mayor Ricardo Mendez, quien realiz\u00f3 gran parte de su carrera en esta dependencia, viniendo de la Unidad Penitenciaria N\u00ba 19 de Saavedra.<\/p>\n<p>En su saludo al personal, M\u00e9ndez, se mostr\u00f3 agradecido por la nueva designaci\u00f3n y por el cari\u00f1o que le tiene a la c\u00e1rcel local.<\/p>\n<p>Por su parte, Cers\u00f3simo, que se desempe\u00f1\u00f3 hasta la fecha, se despidi\u00f3 agradeciendo a todo el personal de la unidad, \u00abpor el trabajo en conjunto que hicimos\u00bb, \u00ablos logros obtenidos no hubieran sido posible sin el esfuerzo y el trabajo en equipo\u00bb. \u00abTambi\u00e9n creo en la apertura que hicimos hacia la comunidad en pos de la re inmersi\u00f3n de los detenidos, que de manera favorable se logra la disminuci\u00f3n de la violencia en la c\u00e1rcel\u201d, agreg\u00f3.<\/p>\n<p>&nbsp;<\/p>\n<p>Fuente: Prensa Unidad 5<\/p>\n","protected":false},"excerpt":{"rendered":"<p>Promediando la ma\u00f1ana de este lunes 13 de marzo, en la Unidad Penitenciaria N\u00ba 5 se llev\u00f3 adelante la ceremonia &#8230; <a title=\"Asumi\u00f3 el Pref. Mayor (EG) M\u00e9ndez como Director de la Unidad 5\" class=\"read-more\" href=\"https:\/\/www.hoymercedes.com.ar\/principal\/2017\/03\/13\/asumio-el-pref-mayor-eg-mendez-como-director-de-la-unidad-5\/\" aria-label=\"Leer m\u00e1s sobre Asumi\u00f3 el Pref. Mayor (EG) M\u00e9ndez como Director de la Unidad 5\">Leer m\u00e1s<\/a><\/p>\n","protected":false},"author":1,"featured_media":60629,"comment_status":"closed","ping_status":"open","sticky":false,"template":"","format":"standard","meta":{"_monsterinsights_skip_tracking":false,"_monsterinsights_sitenote_active":false,"_monsterinsights_sitenote_note":"","_monsterinsights_sitenote_category":0,"jetpack_post_was_ever_published":false,"_jetpack_newsletter_access":"","_jetpack_dont_email_post_to_subs":false,"_jetpack_newsletter_tier_id":0,"_jetpack_memberships_contains_paywalled_content":false,"_jetpack_memberships_contains_paid_content":false,"footnotes":"","jetpack_publicize_message":"","jetpack_publicize_feature_enabled":true,"jetpack_social_post_already_shared":true,"jetpack_social_options":{"image_generator_settings":{"template":"highway","default_image_id":0,"font":"","enabled":false},"version":2},"_wpas_customize_per_network":false},"categories":[8],"tags":[1011,10730,10731,113],"class_list":["post-60627","post","type-post","status-publish","format-standard","has-post-thumbnail","hentry","category-sociedad","tag-carcel","tag-director","tag-ricardo-mendez","tag-unidad-5","generate-columns","tablet-grid-50","mobile-grid-100","grid-parent","grid-50"],"jetpack_publicize_connections":[],"jetpack_featured_media_url":"https:\/\/www.hoymercedes.com.ar\/principal\/wp-content\/uploads\/2017\/03\/13-director-carcel-1.jpg","wps_subtitle":"Nuevas autoridades en la c\u00e1rcel","jetpack_sharing_enabled":true,"_links":{"self":[{"href":"https:\/\/www.hoymercedes.com.ar\/principal\/wp-json\/wp\/v2\/posts\/60627","targetHints":{"allow":["GET"]}}],"collection":[{"href":"https:\/\/www.hoymercedes.com.ar\/principal\/wp-json\/wp\/v2\/posts"}],"about":[{"href":"https:\/\/www.hoymercedes.com.ar\/principal\/wp-json\/wp\/v2\/types\/post"}],"author":[{"embeddable":true,"href":"https:\/\/www.hoymercedes.com.ar\/principal\/wp-json\/wp\/v2\/users\/1"}],"replies":[{"embeddable":true,"href":"https:\/\/www.hoymercedes.com.ar\/principal\/wp-json\/wp\/v2\/comments?post=60627"}],"version-history":[{"count":0,"href":"https:\/\/www.hoymercedes.com.ar\/principal\/wp-json\/wp\/v2\/posts\/60627\/revisions"}],"wp:featuredmedia":[{"embeddable":true,"href":"https:\/\/www.hoymercedes.com.ar\/principal\/wp-json\/wp\/v2\/media\/60629"}],"wp:attachment":[{"href":"https:\/\/www.hoymercedes.com.ar\/principal\/wp-json\/wp\/v2\/media?parent=60627"}],"wp:term":[{"taxonomy":"category","embeddable":true,"href":"https:\/\/www.hoymercedes.com.ar\/principal\/wp-json\/wp\/v2\/categories?post=60627"},{"taxonomy":"post_tag","embeddable":true,"href":"https:\/\/www.hoymercedes.com.ar\/principal\/wp-json\/wp\/v2\/tags?post=60627"}],"curies":[{"name":"wp","href":"https:\/\/api.w.org\/{rel}","templated":true}]}}