{"id":60632,"date":"2017-03-13T19:14:00","date_gmt":"2017-03-13T22:14:00","guid":{"rendered":"http:\/\/www.hoymercedes.com.ar\/principal\/?p=60632"},"modified":"2017-03-13T17:33:04","modified_gmt":"2017-03-13T20:33:04","slug":"desarrollo-social-entrega-guardapolvos-y-utiles-escolares","status":"publish","type":"post","link":"https:\/\/www.hoymercedes.com.ar\/principal\/2017\/03\/13\/desarrollo-social-entrega-guardapolvos-y-utiles-escolares\/","title":{"rendered":"Desarrollo Social entrega guardapolvos y \u00fatiles escolares"},"content":{"rendered":"<p>Tras la decisi\u00f3n del intendente Juan Ignacio Ustarroz se llev\u00f3 a cabo la adquisici\u00f3n de m\u00e1s 2000\u00a0guardapolvos y kits escolares completos para que una importante cantidad de familias y ni\u00f1os tengan un inicio de clases en igualdad de condiciones y oportunidades. Tambi\u00e9n se realiz\u00f3 un aporte para los empleados municipales con hijos en edad escolar.<\/p>\n<p>En diciembre la Secretar\u00eda de Desarrollo Social a cargo de Jorgelina Silva inici\u00f3 la planificaci\u00f3n de lo que es el apoyo escolar para las familias mercedinas. \u201cFue un proceso largo, pero, bien realizado dado que no se compr\u00f3 porque si, sino que se efectuaron tres licitaciones donde adquirimos lo que realmente las familias necesitaban, con talles, color y medidas, para que ning\u00fan ni\u00f1o use lo que no le corresponde\u201d afirm\u00f3 la funcionaria y destac\u00f3 que \u201ces grato ver que los chicos, tanto de jard\u00edn como de primaria, usen guardapolvos a medida con kits nuevos\u201d.<\/p>\n<p>\u201cSe hizo un convocatoria abierta, clara, donde las familias se acercaron a Desarrollo Social que debi\u00f3 luego ampliar lo proyectado para comprar en dos ocasiones m\u00e1s. Esto tambi\u00e9n muestra la creciente necesidad y crisis social en que nos estamos encaminando. Cada vez hay m\u00e1s requerimientos y solicitudes de apoyo y por supuesto que desde nuestro rol de Estado Municipal decimos presentes\u201d, coment\u00f3 el primer mandatario municipal.<\/p>\n<p>\u201cSon m\u00e1s de dos mil kits escolares, con todo lo necesario, se realiz\u00f3 previamente una inscripci\u00f3n y relevamiento donde se solicit\u00f3 a cada familia no s\u00f3lo la documentaci\u00f3n correspondiente, sino que se verific\u00f3 la real necesidad. Ahora se lanza tambi\u00e9n un plan de otorgamiento con fechas, lugares y atenci\u00f3n personalizada. Todo lo adquirido fue a instancias de las arcas municipales. No recibimos nada de ning\u00fan estamento externo\u201d, sostuvo la responsable de Desarrollo Social.<\/p>\n<p>&nbsp;<\/p>\n<p>&nbsp;<\/p>\n<p>Asimismo,\u00a0\u00a0los trabajdores municipales\u00a0con\u00a0ni\u00f1os en edad escolar desde este martes se \u00a0les estar\u00e1n entregando kits y delantales .<\/p>\n<p>&nbsp;<\/p>\n<p>Fuente: Prensa Municipal<\/p>\n<p>&nbsp;<\/p>\n","protected":false},"excerpt":{"rendered":"<p>Tras la decisi\u00f3n del intendente Juan Ignacio Ustarroz se llev\u00f3 a cabo la adquisici\u00f3n de m\u00e1s 2000\u00a0guardapolvos y kits escolares &#8230; <a title=\"Desarrollo Social entrega guardapolvos y \u00fatiles escolares\" class=\"read-more\" href=\"https:\/\/www.hoymercedes.com.ar\/principal\/2017\/03\/13\/desarrollo-social-entrega-guardapolvos-y-utiles-escolares\/\" aria-label=\"Leer m\u00e1s sobre Desarrollo Social entrega guardapolvos y \u00fatiles escolares\">Leer m\u00e1s<\/a><\/p>\n","protected":false},"author":1,"featured_media":60633,"comment_status":"closed","ping_status":"open","sticky":false,"template":"","format":"standard","meta":{"_monsterinsights_skip_tracking":false,"_monsterinsights_sitenote_active":false,"_monsterinsights_sitenote_note":"","_monsterinsights_sitenote_category":0,"jetpack_post_was_ever_published":false,"_jetpack_newsletter_access":"","_jetpack_dont_email_post_to_subs":false,"_jetpack_newsletter_tier_id":0,"_jetpack_memberships_contains_paywalled_content":false,"_jetpack_memberships_contains_paid_content":false,"footnotes":"","jetpack_publicize_message":"","jetpack_publicize_feature_enabled":true,"jetpack_social_post_already_shared":true,"jetpack_social_options":{"image_generator_settings":{"template":"highway","default_image_id":0,"font":"","enabled":false},"version":2},"_wpas_customize_per_network":false},"categories":[30],"tags":[870,47,244],"class_list":["post-60632","post","type-post","status-publish","format-standard","has-post-thumbnail","hentry","category-municipio","tag-desarrollo-social","tag-educacion-2","tag-municipio-2","generate-columns","tablet-grid-50","mobile-grid-100","grid-parent","grid-50"],"jetpack_publicize_connections":[],"jetpack_featured_media_url":"https:\/\/www.hoymercedes.com.ar\/principal\/wp-content\/uploads\/2017\/03\/13-Jorgelina-Silva.jpg","wps_subtitle":"Inicio de clases","jetpack_sharing_enabled":true,"_links":{"self":[{"href":"https:\/\/www.hoymercedes.com.ar\/principal\/wp-json\/wp\/v2\/posts\/60632","targetHints":{"allow":["GET"]}}],"collection":[{"href":"https:\/\/www.hoymercedes.com.ar\/principal\/wp-json\/wp\/v2\/posts"}],"about":[{"href":"https:\/\/www.hoymercedes.com.ar\/principal\/wp-json\/wp\/v2\/types\/post"}],"author":[{"embeddable":true,"href":"https:\/\/www.hoymercedes.com.ar\/principal\/wp-json\/wp\/v2\/users\/1"}],"replies":[{"embeddable":true,"href":"https:\/\/www.hoymercedes.com.ar\/principal\/wp-json\/wp\/v2\/comments?post=60632"}],"version-history":[{"count":0,"href":"https:\/\/www.hoymercedes.com.ar\/principal\/wp-json\/wp\/v2\/posts\/60632\/revisions"}],"wp:featuredmedia":[{"embeddable":true,"href":"https:\/\/www.hoymercedes.com.ar\/principal\/wp-json\/wp\/v2\/media\/60633"}],"wp:attachment":[{"href":"https:\/\/www.hoymercedes.com.ar\/principal\/wp-json\/wp\/v2\/media?parent=60632"}],"wp:term":[{"taxonomy":"category","embeddable":true,"href":"https:\/\/www.hoymercedes.com.ar\/principal\/wp-json\/wp\/v2\/categories?post=60632"},{"taxonomy":"post_tag","embeddable":true,"href":"https:\/\/www.hoymercedes.com.ar\/principal\/wp-json\/wp\/v2\/tags?post=60632"}],"curies":[{"name":"wp","href":"https:\/\/api.w.org\/{rel}","templated":true}]}}