{"id":60672,"date":"2017-03-14T15:24:09","date_gmt":"2017-03-14T18:24:09","guid":{"rendered":"http:\/\/www.hoymercedes.com.ar\/principal\/?p=60672"},"modified":"2017-03-14T15:24:09","modified_gmt":"2017-03-14T18:24:09","slug":"docentes-denunciaron-persecucion-del-ministerio-de-trabajo","status":"publish","type":"post","link":"https:\/\/www.hoymercedes.com.ar\/principal\/2017\/03\/14\/docentes-denunciaron-persecucion-del-ministerio-de-trabajo\/","title":{"rendered":"Docentes denunciaron persecuci\u00f3n del Ministerio de Trabajo"},"content":{"rendered":"<p>Minutos antes del mediod\u00eda de este martes 14 de marzo, en el marco de la sesi\u00f3n extraordinaria del Concejo Deliberante de Mercedes, los gremios docentes de la ciudad se hicieron presentes en el recinto con el fin de hacer uso de la banca participativa y denunciar persecuci\u00f3n por parte el Ministerio de Trabajo de la provincia de Buenos Aires.<\/p>\n<p><a href=\"https:\/\/www.hoymercedes.com.ar\/principal\/wp-content\/uploads\/2017\/03\/14-docentes-HCD.jpg\"><img loading=\"lazy\" decoding=\"async\" data-attachment-id=\"60673\" data-permalink=\"https:\/\/www.hoymercedes.com.ar\/principal\/2017\/03\/14\/docentes-denunciaron-persecucion-del-ministerio-de-trabajo\/14-docentes-hcd\/#main\" data-orig-file=\"https:\/\/www.hoymercedes.com.ar\/principal\/wp-content\/uploads\/2017\/03\/14-docentes-HCD.jpg\" data-orig-size=\"630,420\" data-comments-opened=\"0\" data-image-meta=\"{&quot;aperture&quot;:&quot;5.3&quot;,&quot;credit&quot;:&quot;&quot;,&quot;camera&quot;:&quot;NIKON D3100&quot;,&quot;caption&quot;:&quot;&quot;,&quot;created_timestamp&quot;:&quot;1489492192&quot;,&quot;copyright&quot;:&quot;&quot;,&quot;focal_length&quot;:&quot;48&quot;,&quot;iso&quot;:&quot;2000&quot;,&quot;shutter_speed&quot;:&quot;0.016666666666667&quot;,&quot;title&quot;:&quot;&quot;,&quot;orientation&quot;:&quot;1&quot;}\" data-image-title=\"14 docentes HCD\" data-image-description=\"\" data-image-caption=\"\" data-large-file=\"https:\/\/www.hoymercedes.com.ar\/principal\/wp-content\/uploads\/2017\/03\/14-docentes-HCD.jpg\" class=\"aligncenter size-medium wp-image-60673\" src=\"https:\/\/www.hoymercedes.com.ar\/principal\/wp-content\/uploads\/2017\/03\/14-docentes-HCD-630x420.jpg\" alt=\"\" width=\"630\" height=\"420\" srcset=\"https:\/\/www.hoymercedes.com.ar\/principal\/wp-content\/uploads\/2017\/03\/14-docentes-HCD.jpg 630w, https:\/\/www.hoymercedes.com.ar\/principal\/wp-content\/uploads\/2017\/03\/14-docentes-HCD-150x100.jpg 150w, https:\/\/www.hoymercedes.com.ar\/principal\/wp-content\/uploads\/2017\/03\/14-docentes-HCD-300x200.jpg 300w\" sizes=\"auto, (max-width: 630px) 100vw, 630px\" \/><\/a><\/p>\n<p>Fuera de reglamento, los Concejales autorizaron la palabra de los docentes reunidos en los gremios. Antes de terminar la sesi\u00f3n, las representantes gremiales Silvia Gandolfi (UEB Mercedes), Fabi\u00e1n D\u00edaz (SUTEBA), Eduardo Rando (AMET) y Luis Herrera (UDOCBA) dieron cuenta de lo que vivieron en los \u00faltimos d\u00edas en las escuelas mercedinas.<\/p>\n<p>Ante los concejales expusieron que el Delegado Regional del Ministerio de Trabajo de la provincia de Buenos Aires se hab\u00eda hecho presente en las escuelas de gesti\u00f3n p\u00fablica para \u00abver\u00bb qu\u00e9 docentes se hac\u00edan presentes y cu\u00e1les, no. M\u00e1s all\u00e1 de la informaci\u00f3n que lleva adelante la Jefatura de Inspecci\u00f3n Distrital que es comunicada a la Jefatura Regional y de \u00e9sta a la Direcci\u00f3n General de Escuelas.<\/p>\n<p>Ver video con la exposici\u00f3n de Silvia Gandolfi.<\/p>\n<p><span class=\"embed-youtube\" style=\"text-align:center; display: block;\"><iframe loading=\"lazy\" class=\"youtube-player\" width=\"1200\" height=\"675\" src=\"https:\/\/www.youtube.com\/embed\/9jHdlL0ycXE?version=3&#038;rel=1&#038;showsearch=0&#038;showinfo=1&#038;iv_load_policy=1&#038;fs=1&#038;hl=es-ES&#038;autohide=2&#038;wmode=transparent\" allowfullscreen=\"true\" style=\"border:0;\" sandbox=\"allow-scripts allow-same-origin allow-popups allow-presentation allow-popups-to-escape-sandbox\"><\/iframe><\/span><\/p>\n","protected":false},"excerpt":{"rendered":"<p>Minutos antes del mediod\u00eda de este martes 14 de marzo, en el marco de la sesi\u00f3n extraordinaria del Concejo Deliberante &#8230; <a title=\"Docentes denunciaron persecuci\u00f3n del Ministerio de Trabajo\" class=\"read-more\" href=\"https:\/\/www.hoymercedes.com.ar\/principal\/2017\/03\/14\/docentes-denunciaron-persecucion-del-ministerio-de-trabajo\/\" aria-label=\"Leer m\u00e1s sobre Docentes denunciaron persecuci\u00f3n del Ministerio de Trabajo\">Leer m\u00e1s<\/a><\/p>\n","protected":false},"author":1,"featured_media":60673,"comment_status":"closed","ping_status":"open","sticky":false,"template":"","format":"standard","meta":{"_monsterinsights_skip_tracking":false,"_monsterinsights_sitenote_active":false,"_monsterinsights_sitenote_note":"","_monsterinsights_sitenote_category":0,"jetpack_post_was_ever_published":false,"_jetpack_newsletter_access":"","_jetpack_dont_email_post_to_subs":false,"_jetpack_newsletter_tier_id":0,"_jetpack_memberships_contains_paywalled_content":false,"_jetpack_memberships_contains_paid_content":false,"footnotes":"","jetpack_publicize_message":"","jetpack_publicize_feature_enabled":true,"jetpack_social_post_already_shared":true,"jetpack_social_options":{"image_generator_settings":{"template":"highway","default_image_id":0,"font":"","enabled":false},"version":2},"_wpas_customize_per_network":false},"categories":[23,10563,5],"tags":[6372,484,47,8799,15,5319,8772],"class_list":["post-60672","post","type-post","status-publish","format-standard","has-post-thumbnail","hentry","category-educacion","category-gremios-sindicatos","category-politica","tag-banca-participativa","tag-docentes","tag-educacion-2","tag-gremios","tag-hcd","tag-politica-2","tag-sesion-extraordinaria","generate-columns","tablet-grid-50","mobile-grid-100","grid-parent","grid-50"],"jetpack_publicize_connections":[],"jetpack_featured_media_url":"https:\/\/www.hoymercedes.com.ar\/principal\/wp-content\/uploads\/2017\/03\/14-docentes-HCD.jpg","wps_subtitle":"En la sesi\u00f3n del HCD","jetpack_sharing_enabled":true,"_links":{"self":[{"href":"https:\/\/www.hoymercedes.com.ar\/principal\/wp-json\/wp\/v2\/posts\/60672","targetHints":{"allow":["GET"]}}],"collection":[{"href":"https:\/\/www.hoymercedes.com.ar\/principal\/wp-json\/wp\/v2\/posts"}],"about":[{"href":"https:\/\/www.hoymercedes.com.ar\/principal\/wp-json\/wp\/v2\/types\/post"}],"author":[{"embeddable":true,"href":"https:\/\/www.hoymercedes.com.ar\/principal\/wp-json\/wp\/v2\/users\/1"}],"replies":[{"embeddable":true,"href":"https:\/\/www.hoymercedes.com.ar\/principal\/wp-json\/wp\/v2\/comments?post=60672"}],"version-history":[{"count":0,"href":"https:\/\/www.hoymercedes.com.ar\/principal\/wp-json\/wp\/v2\/posts\/60672\/revisions"}],"wp:featuredmedia":[{"embeddable":true,"href":"https:\/\/www.hoymercedes.com.ar\/principal\/wp-json\/wp\/v2\/media\/60673"}],"wp:attachment":[{"href":"https:\/\/www.hoymercedes.com.ar\/principal\/wp-json\/wp\/v2\/media?parent=60672"}],"wp:term":[{"taxonomy":"category","embeddable":true,"href":"https:\/\/www.hoymercedes.com.ar\/principal\/wp-json\/wp\/v2\/categories?post=60672"},{"taxonomy":"post_tag","embeddable":true,"href":"https:\/\/www.hoymercedes.com.ar\/principal\/wp-json\/wp\/v2\/tags?post=60672"}],"curies":[{"name":"wp","href":"https:\/\/api.w.org\/{rel}","templated":true}]}}