{"id":60677,"date":"2017-03-14T17:15:15","date_gmt":"2017-03-14T20:15:15","guid":{"rendered":"http:\/\/www.hoymercedes.com.ar\/principal\/?p=60677"},"modified":"2017-03-14T19:35:33","modified_gmt":"2017-03-14T22:35:33","slug":"el-frente-renovador-presento-la-escuela-provincial-de-gobierno","status":"publish","type":"post","link":"https:\/\/www.hoymercedes.com.ar\/principal\/2017\/03\/14\/el-frente-renovador-presento-la-escuela-provincial-de-gobierno\/","title":{"rendered":"Selva en la presentaci\u00f3n de la Escuela Provincial de Gobierno del FR"},"content":{"rendered":"<p>En la tarde del lunes, en la capital bonaerense, La Plata, la c\u00fapula del Frente Renovador present\u00f3 la Escuela Provincial de Gobierno. All\u00ed, el\u00a0Diputado Nacional Carlos Selva, acompa\u00f1\u00f3 a los diputados Sergio Massa y Margarita Stolbizer.<\/p>\n<p><img loading=\"lazy\" decoding=\"async\" data-attachment-id=\"60679\" data-permalink=\"https:\/\/www.hoymercedes.com.ar\/principal\/2017\/03\/14\/el-frente-renovador-presento-la-escuela-provincial-de-gobierno\/14-selva-fr-escuela\/#main\" data-orig-file=\"https:\/\/www.hoymercedes.com.ar\/principal\/wp-content\/uploads\/2017\/03\/14-Selva-FR-Escuela.jpg\" data-orig-size=\"630,354\" data-comments-opened=\"0\" data-image-meta=\"{&quot;aperture&quot;:&quot;0&quot;,&quot;credit&quot;:&quot;&quot;,&quot;camera&quot;:&quot;&quot;,&quot;caption&quot;:&quot;&quot;,&quot;created_timestamp&quot;:&quot;0&quot;,&quot;copyright&quot;:&quot;&quot;,&quot;focal_length&quot;:&quot;0&quot;,&quot;iso&quot;:&quot;0&quot;,&quot;shutter_speed&quot;:&quot;0&quot;,&quot;title&quot;:&quot;&quot;,&quot;orientation&quot;:&quot;0&quot;}\" data-image-title=\"14 Selva FR Escuela\" data-image-description=\"\" data-image-caption=\"\" data-large-file=\"https:\/\/www.hoymercedes.com.ar\/principal\/wp-content\/uploads\/2017\/03\/14-Selva-FR-Escuela.jpg\" class=\"aligncenter size-medium wp-image-60679\" src=\"https:\/\/www.hoymercedes.com.ar\/principal\/wp-content\/uploads\/2017\/03\/14-Selva-FR-Escuela-630x354.jpg\" alt=\"\" width=\"630\" height=\"354\" srcset=\"https:\/\/www.hoymercedes.com.ar\/principal\/wp-content\/uploads\/2017\/03\/14-Selva-FR-Escuela.jpg 630w, https:\/\/www.hoymercedes.com.ar\/principal\/wp-content\/uploads\/2017\/03\/14-Selva-FR-Escuela-150x84.jpg 150w\" sizes=\"auto, (max-width: 630px) 100vw, 630px\" \/><\/p>\n<p>El diputado nacional mercedino, Carlos Selva, particip\u00f3 en la ciudad de La Plata, del lanzamiento de la Escuela provincial de Gobierno del Frente Renovador.<\/p>\n<p>El acto fue encabezado por el m\u00e1ximo l\u00edder de ese espacio pol\u00edtico, el diputado Sergio Massa, acompa\u00f1ado de la l\u00edder del GEN Margarita Stolbizer.<\/p>\n<p>El lanzamiento se llev\u00f3 a cabo en el\u00a0Auditorio del Consejo Profesional de Ciencias Econ\u00f3micas de la Provincia de Buenos Aires, ubicado la capital bonaerense.<\/p>\n<p>La escuela provincial, que ser\u00e1 presidida por el diputado provincial Jorge Sarghini, es un brazo territorial de la que a nivel nacional preside \u00a0el ex ministro de Econom\u00eda Roberto Lavagna.<\/p>\n<p>La intenci\u00f3n de Massa es que la nueva instituci\u00f3n sirva para capacitar a nuevos l\u00edderes pol\u00edticos que puedan gobernar en el futuro. En ese sentido, el diputado expres\u00f3 :\u00bbDespu\u00e9s de 33 a\u00f1os de democracia debemos ser autocr\u00edticos, no hemos resuelto los problemas m\u00e1s importantes de la gente. Por el contrario, se han agravado\u00bb.<\/p>\n<p>La flamante escuela ser\u00e1 presentada pr\u00f3ximamente en las ciudades de: San Nicol\u00e1s, Mar del Plata, Jun\u00edn, Olavarr\u00eda y Bah\u00eda Blanca.\u00a0Los equipos de formaci\u00f3n estar\u00e1n integrados entre otros por: Daniel Arroyo, Marco Lavagna, Gustavo Iaies y Diego Gorgal, quienes disertaron ayer en el marco de su presentaci\u00f3n en sociedad.<\/p>\n<p>\u00abLa Argentina no tiene un proyecto de pa\u00eds capaz de desarrollar sus potencialidades en forma sustentable, uniendo a todos los argentinos detr\u00e1s de ese objetivo. Para poder construir juntos ese proyecto es imprescindible formar y organizar cuadros de gobierno\u00bb, indic\u00f3 Sergio Massa.<\/p>\n<p><img loading=\"lazy\" decoding=\"async\" data-attachment-id=\"60678\" data-permalink=\"https:\/\/www.hoymercedes.com.ar\/principal\/2017\/03\/14\/el-frente-renovador-presento-la-escuela-provincial-de-gobierno\/14-selva-fr-escuela-2\/#main\" data-orig-file=\"https:\/\/www.hoymercedes.com.ar\/principal\/wp-content\/uploads\/2017\/03\/14-Selva-FR-Escuela-2.jpg\" data-orig-size=\"614,410\" data-comments-opened=\"0\" data-image-meta=\"{&quot;aperture&quot;:&quot;4.5&quot;,&quot;credit&quot;:&quot;MAXIMILIANO VERNAZZA&quot;,&quot;camera&quot;:&quot;NIKON D800&quot;,&quot;caption&quot;:&quot;&quot;,&quot;created_timestamp&quot;:&quot;1489435977&quot;,&quot;copyright&quot;:&quot;MAXIMILIANO VERNAZZA maxivernazza@gmail.com 1153163214&quot;,&quot;focal_length&quot;:&quot;150&quot;,&quot;iso&quot;:&quot;3200&quot;,&quot;shutter_speed&quot;:&quot;0.0025&quot;,&quot;title&quot;:&quot;&quot;,&quot;orientation&quot;:&quot;1&quot;}\" data-image-title=\"14 Selva FR Escuela 2\" data-image-description=\"\" data-image-caption=\"\" data-large-file=\"https:\/\/www.hoymercedes.com.ar\/principal\/wp-content\/uploads\/2017\/03\/14-Selva-FR-Escuela-2.jpg\" class=\"aligncenter size-full wp-image-60678\" src=\"https:\/\/www.hoymercedes.com.ar\/principal\/wp-content\/uploads\/2017\/03\/14-Selva-FR-Escuela-2.jpg\" alt=\"\" width=\"614\" height=\"410\" srcset=\"https:\/\/www.hoymercedes.com.ar\/principal\/wp-content\/uploads\/2017\/03\/14-Selva-FR-Escuela-2.jpg 614w, https:\/\/www.hoymercedes.com.ar\/principal\/wp-content\/uploads\/2017\/03\/14-Selva-FR-Escuela-2-150x100.jpg 150w, https:\/\/www.hoymercedes.com.ar\/principal\/wp-content\/uploads\/2017\/03\/14-Selva-FR-Escuela-2-300x200.jpg 300w\" sizes=\"auto, (max-width: 614px) 100vw, 614px\" \/><\/p>\n<p>\u201cNecesitamos gente capacitada para la gesti\u00f3n p\u00fablica. Este a\u00f1o y medio de gesti\u00f3n del macrismo pone de relieve a\u00fan m\u00e1s esa falencia. No sirve hablar del &#8216;mejor equipo de los \u00faltimos 50 a\u00f1os&#8217;. Hay que construirlo y por eso estamos ac\u00e1\u00bb, agreg\u00f3 el l\u00edder del Frente Renovador<\/p>\n<p>Por su parte, \u00a0Stolbizer sostuvo que:\u00a0\u00abTener una Escuela de Gobierno es una obligaci\u00f3n formal de los partidos y de los dirigentes pol\u00edticos que aspiran a gobernar.\u00a0Pero adem\u00e1s es un imperativo \u00e9tico con el presente y el futuro de la Argentina que necesita representantes honestos e id\u00f3neos para la gesti\u00f3n\u00bb.<\/p>\n<p>&nbsp;<\/p>\n<p>Fuente: Frente Renovador Mercedes<\/p>\n<p>&nbsp;<\/p>\n","protected":false},"excerpt":{"rendered":"<p>En la tarde del lunes, en la capital bonaerense, La Plata, la c\u00fapula del Frente Renovador present\u00f3 la Escuela Provincial &#8230; <a title=\"Selva en la presentaci\u00f3n de la Escuela Provincial de Gobierno del FR\" class=\"read-more\" href=\"https:\/\/www.hoymercedes.com.ar\/principal\/2017\/03\/14\/el-frente-renovador-presento-la-escuela-provincial-de-gobierno\/\" aria-label=\"Leer m\u00e1s sobre Selva en la presentaci\u00f3n de la Escuela Provincial de Gobierno del FR\">Leer m\u00e1s<\/a><\/p>\n","protected":false},"author":1,"featured_media":60679,"comment_status":"closed","ping_status":"open","sticky":false,"template":"","format":"standard","meta":{"_monsterinsights_skip_tracking":false,"_monsterinsights_sitenote_active":false,"_monsterinsights_sitenote_note":"","_monsterinsights_sitenote_category":0,"jetpack_post_was_ever_published":false,"_jetpack_newsletter_access":"","_jetpack_dont_email_post_to_subs":true,"_jetpack_newsletter_tier_id":0,"_jetpack_memberships_contains_paywalled_content":false,"_jetpack_memberships_contains_paid_content":false,"footnotes":"","jetpack_publicize_message":"","jetpack_publicize_feature_enabled":true,"jetpack_social_post_already_shared":true,"jetpack_social_options":{"image_generator_settings":{"template":"highway","default_image_id":0,"font":"","enabled":false},"version":2},"_wpas_customize_per_network":false},"categories":[5],"tags":[39,7500,3537,5319],"class_list":["post-60677","post","type-post","status-publish","format-standard","has-post-thumbnail","hentry","category-politica","tag-carlos-selva","tag-diputado-nacional","tag-frente-renovador","tag-politica-2","generate-columns","tablet-grid-50","mobile-grid-100","grid-parent","grid-50"],"jetpack_publicize_connections":[],"jetpack_featured_media_url":"https:\/\/www.hoymercedes.com.ar\/principal\/wp-content\/uploads\/2017\/03\/14-Selva-FR-Escuela.jpg","wps_subtitle":"Acompa\u00f1ando a Massa y Stolbitzer","jetpack_sharing_enabled":true,"jetpack-related-posts":[{"id":100240,"url":"https:\/\/www.hoymercedes.com.ar\/principal\/2019\/09\/22\/necesitamos-que-la-provincia-de-buenos-aires-vuelva-a-tener-como-prioridad-la-industria\/","url_meta":{"origin":60677,"position":0},"title":"\u201cNecesitamos que la provincia de Buenos Aires vuelva a tener como prioridad la industria\u201d","author":"hoymercedes","date":"22 septiembre, 2019","format":false,"excerpt":"Junto a Sergio Massa, el diputado nacional Carlos Selva fue parte de distintas reuniones con empresarios, en la precia de las elecciones generales y en el marco de la campa\u00f1a que lleva adelante el Frente de Todos. Es as\u00ed que estuvo en estos d\u00edas en el Parque Industrial de Pilar\u2026","rel":"","context":"En \u00abPol\u00edtica Nacional\u00bb","block_context":{"text":"Pol\u00edtica Nacional","link":"https:\/\/www.hoymercedes.com.ar\/principal\/category\/politica-nacional\/"},"img":{"alt_text":"","src":"https:\/\/i0.wp.com\/www.hoymercedes.com.ar\/principal\/wp-content\/uploads\/2019\/09\/22-selva-industria.jpg?resize=350%2C200&ssl=1","width":350,"height":200,"srcset":"https:\/\/i0.wp.com\/www.hoymercedes.com.ar\/principal\/wp-content\/uploads\/2019\/09\/22-selva-industria.jpg?resize=350%2C200&ssl=1 1x, https:\/\/i0.wp.com\/www.hoymercedes.com.ar\/principal\/wp-content\/uploads\/2019\/09\/22-selva-industria.jpg?resize=525%2C300&ssl=1 1.5x, https:\/\/i0.wp.com\/www.hoymercedes.com.ar\/principal\/wp-content\/uploads\/2019\/09\/22-selva-industria.jpg?resize=700%2C400&ssl=1 2x"},"classes":[]},{"id":141081,"url":"https:\/\/www.hoymercedes.com.ar\/principal\/2021\/12\/06\/selva-fue-parte-del-encuentro-del-frente-renovador\/","url_meta":{"origin":60677,"position":1},"title":"Selva fue parte del encuentro del Frente Renovador","author":"hoymercedes","date":"6 diciembre, 2021","format":false,"excerpt":"El Frente Renovador que comanda\u00a0Sergio Massa\u00a0reuni\u00f3 a su mesa provincial de intendentes y diputados, y entre los convocados estuvo el mercedino\u00a0Carlos Selva. El \"c\u00f3nclave\" tuvo lugar este fin de semana. El l\u00edder del espacio, Sergio Massa, convoc\u00f3 a sus referentes bonaerenses con el objetivo de sentar posiciones para los pr\u00f3ximos\u2026","rel":"","context":"En \u00abPol\u00edtica\u00bb","block_context":{"text":"Pol\u00edtica","link":"https:\/\/www.hoymercedes.com.ar\/principal\/category\/politica\/"},"img":{"alt_text":"","src":"https:\/\/i0.wp.com\/www.hoymercedes.com.ar\/principal\/wp-content\/uploads\/2021\/12\/selva-en-FR.jpg?resize=350%2C200&ssl=1","width":350,"height":200,"srcset":"https:\/\/i0.wp.com\/www.hoymercedes.com.ar\/principal\/wp-content\/uploads\/2021\/12\/selva-en-FR.jpg?resize=350%2C200&ssl=1 1x, https:\/\/i0.wp.com\/www.hoymercedes.com.ar\/principal\/wp-content\/uploads\/2021\/12\/selva-en-FR.jpg?resize=525%2C300&ssl=1 1.5x, https:\/\/i0.wp.com\/www.hoymercedes.com.ar\/principal\/wp-content\/uploads\/2021\/12\/selva-en-FR.jpg?resize=700%2C400&ssl=1 2x"},"classes":[]},{"id":63184,"url":"https:\/\/www.hoymercedes.com.ar\/principal\/2017\/05\/26\/agrupacion-17-de-octubre-en-el-lanzamiento-de-massa-stolbitzer\/","url_meta":{"origin":60677,"position":2},"title":"Agrupaci\u00f3n 17 de Octubre en el lanzamiento de Massa-Stolbizer","author":"hoymercedes","date":"26 mayo, 2017","format":false,"excerpt":"Un \u00a0importante delegaci\u00f3n mercedina, particip\u00f3 el\u00a0jueves 25 de mayo, del multitudinario lanzamiento 1Pa\u00eds, la nueva alianza electoral del Frente Renovador, el GEN y otras fuerzas pol\u00edticas, de cara a las elecciones legislativas 2017. El diputado Carlos Selva ser\u00e1 uno de los principales integrantes del equipo de trabajo de Sergio Massa\u2026","rel":"","context":"En \u00abPol\u00edtica\u00bb","block_context":{"text":"Pol\u00edtica","link":"https:\/\/www.hoymercedes.com.ar\/principal\/category\/politica\/"},"img":{"alt_text":"","src":"https:\/\/i0.wp.com\/www.hoymercedes.com.ar\/principal\/wp-content\/uploads\/2017\/05\/26-frente-renova-gen-1.jpg?resize=350%2C200&ssl=1","width":350,"height":200,"srcset":"https:\/\/i0.wp.com\/www.hoymercedes.com.ar\/principal\/wp-content\/uploads\/2017\/05\/26-frente-renova-gen-1.jpg?resize=350%2C200&ssl=1 1x, https:\/\/i0.wp.com\/www.hoymercedes.com.ar\/principal\/wp-content\/uploads\/2017\/05\/26-frente-renova-gen-1.jpg?resize=525%2C300&ssl=1 1.5x"},"classes":[]},{"id":92372,"url":"https:\/\/www.hoymercedes.com.ar\/principal\/2019\/05\/05\/carlos-selva-el-gobierno-especulo-siempre-con-la-division-y-con-la-grieta\/","url_meta":{"origin":60677,"position":3},"title":"Carlos Selva: \u201cEl gobierno especul\u00f3 siempre con la divisi\u00f3n y con la grieta\u201d","author":"hoymercedes","date":"5 mayo, 2019","format":false,"excerpt":"El diputado nacional de origen mercedino, Carlos Selva, junto al l\u00edder del Frente Renovador, Sergio Massa, present\u00f3 los \u201c10 compromisos por Argentina\u201d. \u201cTenemos la obligaci\u00f3n de sentarnos con todos los sectores para ponernos de acuerdo en las pol\u00edticas de Estado que necesita el pa\u00eds\u201d, dijo Selva. En su participaci\u00f3n en\u2026","rel":"","context":"En \u00abPol\u00edtica Nacional\u00bb","block_context":{"text":"Pol\u00edtica Nacional","link":"https:\/\/www.hoymercedes.com.ar\/principal\/category\/politica-nacional\/"},"img":{"alt_text":"","src":"https:\/\/i0.wp.com\/www.hoymercedes.com.ar\/principal\/wp-content\/uploads\/2019\/05\/04-Selva-cronica.jpg?resize=350%2C200&ssl=1","width":350,"height":200,"srcset":"https:\/\/i0.wp.com\/www.hoymercedes.com.ar\/principal\/wp-content\/uploads\/2019\/05\/04-Selva-cronica.jpg?resize=350%2C200&ssl=1 1x, https:\/\/i0.wp.com\/www.hoymercedes.com.ar\/principal\/wp-content\/uploads\/2019\/05\/04-Selva-cronica.jpg?resize=525%2C300&ssl=1 1.5x, https:\/\/i0.wp.com\/www.hoymercedes.com.ar\/principal\/wp-content\/uploads\/2019\/05\/04-Selva-cronica.jpg?resize=700%2C400&ssl=1 2x"},"classes":[]},{"id":62168,"url":"https:\/\/www.hoymercedes.com.ar\/principal\/2017\/04\/29\/carlos-y-sabrina-selva-presentes-en-el-lanzamiento-del-plan-bajemos-los-precios\/","url_meta":{"origin":60677,"position":4},"title":"Carlos y Sabrina Selva presentes en el lanzamiento del \u00abPlan Bajemos los precios\u00bb","author":"hoymercedes","date":"29 abril, 2017","format":false,"excerpt":"El diputado nacional mercedino, Carlos Selva y la concejal local del Frente Renovador Sabrina Selva participaron esta viernes de la presentaci\u00f3n del proyecto\u00a0\u201cBajemos los precios\u201d. Propuesta que presentaron Sergio Massa del Frente Renovador y Margarita Stolbizer del GEN. Junto a sus equipos t\u00e9cnicos y ante la prensa nacional, los m\u00e1ximos\u2026","rel":"","context":"En \u00abPol\u00edtica\u00bb","block_context":{"text":"Pol\u00edtica","link":"https:\/\/www.hoymercedes.com.ar\/principal\/category\/politica\/"},"img":{"alt_text":"","src":"https:\/\/i0.wp.com\/www.hoymercedes.com.ar\/principal\/wp-content\/uploads\/2017\/04\/29-Frente-Renovadro-1.jpg?resize=350%2C200&ssl=1","width":350,"height":200,"srcset":"https:\/\/i0.wp.com\/www.hoymercedes.com.ar\/principal\/wp-content\/uploads\/2017\/04\/29-Frente-Renovadro-1.jpg?resize=350%2C200&ssl=1 1x, https:\/\/i0.wp.com\/www.hoymercedes.com.ar\/principal\/wp-content\/uploads\/2017\/04\/29-Frente-Renovadro-1.jpg?resize=525%2C300&ssl=1 1.5x"},"classes":[]},{"id":100173,"url":"https:\/\/www.hoymercedes.com.ar\/principal\/2019\/09\/20\/selva-en-mar-del-plata\/","url_meta":{"origin":60677,"position":5},"title":"Selva en Mar del Plata","author":"hoymercedes","date":"20 septiembre, 2019","format":false,"excerpt":"Este mi\u00e9rcoles el diputado Carlos Selva estuvo en Mar del Plata, junto al \u201cVasco\u201d De Mendiguren, Fernanda Raverta y Ariel Ciano. \u201cNos reunimos con la Uni\u00f3n de Comercio, la Industria y la Producci\u00f3n, recorrimos el centro comercial y charlamos con comerciantes de la zona y visitamos la f\u00e1brica Materia Hermanos\u201d,\u2026","rel":"","context":"En \u00abPol\u00edtica Nacional\u00bb","block_context":{"text":"Pol\u00edtica Nacional","link":"https:\/\/www.hoymercedes.com.ar\/principal\/category\/politica-nacional\/"},"img":{"alt_text":"","src":"https:\/\/i0.wp.com\/www.hoymercedes.com.ar\/principal\/wp-content\/uploads\/2019\/09\/20-selva-mar-del-plata-1.jpg?resize=350%2C200&ssl=1","width":350,"height":200,"srcset":"https:\/\/i0.wp.com\/www.hoymercedes.com.ar\/principal\/wp-content\/uploads\/2019\/09\/20-selva-mar-del-plata-1.jpg?resize=350%2C200&ssl=1 1x, https:\/\/i0.wp.com\/www.hoymercedes.com.ar\/principal\/wp-content\/uploads\/2019\/09\/20-selva-mar-del-plata-1.jpg?resize=525%2C300&ssl=1 1.5x, https:\/\/i0.wp.com\/www.hoymercedes.com.ar\/principal\/wp-content\/uploads\/2019\/09\/20-selva-mar-del-plata-1.jpg?resize=700%2C400&ssl=1 2x"},"classes":[]}],"_links":{"self":[{"href":"https:\/\/www.hoymercedes.com.ar\/principal\/wp-json\/wp\/v2\/posts\/60677","targetHints":{"allow":["GET"]}}],"collection":[{"href":"https:\/\/www.hoymercedes.com.ar\/principal\/wp-json\/wp\/v2\/posts"}],"about":[{"href":"https:\/\/www.hoymercedes.com.ar\/principal\/wp-json\/wp\/v2\/types\/post"}],"author":[{"embeddable":true,"href":"https:\/\/www.hoymercedes.com.ar\/principal\/wp-json\/wp\/v2\/users\/1"}],"replies":[{"embeddable":true,"href":"https:\/\/www.hoymercedes.com.ar\/principal\/wp-json\/wp\/v2\/comments?post=60677"}],"version-history":[{"count":0,"href":"https:\/\/www.hoymercedes.com.ar\/principal\/wp-json\/wp\/v2\/posts\/60677\/revisions"}],"wp:featuredmedia":[{"embeddable":true,"href":"https:\/\/www.hoymercedes.com.ar\/principal\/wp-json\/wp\/v2\/media\/60679"}],"wp:attachment":[{"href":"https:\/\/www.hoymercedes.com.ar\/principal\/wp-json\/wp\/v2\/media?parent=60677"}],"wp:term":[{"taxonomy":"category","embeddable":true,"href":"https:\/\/www.hoymercedes.com.ar\/principal\/wp-json\/wp\/v2\/categories?post=60677"},{"taxonomy":"post_tag","embeddable":true,"href":"https:\/\/www.hoymercedes.com.ar\/principal\/wp-json\/wp\/v2\/tags?post=60677"}],"curies":[{"name":"wp","href":"https:\/\/api.w.org\/{rel}","templated":true}]}}