{"id":60686,"date":"2017-03-14T19:33:17","date_gmt":"2017-03-14T22:33:17","guid":{"rendered":"http:\/\/www.hoymercedes.com.ar\/principal\/?p=60686"},"modified":"2017-03-14T19:33:17","modified_gmt":"2017-03-14T22:33:17","slug":"el-diputado-provincial-revora-pide-la-aplicacion-del-boleto-estudiantil-gratuito-para-el-nivel-superior","status":"publish","type":"post","link":"https:\/\/www.hoymercedes.com.ar\/principal\/2017\/03\/14\/el-diputado-provincial-revora-pide-la-aplicacion-del-boleto-estudiantil-gratuito-para-el-nivel-superior\/","title":{"rendered":"El Diputado Provincial R\u00e9vora pide la aplicaci\u00f3n del boleto estudiantil gratuito para el nivel superior"},"content":{"rendered":"<p>El diputado mercedino Santiago R\u00e9vora present\u00f3 un proyecto para impulsar la aplicaci\u00f3n del Boleto Especial Educativo a los alumnos terciarios y universitarios de todo el territorio bonaerense, a quienes a\u00fan no alcanz\u00f3 a pesar de que la ley los incluye.<\/p>\n<p>\u201cTenemos la obligaci\u00f3n de acompa\u00f1ar el esfuerzo que hacen muchos de los j\u00f3venes de la provincia para poder progresar -explic\u00f3-, y la demora en la llegada de este beneficio genera incertidumbre y perjuicios teniendo en cuenta el inicio del ciclo lectivo 2017\u201d.<\/p>\n<p>Desde mitad del a\u00f1o pasado, el beneficio fue recibido por estudiantes de nivel inicial, primarios y secundarios y, a modo de etapa experimental o \u201cprueba piloto\u201d, los universitarios de la ciudad de La Plata.<\/p>\n<p>La reglamentaci\u00f3n de la ley incluye a los terciarios de toda la provincia, pero a\u00fan no se instrument\u00f3 por parte de la autoridad de aplicaci\u00f3n, la Secretar\u00eda de Transporte del Ministerio de Infraestructura y Servicios P\u00fablicos bonaerense.<\/p>\n<p>A trav\u00e9s de un proyecto de resoluci\u00f3n, el legislador mercedino recuerda la necesidad de extender el alcance del Boleto por la dif\u00edcil situaci\u00f3n econ\u00f3mica que atraviesa la provincia y por un pedido de los propios j\u00f3venes.<\/p>\n<p>\u201cSon muchos los chicos que se nos acercan y nos preguntan cu\u00e1ndo va a salir el boleto para ellos -indic\u00f3 \u2018Lalo\u2019 R\u00e9vora-. No es solo una discriminaci\u00f3n, sino que muchos de ellos hacen un esfuerzo enorme para estudiar, para progresar. En varios casos tienen que hacer frente a un alquiler,\u00a0a\u00a0lo que fueron las fuertes subas en los\u00a0servicios p\u00fablicos y, sin este boleto gratuito, afrontar\u00a0tambi\u00e9n\u00a0el aumento del transporte. Por eso queremos saber los motivos por los cuales todav\u00eda no recibieron lo que la ley establece, cu\u00e1l es el plan para la implementaci\u00f3n, qu\u00e9 se har\u00e1 en cada distrito de la Provincia y el detalle de lo que ser\u00e1 la ejecuci\u00f3n presupuestaria del Boleto a lo largo de este a\u00f1o\u201d, agreg\u00f3..<\/p>\n<p>Seg\u00fan la reglamentaci\u00f3n de la Ley 14.735, \u2018(&#8230;) con la instrumentaci\u00f3n del Boleto Educativo se garantizar\u00e1 el acceso igualitario a la educaci\u00f3n (\u2026) como instrumento para la equidad y la integraci\u00f3n social. La autoridad de aplicaci\u00f3n priorizar\u00e1 (\u2026) a aquellos alumnos pertenecientes a hogares de menores recursos econ\u00f3micos (\u2026) garantizando la integraci\u00f3n social y un acceso igualitario a la educaci\u00f3n\u201d.<\/p>\n<p>Por la letra de la reglamentaci\u00f3n, el legislador bonaerense\u00a0asegur\u00f3: \u201cLa demora que afecta a los estudiantes universitarios y terciarios no cumple la citada integraci\u00f3n social y el acceso igualitario a la educaci\u00f3n, y eso es lo que sostiene este pedido de informes que estamos presentando. A ellos tambi\u00e9n, como a much\u00edsimas familias bonaerenses, los aumentos en el transporte p\u00fablico de pasajeros les ha producido otra p\u00e9rdida en su poder adquisitivo, otro manotazo al bolsillo\u201d.<\/p>\n<p>\u201cLa educaci\u00f3n, en todos sus niveles, es esencial no solo en el progreso individual sino tambi\u00e9n en la construcci\u00f3n de una sociedad mejor y m\u00e1s igualitaria. Por eso esperamos el acompa\u00f1amiento de todos los diputados provinciales para el avance de este proyecto y que el gobierno bonaerense escuche esta necesidad de los j\u00f3venes estudiantes para darles una respuesta satisfactoria\u201d, cerr\u00f3 R\u00e9vora<\/p>\n<p>Fuente: Prensa FMPV<\/p>\n","protected":false},"excerpt":{"rendered":"<p>El diputado mercedino Santiago R\u00e9vora present\u00f3 un proyecto para impulsar la aplicaci\u00f3n del Boleto Especial Educativo a los alumnos terciarios &#8230; <a title=\"El Diputado Provincial R\u00e9vora pide la aplicaci\u00f3n del boleto estudiantil gratuito para el nivel superior\" class=\"read-more\" href=\"https:\/\/www.hoymercedes.com.ar\/principal\/2017\/03\/14\/el-diputado-provincial-revora-pide-la-aplicacion-del-boleto-estudiantil-gratuito-para-el-nivel-superior\/\" aria-label=\"Leer m\u00e1s sobre El Diputado Provincial R\u00e9vora pide la aplicaci\u00f3n del boleto estudiantil gratuito para el nivel superior\">Leer m\u00e1s<\/a><\/p>\n","protected":false},"author":1,"featured_media":57003,"comment_status":"closed","ping_status":"open","sticky":false,"template":"","format":"standard","meta":{"_monsterinsights_skip_tracking":false,"_monsterinsights_sitenote_active":false,"_monsterinsights_sitenote_note":"","_monsterinsights_sitenote_category":0,"jetpack_post_was_ever_published":false,"_jetpack_newsletter_access":"","_jetpack_dont_email_post_to_subs":false,"_jetpack_newsletter_tier_id":0,"_jetpack_memberships_contains_paywalled_content":false,"_jetpack_memberships_contains_paid_content":false,"footnotes":"","jetpack_publicize_message":"","jetpack_publicize_feature_enabled":true,"jetpack_social_post_already_shared":true,"jetpack_social_options":{"image_generator_settings":{"template":"highway","default_image_id":0,"font":"","enabled":false},"version":2},"_wpas_customize_per_network":false},"categories":[5],"tags":[9943,9995,5319,9325],"class_list":["post-60686","post","type-post","status-publish","format-standard","has-post-thumbnail","hentry","category-politica","tag-diputado-provincial","tag-fpv","tag-politica-2","tag-santiago-revora","generate-columns","tablet-grid-50","mobile-grid-100","grid-parent","grid-50"],"jetpack_publicize_connections":[],"jetpack_featured_media_url":"https:\/\/www.hoymercedes.com.ar\/principal\/wp-content\/uploads\/2016\/11\/13-revora-s.jpg","wps_subtitle":"Para universitarios y terciarios","jetpack_sharing_enabled":true,"_links":{"self":[{"href":"https:\/\/www.hoymercedes.com.ar\/principal\/wp-json\/wp\/v2\/posts\/60686","targetHints":{"allow":["GET"]}}],"collection":[{"href":"https:\/\/www.hoymercedes.com.ar\/principal\/wp-json\/wp\/v2\/posts"}],"about":[{"href":"https:\/\/www.hoymercedes.com.ar\/principal\/wp-json\/wp\/v2\/types\/post"}],"author":[{"embeddable":true,"href":"https:\/\/www.hoymercedes.com.ar\/principal\/wp-json\/wp\/v2\/users\/1"}],"replies":[{"embeddable":true,"href":"https:\/\/www.hoymercedes.com.ar\/principal\/wp-json\/wp\/v2\/comments?post=60686"}],"version-history":[{"count":0,"href":"https:\/\/www.hoymercedes.com.ar\/principal\/wp-json\/wp\/v2\/posts\/60686\/revisions"}],"wp:featuredmedia":[{"embeddable":true,"href":"https:\/\/www.hoymercedes.com.ar\/principal\/wp-json\/wp\/v2\/media\/57003"}],"wp:attachment":[{"href":"https:\/\/www.hoymercedes.com.ar\/principal\/wp-json\/wp\/v2\/media?parent=60686"}],"wp:term":[{"taxonomy":"category","embeddable":true,"href":"https:\/\/www.hoymercedes.com.ar\/principal\/wp-json\/wp\/v2\/categories?post=60686"},{"taxonomy":"post_tag","embeddable":true,"href":"https:\/\/www.hoymercedes.com.ar\/principal\/wp-json\/wp\/v2\/tags?post=60686"}],"curies":[{"name":"wp","href":"https:\/\/api.w.org\/{rel}","templated":true}]}}