{"id":60691,"date":"2017-03-15T09:00:27","date_gmt":"2017-03-15T12:00:27","guid":{"rendered":"http:\/\/www.hoymercedes.com.ar\/principal\/?p=60691"},"modified":"2017-03-16T09:01:42","modified_gmt":"2017-03-16T12:01:42","slug":"cuatro-nuevas-ordenanzas-aprobadas-en-la-sesion-extraordinaria","status":"publish","type":"post","link":"https:\/\/www.hoymercedes.com.ar\/principal\/2017\/03\/15\/cuatro-nuevas-ordenanzas-aprobadas-en-la-sesion-extraordinaria\/","title":{"rendered":"Cuatro nuevas ordenanzas aprobadas en la sesi\u00f3n extraordinaria"},"content":{"rendered":"<p><em><strong>Modificaron el C\u00f3digo Tributario estableciendo un \u201ctope\u201d de 50 metros por parcela. Aprobaron la aceptaci\u00f3n de una donaci\u00f3n que el gobierno nacional hizo en 2015.<\/strong><\/em><\/p>\n<p><a href=\"https:\/\/www.hoymercedes.com.ar\/principal\/wp-content\/uploads\/2017\/03\/15-sesion-HCD-1.jpg\"><img loading=\"lazy\" decoding=\"async\" data-attachment-id=\"60692\" data-permalink=\"https:\/\/www.hoymercedes.com.ar\/principal\/2017\/03\/15\/cuatro-nuevas-ordenanzas-aprobadas-en-la-sesion-extraordinaria\/15-sesion-hcd-1\/#main\" data-orig-file=\"https:\/\/www.hoymercedes.com.ar\/principal\/wp-content\/uploads\/2017\/03\/15-sesion-HCD-1.jpg\" data-orig-size=\"630,420\" data-comments-opened=\"0\" data-image-meta=\"{&quot;aperture&quot;:&quot;3.5&quot;,&quot;credit&quot;:&quot;&quot;,&quot;camera&quot;:&quot;NIKON D3100&quot;,&quot;caption&quot;:&quot;&quot;,&quot;created_timestamp&quot;:&quot;1489490912&quot;,&quot;copyright&quot;:&quot;&quot;,&quot;focal_length&quot;:&quot;18&quot;,&quot;iso&quot;:&quot;400&quot;,&quot;shutter_speed&quot;:&quot;0.016666666666667&quot;,&quot;title&quot;:&quot;&quot;,&quot;orientation&quot;:&quot;1&quot;}\" data-image-title=\"15 sesion HCD 1\" data-image-description=\"\" data-image-caption=\"\" data-large-file=\"https:\/\/www.hoymercedes.com.ar\/principal\/wp-content\/uploads\/2017\/03\/15-sesion-HCD-1.jpg\" class=\"aligncenter size-medium wp-image-60692\" src=\"https:\/\/www.hoymercedes.com.ar\/principal\/wp-content\/uploads\/2017\/03\/15-sesion-HCD-1-630x420.jpg\" alt=\"\" width=\"630\" height=\"420\" srcset=\"https:\/\/www.hoymercedes.com.ar\/principal\/wp-content\/uploads\/2017\/03\/15-sesion-HCD-1.jpg 630w, https:\/\/www.hoymercedes.com.ar\/principal\/wp-content\/uploads\/2017\/03\/15-sesion-HCD-1-150x100.jpg 150w, https:\/\/www.hoymercedes.com.ar\/principal\/wp-content\/uploads\/2017\/03\/15-sesion-HCD-1-300x200.jpg 300w\" sizes=\"auto, (max-width: 630px) 100vw, 630px\" \/><\/a><\/p>\n<p>El inicio del per\u00edodo de sesiones ordinarias del Concejo Deliberante de Mercedes est\u00e1 previsto para el venidero 3 de abril. Sin embargo, urg\u00eda tratar algunos expedientes y se resolvi\u00f3 llevar adelante una nueva sesi\u00f3n extraordinaria en la ma\u00f1ana del martes.<\/p>\n<p>Con la presencia de diecisiete concejales en el recinto, la orden del d\u00eda anticipaba el tratamiento de cuatro expedientes que ya se hab\u00edan acordado con los cuatro bloques legislativos y por lo tanto, la sesi\u00f3n ser\u00eda expeditiva, durando menos de media hora, m\u00e1s all\u00e1 de la participaci\u00f3n de los docentes haciendo uso de la banca participativa <a href=\"https:\/\/www.hoymercedes.com.ar\/principal\/2017\/03\/14\/docentes-denunciaron-persecucion-del-ministerio-de-trabajo\/\" target=\"_blank\">(ver aparte).<\/a><\/p>\n<p>El expediente que mereci\u00f3 la participaci\u00f3n de los concejales fue aprobado por unanimidad. No obstante, los legisladores de los bloques opositores dieron cuenta de sus posturas pol\u00edticas en respuesta a las declaraciones del Departamento Ejecutivo al anunciar el proyecto como una \u201c<a href=\"https:\/\/www.hoymercedes.com.ar\/principal\/2017\/03\/09\/el-intendente-reduce-la-tasa-de-conservacion\/\" target=\"_blank\">reducci\u00f3n en las tasas de conservaci\u00f3n<\/a>\u201d.<\/p>\n<p>Los Concejales del Frente Renovador, Carlos Milhomme y Sabrina Selva, fueron los que encabezaron la exposici\u00f3n de los concejales opositores. \u201cSali\u00f3 a la luz por parte del Departamento Ejecutivo que este proyecto era una reducci\u00f3n de la tasa de conservaci\u00f3n en la v\u00eda p\u00fablica. Esto no es as\u00ed. No hay una reducci\u00f3n en la tasa, sino que lo que se hace es volver a poner un tope al c\u00f3mputo para los lotes que sean viviendas familiares, contemplando un m\u00e1ximo de 50 metros. Merece la aclaraci\u00f3n a los vecinos. Ante los incrementos de las tasas municipales, quiz\u00e1s algunos vecinos se vieron esperanzados con la informaci\u00f3n brindada por el Ejecutivo. La realidad es que con esta modificaci\u00f3n, dentro del universo de contribuyentes, son los menos los que se ven alcanzados. El valor de la tasa sigue siendo el mismo\u201d, destac\u00f3 la concejala Selva.<\/p>\n<p>Por su parte, Oscar Albini del Frente Cambiemos, busc\u00f3 reforzar la explicaci\u00f3n de la concejala que lo antecedi\u00f3. Dirigi\u00e9ndose a los frentistas que tienen sus propiedades a mitad de cuadra, explico que la boleta que recibir\u00e1n \u201ctendr\u00e1n los mismos valores\u201d. \u201cNo s\u00e9 si hubo picard\u00eda pol\u00edtica de parte del Intendente o una mala informaci\u00f3n a trav\u00e9s de la prensa municipal, pero hay que darle a conocer a la comunidad que lo que se modifica influye en las propiedades que est\u00e1n en las esquinas y que tienen dos, tres o m\u00e1s frentes. No al frentista de mitad de cuadra\u201d, agreg\u00f3.<\/p>\n<p>En tanto, el vecinalista Jos\u00e9 Cestari coincidi\u00f3 con las palabras de los concejales opositores. Aunque asegur\u00f3 que acompa\u00f1aba la modificaci\u00f3n, plante\u00f3 el por qu\u00e9 ponerle un tope a la tasa. \u201cSi una persona que tiene 50 metros de frente, est\u00e1 bien que page menos que el que tiene 10 metros. Cu\u00e1l es la diferencia. Hay que tenerlo en cuenta\u201d, destac\u00f3.<\/p>\n<p>Milhomme record\u00f3 que en el tratamiento de las ordenanzas fiscal e impositiva, el proyecto original tomaba como base imponible la valuaci\u00f3n fiscal de la propiedad, mientras que los concejales por unanimidad modificaron esto para que se vuelva a considerar el metro lineal de frente como base para cobrar la tasa de conservaci\u00f3n.<\/p>\n<p>Finalmente, el Concejal oficialista Santiago Altube, expres\u00f3 que para \u00e9l habr\u00eda sido mejor tomar como base imponible la valuaci\u00f3n fiscal y al cambiar la base, es lo que motiv\u00f3 que \u201clos valores de las tasas se hayan visto desmedidos y costoso para los vecinos\u201d. \u201cCon buen tino, el Intendente pone el l\u00edmite de 50 metros y queda pendiente evaluar si la valuaci\u00f3n fiscal es mejor o no para determinar el valor de la tasa\u201d, agreg\u00f3.<\/p>\n<p>De esta forma, el expediente que present\u00f3 el Departamento Ejecutivo &#8211; que se modific\u00f3 para que sea una ordenanza y no un decreto \u2013 se aprob\u00f3 y se plante\u00f3 la retroactividad de la medida. La modificaci\u00f3n del Cap\u00edtulo 1 art\u00edculo 12 del C\u00f3digo de Procedimiento\u00a0 Fiscal y Tributario, agregando una \u00faltima l\u00ednea. El art\u00edculo, entonces, establece: \u201cLos contribuyentes que deban abonar la Tasa por Conservaci\u00f3n de la V\u00eda P\u00fablica, lo har\u00e1n sobre los metros de frente de cada parcela y con los valores que se detallan en la Ordenanza Fiscal Impositiva. En los casos de parcelas que sus frentes den a dos calles (lotes esquineros) se sumar\u00e1n ambos frentes y la ochava. Para los lotes de tres o m\u00e1s frentes se computar\u00e1n dos de los frentes m\u00e1s cortos y una de las ochavas. Para los lotes de dos, tres o m\u00e1s frentes que sean viviendas de uso familiar, o comercios contemplados dentro del r\u00e9gimen simplificado de la Tasa de Seguridad e Higiene, se computar\u00e1 un m\u00e1ximo de cincuenta metros de parcela\u201d.<\/p>\n<p>&nbsp;<\/p>\n<p>&nbsp;<\/p>\n<p><strong>Aceptaci\u00f3n de donaci\u00f3n<\/strong><\/p>\n<p>Otro expediente aprobado por unanimidad que no tuvo comentarios durante su tratamiento, pero s\u00ed brevemente al final de la sesi\u00f3n por parte de Milhomme, fue la aceptaci\u00f3n de una donaci\u00f3n que la Secretar\u00eda General de Presidencia de la Naci\u00f3n hizo el 9 de diciembre de 2015 \u2013 por entonces a cargo de Eduardo \u201cWado\u201d de Pedro \u2013 quedando en la aduana desde ese momento hasta julio pasado.<\/p>\n<p>Existieron entre los concejales algunos planteos por la donaci\u00f3n y de hecho se modific\u00f3 el proyecto original presentado por el Intendente Juan Ignacio Ustarroz. Los concejales instaron al Departamento Ejecutivo a regularizar la situaci\u00f3n de los veh\u00edculos, principalmente en cuanto a las patentes y seguros d\u00e1ndole 180 d\u00edas para\u00a0 hacer esto. La donaci\u00f3n aceptada implica una moto scooter 125, una moto Suzuki 650, una moto Honda 250 y un cami\u00f3n Dodge Modelo RAM 5500 del a\u00f1o 2012.<\/p>\n<p>&nbsp;<\/p>\n<p><strong>Suspensi\u00f3n habilitaciones de supermercados<\/strong><\/p>\n<p>Previo a ingresar dos nuevos expedientes que fueron derivados al trabajo en comisi\u00f3n, los concejales aprobaron una nueva ordenanza que prorroga por 90 d\u00edas m\u00e1s la ordenanza 7816\/16, una norma que suspende el otorgamiento de habilitaciones en comercios de : venta de sustancias alimenticias y supermercados en la modalidad de Autoservicio. La nueva ordenanza se except\u00faa la suspensi\u00f3n a las \u201ctransferencias\u201d.<\/p>\n<p><img loading=\"lazy\" decoding=\"async\" data-attachment-id=\"60693\" data-permalink=\"https:\/\/www.hoymercedes.com.ar\/principal\/2017\/03\/15\/cuatro-nuevas-ordenanzas-aprobadas-en-la-sesion-extraordinaria\/15-sesion-hcd-2\/#main\" data-orig-file=\"https:\/\/www.hoymercedes.com.ar\/principal\/wp-content\/uploads\/2017\/03\/15-sesion-HCD-2.jpg\" data-orig-size=\"630,420\" data-comments-opened=\"0\" data-image-meta=\"{&quot;aperture&quot;:&quot;3.8&quot;,&quot;credit&quot;:&quot;&quot;,&quot;camera&quot;:&quot;NIKON D3100&quot;,&quot;caption&quot;:&quot;&quot;,&quot;created_timestamp&quot;:&quot;1489491016&quot;,&quot;copyright&quot;:&quot;&quot;,&quot;focal_length&quot;:&quot;22&quot;,&quot;iso&quot;:&quot;400&quot;,&quot;shutter_speed&quot;:&quot;0.016666666666667&quot;,&quot;title&quot;:&quot;&quot;,&quot;orientation&quot;:&quot;1&quot;}\" data-image-title=\"15 sesion HCD 2\" data-image-description=\"\" data-image-caption=\"\" data-large-file=\"https:\/\/www.hoymercedes.com.ar\/principal\/wp-content\/uploads\/2017\/03\/15-sesion-HCD-2.jpg\" class=\"aligncenter size-medium wp-image-60693\" src=\"https:\/\/www.hoymercedes.com.ar\/principal\/wp-content\/uploads\/2017\/03\/15-sesion-HCD-2-630x420.jpg\" alt=\"\" width=\"630\" height=\"420\" srcset=\"https:\/\/www.hoymercedes.com.ar\/principal\/wp-content\/uploads\/2017\/03\/15-sesion-HCD-2.jpg 630w, https:\/\/www.hoymercedes.com.ar\/principal\/wp-content\/uploads\/2017\/03\/15-sesion-HCD-2-150x100.jpg 150w, https:\/\/www.hoymercedes.com.ar\/principal\/wp-content\/uploads\/2017\/03\/15-sesion-HCD-2-300x200.jpg 300w\" sizes=\"auto, (max-width: 630px) 100vw, 630px\" \/><\/p>\n<p>&nbsp;<\/p>\n<p>Textos: Clarisa Altieri<\/p>\n","protected":false},"excerpt":{"rendered":"<p>Modificaron el C\u00f3digo Tributario estableciendo un \u201ctope\u201d de 50 metros por parcela. Aprobaron la aceptaci\u00f3n de una donaci\u00f3n que el &#8230; <a title=\"Cuatro nuevas ordenanzas aprobadas en la sesi\u00f3n extraordinaria\" class=\"read-more\" href=\"https:\/\/www.hoymercedes.com.ar\/principal\/2017\/03\/15\/cuatro-nuevas-ordenanzas-aprobadas-en-la-sesion-extraordinaria\/\" aria-label=\"Leer m\u00e1s sobre Cuatro nuevas ordenanzas aprobadas en la sesi\u00f3n extraordinaria\">Leer m\u00e1s<\/a><\/p>\n","protected":false},"author":1,"featured_media":60693,"comment_status":"closed","ping_status":"open","sticky":false,"template":"","format":"standard","meta":{"_monsterinsights_skip_tracking":false,"_monsterinsights_sitenote_active":false,"_monsterinsights_sitenote_note":"","_monsterinsights_sitenote_category":0,"jetpack_post_was_ever_published":false,"_jetpack_newsletter_access":"","_jetpack_dont_email_post_to_subs":true,"_jetpack_newsletter_tier_id":0,"_jetpack_memberships_contains_paywalled_content":false,"_jetpack_memberships_contains_paid_content":false,"footnotes":"","jetpack_publicize_message":"","jetpack_publicize_feature_enabled":true,"jetpack_social_post_already_shared":true,"jetpack_social_options":{"image_generator_settings":{"template":"highway","default_image_id":0,"font":"","enabled":false},"version":2},"_wpas_customize_per_network":false},"categories":[5],"tags":[8993,15,10338,5319,9095],"class_list":["post-60691","post","type-post","status-publish","format-standard","has-post-thumbnail","hentry","category-politica","tag-concejales","tag-hcd","tag-ordenanzas","tag-politica-2","tag-sesion","generate-columns","tablet-grid-50","mobile-grid-100","grid-parent","grid-50"],"jetpack_publicize_connections":[],"jetpack_featured_media_url":"https:\/\/www.hoymercedes.com.ar\/principal\/wp-content\/uploads\/2017\/03\/15-sesion-HCD-2.jpg","wps_subtitle":"Ma\u00f1ana del martes","jetpack_sharing_enabled":true,"jetpack-related-posts":[{"id":142235,"url":"https:\/\/www.hoymercedes.com.ar\/principal\/2022\/01\/01\/aprobaciones-unanimes-en-la-sesion-del-hcd\/","url_meta":{"origin":60691,"position":0},"title":"Aprobaciones un\u00e1nimes en la sesi\u00f3n del HCD","author":"hoymercedes","date":"1 enero, 2022","format":false,"excerpt":"Durante la ma\u00f1ana del \u00faltimo jueves del 2021, el Concejo Deliberante de Mercedes llev\u00f3 adelante una sesi\u00f3n extraordinaria. Presidida por la titular del cuerpo Evangelina Cabral, el recint\u00f3 cont\u00f3 con dieciseis concejales presentes. Los expedientes tratados en el orden del d\u00eda eran proyectos de ordenanzas propuestos por el Departamento Ejecutivo\u2026","rel":"","context":"En \u00abPol\u00edtica\u00bb","block_context":{"text":"Pol\u00edtica","link":"https:\/\/www.hoymercedes.com.ar\/principal\/category\/politica\/"},"img":{"alt_text":"","src":"https:\/\/i0.wp.com\/www.hoymercedes.com.ar\/principal\/wp-content\/uploads\/2022\/01\/IMG_20211230_111251675.jpg?resize=350%2C200&ssl=1","width":350,"height":200,"srcset":"https:\/\/i0.wp.com\/www.hoymercedes.com.ar\/principal\/wp-content\/uploads\/2022\/01\/IMG_20211230_111251675.jpg?resize=350%2C200&ssl=1 1x, https:\/\/i0.wp.com\/www.hoymercedes.com.ar\/principal\/wp-content\/uploads\/2022\/01\/IMG_20211230_111251675.jpg?resize=525%2C300&ssl=1 1.5x, https:\/\/i0.wp.com\/www.hoymercedes.com.ar\/principal\/wp-content\/uploads\/2022\/01\/IMG_20211230_111251675.jpg?resize=700%2C400&ssl=1 2x"},"classes":[]},{"id":104127,"url":"https:\/\/www.hoymercedes.com.ar\/principal\/2019\/12\/17\/concejales-aprobaron-ampliacion-presupuestaria-2019-y-comenzaron-a-trabajar-los-numeros-para-el-2020\/","url_meta":{"origin":60691,"position":1},"title":"Concejales aprobaron ampliaci\u00f3n presupuestaria 2019 y comenzaron a trabajar los n\u00fameros para el 2020","author":"hoymercedes","date":"17 diciembre, 2019","format":false,"excerpt":"La sesi\u00f3n extraordinaria tuvo qu\u00f3rum y asistencia completa. Por el doble voto de presidente se aprob\u00f3 la ampliaci\u00f3n de 350 millones de pesos y beneficios retroactivos para funcionarios. Adem\u00e1s, se aprob\u00f3 la ordenanza preparatoria para la Fiscal Impositiva que tendr\u00e1 su asamblea con Mayores Contribuyentes el 27 de diciembre. En\u2026","rel":"","context":"En \u00abPol\u00edtica\u00bb","block_context":{"text":"Pol\u00edtica","link":"https:\/\/www.hoymercedes.com.ar\/principal\/category\/politica\/"},"img":{"alt_text":"","src":"https:\/\/i0.wp.com\/www.hoymercedes.com.ar\/principal\/wp-content\/uploads\/2019\/12\/quintasesionextraor-2.jpg?resize=350%2C200&ssl=1","width":350,"height":200,"srcset":"https:\/\/i0.wp.com\/www.hoymercedes.com.ar\/principal\/wp-content\/uploads\/2019\/12\/quintasesionextraor-2.jpg?resize=350%2C200&ssl=1 1x, https:\/\/i0.wp.com\/www.hoymercedes.com.ar\/principal\/wp-content\/uploads\/2019\/12\/quintasesionextraor-2.jpg?resize=525%2C300&ssl=1 1.5x, https:\/\/i0.wp.com\/www.hoymercedes.com.ar\/principal\/wp-content\/uploads\/2019\/12\/quintasesionextraor-2.jpg?resize=700%2C400&ssl=1 2x"},"classes":[]},{"id":103707,"url":"https:\/\/www.hoymercedes.com.ar\/principal\/2019\/12\/09\/la-tercera-tambien-sin-quorum\/","url_meta":{"origin":60691,"position":2},"title":"La tercera tambi\u00e9n sin quorum","author":"hoymercedes","date":"9 diciembre, 2019","format":false,"excerpt":"Ahora. Tercera convocatoria a sesi\u00f3n extraordinaria nuevamente sin quorum. El bloque del Frente Cambiemos no se hizo presente en el recinto para tratar expedientes relacionados con modificaciones y ampliaci\u00f3n del Presupuesto 2019. Los concejales presentes, empezando por Carlos Milhomme del Frente Renovador, expusieron su opini\u00f3n y perspectiva ante la falta\u2026","rel":"","context":"En \u00abPol\u00edtica\u00bb","block_context":{"text":"Pol\u00edtica","link":"https:\/\/www.hoymercedes.com.ar\/principal\/category\/politica\/"},"img":{"alt_text":"","src":"https:\/\/i0.wp.com\/www.hoymercedes.com.ar\/principal\/wp-content\/uploads\/2019\/12\/IMG_20191209_085153360-800x600.jpg?resize=350%2C200&ssl=1","width":350,"height":200,"srcset":"https:\/\/i0.wp.com\/www.hoymercedes.com.ar\/principal\/wp-content\/uploads\/2019\/12\/IMG_20191209_085153360-800x600.jpg?resize=350%2C200&ssl=1 1x, https:\/\/i0.wp.com\/www.hoymercedes.com.ar\/principal\/wp-content\/uploads\/2019\/12\/IMG_20191209_085153360-800x600.jpg?resize=525%2C300&ssl=1 1.5x, https:\/\/i0.wp.com\/www.hoymercedes.com.ar\/principal\/wp-content\/uploads\/2019\/12\/IMG_20191209_085153360-800x600.jpg?resize=700%2C400&ssl=1 2x"},"classes":[]},{"id":141351,"url":"https:\/\/www.hoymercedes.com.ar\/principal\/2021\/12\/11\/se-despidieron-los-concejales-2017-2021\/","url_meta":{"origin":60691,"position":3},"title":"Se despidieron los concejales 2017-2021","author":"hoymercedes","date":"11 diciembre, 2021","format":false,"excerpt":"En la ma\u00f1ana del \u00faltimo jueves se llev\u00f3 adelante la sesi\u00f3n extraordinaria de despedida de los concejales electos en 2017. Se trata de Mariana San Mart\u00edn, Mar\u00eda Jos\u00e9 Piacentini, Marilina Bustelo, Esteban Biagini, Facundo Mazzone, Sabrina Vi\u00f1ales y Juan Mart\u00edn Andr\u00e9s (\u00e9stos dos \u00faltimos no se encontraban presentes en la\u2026","rel":"","context":"En \u00abPol\u00edtica\u00bb","block_context":{"text":"Pol\u00edtica","link":"https:\/\/www.hoymercedes.com.ar\/principal\/category\/politica\/"},"img":{"alt_text":"","src":"https:\/\/i0.wp.com\/www.hoymercedes.com.ar\/principal\/wp-content\/uploads\/2021\/12\/HCD-despedida-6.jpg?resize=350%2C200&ssl=1","width":350,"height":200,"srcset":"https:\/\/i0.wp.com\/www.hoymercedes.com.ar\/principal\/wp-content\/uploads\/2021\/12\/HCD-despedida-6.jpg?resize=350%2C200&ssl=1 1x, https:\/\/i0.wp.com\/www.hoymercedes.com.ar\/principal\/wp-content\/uploads\/2021\/12\/HCD-despedida-6.jpg?resize=525%2C300&ssl=1 1.5x, https:\/\/i0.wp.com\/www.hoymercedes.com.ar\/principal\/wp-content\/uploads\/2021\/12\/HCD-despedida-6.jpg?resize=700%2C400&ssl=1 2x"},"classes":[]},{"id":159352,"url":"https:\/\/www.hoymercedes.com.ar\/principal\/2023\/03\/10\/sesion-express-en-el-concejo-deliberante\/","url_meta":{"origin":60691,"position":4},"title":"Sesi\u00f3n express en el Concejo Deliberante","author":"hoymercedes","date":"10 marzo, 2023","format":false,"excerpt":"Poco m\u00e1s de cinco minutos dur\u00f3 la sesi\u00f3n extraordinaria del Concejo Deliberante de Mercedes del jueves a la ma\u00f1ana. Eran cinco los expedientes a tratar de acuerdo al orden del d\u00eda, de los cuales cuatro fueron agrupados y aprobados sobre tablas, mientras que el \u00faltimo se deriv\u00f3 a la comisi\u00f3n\u2026","rel":"","context":"En \u00abHCD Mercedes\u00bb","block_context":{"text":"HCD Mercedes","link":"https:\/\/www.hoymercedes.com.ar\/principal\/category\/hcd-mercedes\/"},"img":{"alt_text":"","src":"https:\/\/i0.wp.com\/www.hoymercedes.com.ar\/principal\/wp-content\/uploads\/2023\/03\/IMG_20230309_114109746.jpg?resize=350%2C200&ssl=1","width":350,"height":200,"srcset":"https:\/\/i0.wp.com\/www.hoymercedes.com.ar\/principal\/wp-content\/uploads\/2023\/03\/IMG_20230309_114109746.jpg?resize=350%2C200&ssl=1 1x, https:\/\/i0.wp.com\/www.hoymercedes.com.ar\/principal\/wp-content\/uploads\/2023\/03\/IMG_20230309_114109746.jpg?resize=525%2C300&ssl=1 1.5x, https:\/\/i0.wp.com\/www.hoymercedes.com.ar\/principal\/wp-content\/uploads\/2023\/03\/IMG_20230309_114109746.jpg?resize=700%2C400&ssl=1 2x"},"classes":[]},{"id":166806,"url":"https:\/\/www.hoymercedes.com.ar\/principal\/2023\/09\/07\/hcd-juvenil-sesiono-y-aprobo-proyectos-trabajados\/","url_meta":{"origin":60691,"position":5},"title":"HCD Juvenil sesion\u00f3 y aprob\u00f3 proyectos trabajados","author":"hoymercedes","date":"7 septiembre, 2023","format":false,"excerpt":"En las \u00faltimas horas de la tarde del jueves, el recinto del Concejo Deliberante de Mercedes fue el escenario de la segunda sesi\u00f3n del a\u00f1o del HCD Juvenil. Los j\u00f3venes concejales expusieron sint\u00e9ticamente sus proyectos. A medida que eran nombrados las propuestas y los despachos trabajados y firmados en las\u2026","rel":"","context":"En \u00abHCD Mercedes\u00bb","block_context":{"text":"HCD Mercedes","link":"https:\/\/www.hoymercedes.com.ar\/principal\/category\/hcd-mercedes\/"},"img":{"alt_text":"","src":"https:\/\/i0.wp.com\/www.hoymercedes.com.ar\/principal\/wp-content\/uploads\/2023\/09\/IMG_20230907_200138756_copy_800x533.jpg?resize=350%2C200&ssl=1","width":350,"height":200,"srcset":"https:\/\/i0.wp.com\/www.hoymercedes.com.ar\/principal\/wp-content\/uploads\/2023\/09\/IMG_20230907_200138756_copy_800x533.jpg?resize=350%2C200&ssl=1 1x, https:\/\/i0.wp.com\/www.hoymercedes.com.ar\/principal\/wp-content\/uploads\/2023\/09\/IMG_20230907_200138756_copy_800x533.jpg?resize=525%2C300&ssl=1 1.5x, https:\/\/i0.wp.com\/www.hoymercedes.com.ar\/principal\/wp-content\/uploads\/2023\/09\/IMG_20230907_200138756_copy_800x533.jpg?resize=700%2C400&ssl=1 2x"},"classes":[]}],"_links":{"self":[{"href":"https:\/\/www.hoymercedes.com.ar\/principal\/wp-json\/wp\/v2\/posts\/60691","targetHints":{"allow":["GET"]}}],"collection":[{"href":"https:\/\/www.hoymercedes.com.ar\/principal\/wp-json\/wp\/v2\/posts"}],"about":[{"href":"https:\/\/www.hoymercedes.com.ar\/principal\/wp-json\/wp\/v2\/types\/post"}],"author":[{"embeddable":true,"href":"https:\/\/www.hoymercedes.com.ar\/principal\/wp-json\/wp\/v2\/users\/1"}],"replies":[{"embeddable":true,"href":"https:\/\/www.hoymercedes.com.ar\/principal\/wp-json\/wp\/v2\/comments?post=60691"}],"version-history":[{"count":0,"href":"https:\/\/www.hoymercedes.com.ar\/principal\/wp-json\/wp\/v2\/posts\/60691\/revisions"}],"wp:featuredmedia":[{"embeddable":true,"href":"https:\/\/www.hoymercedes.com.ar\/principal\/wp-json\/wp\/v2\/media\/60693"}],"wp:attachment":[{"href":"https:\/\/www.hoymercedes.com.ar\/principal\/wp-json\/wp\/v2\/media?parent=60691"}],"wp:term":[{"taxonomy":"category","embeddable":true,"href":"https:\/\/www.hoymercedes.com.ar\/principal\/wp-json\/wp\/v2\/categories?post=60691"},{"taxonomy":"post_tag","embeddable":true,"href":"https:\/\/www.hoymercedes.com.ar\/principal\/wp-json\/wp\/v2\/tags?post=60691"}],"curies":[{"name":"wp","href":"https:\/\/api.w.org\/{rel}","templated":true}]}}