{"id":60701,"date":"2017-03-15T15:09:44","date_gmt":"2017-03-15T18:09:44","guid":{"rendered":"http:\/\/www.hoymercedes.com.ar\/principal\/?p=60701"},"modified":"2017-03-15T15:09:44","modified_gmt":"2017-03-15T18:09:44","slug":"vidal-anuncio-un-adelanto-de-paritarias-para-los-docentes","status":"publish","type":"post","link":"https:\/\/www.hoymercedes.com.ar\/principal\/2017\/03\/15\/vidal-anuncio-un-adelanto-de-paritarias-para-los-docentes\/","title":{"rendered":"Vidal anunci\u00f3 un \u00abadelanto de paritarias\u00bb para los docentes"},"content":{"rendered":"<p>La Plata, 15 de marzo de 2017.\u2013 La gobernadora de la provincia de Buenos Aires, Mar\u00eda Eugenia Vidal, asegur\u00f3 que \u00abno hay vocaci\u00f3n de di\u00e1logo, hay vocaci\u00f3n de conflicto\u00bb en algunos dirigentes gremiales docentes, anunci\u00f3 que todos los maestros cobrar\u00e1n un \u00abadelanto de paritarias\u00bb a cuenta del acuerdo que se alcance, y que habr\u00e1 \u00abun reconocimiento extraordinario\u00bb para los educadores \u00abque decidieron dar clases y priorizaron a los chicos\u00bb a pesar del paro.<\/p>\n<p><img loading=\"lazy\" decoding=\"async\" data-attachment-id=\"60702\" data-permalink=\"https:\/\/www.hoymercedes.com.ar\/principal\/2017\/03\/15\/vidal-anuncio-un-adelanto-de-paritarias-para-los-docentes\/15-vidal-docentes\/#main\" data-orig-file=\"https:\/\/www.hoymercedes.com.ar\/principal\/wp-content\/uploads\/2017\/03\/15-vidal-docentes.jpg\" data-orig-size=\"630,419\" data-comments-opened=\"0\" data-image-meta=\"{&quot;aperture&quot;:&quot;3.5&quot;,&quot;credit&quot;:&quot;?????????????????&quot;,&quot;camera&quot;:&quot;NIKON D700&quot;,&quot;caption&quot;:&quot;&quot;,&quot;created_timestamp&quot;:&quot;1489578896&quot;,&quot;copyright&quot;:&quot;FOTO: GOBIERNO BA&quot;,&quot;focal_length&quot;:&quot;92&quot;,&quot;iso&quot;:&quot;1600&quot;,&quot;shutter_speed&quot;:&quot;0.00625&quot;,&quot;title&quot;:&quot;&quot;,&quot;orientation&quot;:&quot;1&quot;}\" data-image-title=\"15 vidal docentes\" data-image-description=\"\" data-image-caption=\"\" data-large-file=\"https:\/\/www.hoymercedes.com.ar\/principal\/wp-content\/uploads\/2017\/03\/15-vidal-docentes.jpg\" class=\"aligncenter size-medium wp-image-60702\" src=\"https:\/\/www.hoymercedes.com.ar\/principal\/wp-content\/uploads\/2017\/03\/15-vidal-docentes-630x419.jpg\" alt=\"\" width=\"630\" height=\"419\" srcset=\"https:\/\/www.hoymercedes.com.ar\/principal\/wp-content\/uploads\/2017\/03\/15-vidal-docentes.jpg 630w, https:\/\/www.hoymercedes.com.ar\/principal\/wp-content\/uploads\/2017\/03\/15-vidal-docentes-150x100.jpg 150w, https:\/\/www.hoymercedes.com.ar\/principal\/wp-content\/uploads\/2017\/03\/15-vidal-docentes-300x200.jpg 300w\" sizes=\"auto, (max-width: 630px) 100vw, 630px\" \/><\/p>\n<p>Durante una conferencia de prensa ofrecida en la Casa de Gobierno provincial, acompa\u00f1ada por sus ministros de Econom\u00eda, Hern\u00e1n Lacunza; de Trabajo, Marcelo Villegas; y de Educaci\u00f3n, Alejandro Finocchiaro; la gobernadora dijo que se pagar\u00e1 \u00abun adelanto de paritarias equivalente a 1500 pesos hasta 3750 pesos, que ser\u00e1 recibido por todos los docentes como un adelanto a cuenta del acuerdo que, espero, podamos alcanzar con los dirigentes gremiales\u00bb.<\/p>\n<p>Adem\u00e1s, se abonar\u00e1 \u00abun reconocimiento extraordinario y por \u00fanica vez al presentismo de los docentes que este mes decidieron dar clases y priorizaron a los chicos\u00bb, consistente en mil pesos.<\/p>\n<p>\u00abEn febrero, con buena fe, convocamos un mes antes a los dirigentes gremiales docentes para proponerles un aumento que fuera igual a la inflaci\u00f3n. Diez d\u00edas antes de empezar las clases, se anunciaron dos d\u00edas de paro. Nos comprometimos a poner por escrito que \u00edbamos a pagar la inflaci\u00f3n fuera la que fuera, la que definiera el INDEC. Nos pidieron un reconocimiento por el a\u00f1o 2016 y conseguimos mil millones de pesos y se les ofrecimos. Nos pidieron que cambi\u00e1ramos las cuotas para que los fondos llegaran antes de la inflaci\u00f3n, y aceptamos. Aun as\u00ed, ante cada propuesta recibimos anuncios de paro\u00bb, explic\u00f3 Vidal.<\/p>\n<p>Remarc\u00f3 que \u00abno hay vocaci\u00f3n de di\u00e1logo en algunos dirigentes gremiales, hay vocaci\u00f3n de conflicto. Hace semanas que dejaron de dialogar y de hablar de salario docente. La vocaci\u00f3n es por un conflicto que se extienda el mayor tiempo posible. Creo que ese conflicto tiene dos perjudicados: los chicos y sus familias, que se quedan si la posibilidad de ir a la escuela. Segundo, los docentes, que a diferencia del resto de los trabajadores estatales, desde enero no cobran aumento salarial porque no hay acuerdo paritario\u00bb.<\/p>\n<p>&nbsp;<\/p>\n<p>Vidal asever\u00f3 que \u00abno voy a especular, no soy candidata ni trabajo por futuras candidaturas. No me importa si pierdo una elecci\u00f3n por esta discusi\u00f3n, no me importa mi futuro cargo p\u00fablico\u00bb, y destac\u00f3 que \u00abcuando millones de bonaerenses votaron este cambio, votaron esta discusi\u00f3n\u00bb.<\/p>\n<p>Dijo que su gobierno se sent\u00f3 a negociar \u00absiempre con la vocaci\u00f3n de llegar a un acuerdo\u00bb y que \u00abotros demostraron que s\u00f3lo quieren el conflicto\u00bb, por o que desafi\u00f3 a los sindicalistas a que \u00abdigan de qu\u00e9 partido son, a qu\u00e9 elecci\u00f3n gremial o pol\u00edtica quieren presentarse y cu\u00e1les son sus intereses y demos un debate abierto\u00bb.<\/p>\n<p>&nbsp;<\/p>\n<p>Fuente: Direcci\u00f3n Provincial de Comunicaci\u00f3n Externa<\/p>\n","protected":false},"excerpt":{"rendered":"<p>La Plata, 15 de marzo de 2017.\u2013 La gobernadora de la provincia de Buenos Aires, Mar\u00eda Eugenia Vidal, asegur\u00f3 que &#8230; <a title=\"Vidal anunci\u00f3 un \u00abadelanto de paritarias\u00bb para los docentes\" class=\"read-more\" href=\"https:\/\/www.hoymercedes.com.ar\/principal\/2017\/03\/15\/vidal-anuncio-un-adelanto-de-paritarias-para-los-docentes\/\" aria-label=\"Leer m\u00e1s sobre Vidal anunci\u00f3 un \u00abadelanto de paritarias\u00bb para los docentes\">Leer m\u00e1s<\/a><\/p>\n","protected":false},"author":1,"featured_media":0,"comment_status":"closed","ping_status":"open","sticky":false,"template":"","format":"standard","meta":{"_monsterinsights_skip_tracking":false,"_monsterinsights_sitenote_active":false,"_monsterinsights_sitenote_note":"","_monsterinsights_sitenote_category":0,"jetpack_post_was_ever_published":false,"_jetpack_newsletter_access":"","_jetpack_dont_email_post_to_subs":false,"_jetpack_newsletter_tier_id":0,"_jetpack_memberships_contains_paywalled_content":false,"_jetpack_memberships_contains_paid_content":false,"footnotes":"","jetpack_publicize_message":"","jetpack_publicize_feature_enabled":true,"jetpack_social_post_already_shared":true,"jetpack_social_options":{"image_generator_settings":{"template":"highway","default_image_id":0,"font":"","enabled":false},"version":2},"_wpas_customize_per_network":false},"categories":[5,8881],"tags":[484,2194,524,5319,1803],"class_list":["post-60701","post","type-post","status-publish","format-standard","hentry","category-politica","category-provincia","tag-docentes","tag-paritarias","tag-paro","tag-politica-2","tag-provincia","generate-columns","tablet-grid-50","mobile-grid-100","grid-parent","grid-50"],"jetpack_publicize_connections":[],"jetpack_featured_media_url":"","wps_subtitle":"En conferencia de prensa en La Plata","jetpack_sharing_enabled":true,"jetpack-related-posts":[{"id":74283,"url":"https:\/\/www.hoymercedes.com.ar\/principal\/2018\/04\/05\/provincia-cerro-las-paritarias-estatales-y-adelantaran-a-los-docentes-el-5-de-aumento\/","url_meta":{"origin":60701,"position":0},"title":"Provincia cerr\u00f3 las paritarias estatales y adelantar\u00e1n a los docentes el 5% de aumento","author":"hoymercedes","date":"5 abril, 2018","format":false,"excerpt":"La gobernadora de la provincia de Buenos Aires, Mar\u00eda Eugenia Vidal, anunci\u00f3 hoy el cierre de la paritaria con los gremios estatales y pidi\u00f3 a los sindicatos docentes dejar \"las discusiones obvias, in\u00fatiles, que no nos llevan a ning\u00fan mejor lugar\" y rever el rechazo a una propuesta que ofrece\u2026","rel":"","context":"En \u00abProvincia\u00bb","block_context":{"text":"Provincia","link":"https:\/\/www.hoymercedes.com.ar\/principal\/category\/provincia\/"},"img":{"alt_text":"","src":"https:\/\/i0.wp.com\/www.hoymercedes.com.ar\/principal\/wp-content\/uploads\/2018\/04\/05-provincia.jpg?resize=350%2C200&ssl=1","width":350,"height":200,"srcset":"https:\/\/i0.wp.com\/www.hoymercedes.com.ar\/principal\/wp-content\/uploads\/2018\/04\/05-provincia.jpg?resize=350%2C200&ssl=1 1x, https:\/\/i0.wp.com\/www.hoymercedes.com.ar\/principal\/wp-content\/uploads\/2018\/04\/05-provincia.jpg?resize=525%2C300&ssl=1 1.5x, https:\/\/i0.wp.com\/www.hoymercedes.com.ar\/principal\/wp-content\/uploads\/2018\/04\/05-provincia.jpg?resize=700%2C400&ssl=1 2x"},"classes":[]},{"id":76014,"url":"https:\/\/www.hoymercedes.com.ar\/principal\/2018\/05\/19\/luis-herrera-los-docentes-ya-no-pueden-vivir-con-estos-salarios\/","url_meta":{"origin":60701,"position":1},"title":"Luis Herrera: \u201clos docentes ya no pueden vivir con estos salarios\u201d","author":"hoymercedes","date":"19 mayo, 2018","format":false,"excerpt":"El Secretario de UDocBA Mercedes confirm\u00f3 las 48 horas de paro anunciado por los gremios docentes.\u00a0Ante la negativo de la gobernadora de abrir el dialogo y ausencia de convocatoria a paritarias, los paros ser\u00e1n el pr\u00f3ximo martes 22 y el mi\u00e9rcoles 23 de mayo con movilizaci\u00f3n. El Frente de Unidad\u2026","rel":"","context":"En \u00abGremios - Sindicatos\u00bb","block_context":{"text":"Gremios - Sindicatos","link":"https:\/\/www.hoymercedes.com.ar\/principal\/category\/gremios-sindicatos\/"},"img":{"alt_text":"","src":"https:\/\/i0.wp.com\/www.hoymercedes.com.ar\/principal\/wp-content\/uploads\/2017\/06\/30-Udocba-Luis-Herrera.png?resize=350%2C200&ssl=1","width":350,"height":200,"srcset":"https:\/\/i0.wp.com\/www.hoymercedes.com.ar\/principal\/wp-content\/uploads\/2017\/06\/30-Udocba-Luis-Herrera.png?resize=350%2C200&ssl=1 1x, https:\/\/i0.wp.com\/www.hoymercedes.com.ar\/principal\/wp-content\/uploads\/2017\/06\/30-Udocba-Luis-Herrera.png?resize=525%2C300&ssl=1 1.5x"},"classes":[]},{"id":47245,"url":"https:\/\/www.hoymercedes.com.ar\/principal\/2016\/02\/14\/demarco-insta-a-reforzar-el-paro-del-24-contra-el-ajuste-macrista\/","url_meta":{"origin":60701,"position":2},"title":"Demarco insta a reforzar el paro del 24 contra el ajuste macrista","author":"hoymercedes","date":"14 febrero, 2016","format":false,"excerpt":"\u201cHay que reforzar el paro del 24 porque es la primer prueba de los trabajadores contra el ajuste macrista\u201d\u00a0As\u00ed lo planteo Pablo Demarco, dirigente del Partido Obrero local y de la corriente de trabajadores de la educaci\u00f3n, Tribuna Docente. \u201cDesde la Coordinadora Sindical Clasista-PO, estamos impulsando el paro del 24,\u2026","rel":"","context":"En \u00abPol\u00edtica\u00bb","block_context":{"text":"Pol\u00edtica","link":"https:\/\/www.hoymercedes.com.ar\/principal\/category\/politica\/"},"img":{"alt_text":"","src":"https:\/\/i0.wp.com\/www.hoymercedes.com.ar\/principal\/wp-content\/uploads\/2013\/10\/demarco.jpg?resize=350%2C200&ssl=1","width":350,"height":200,"srcset":"https:\/\/i0.wp.com\/www.hoymercedes.com.ar\/principal\/wp-content\/uploads\/2013\/10\/demarco.jpg?resize=350%2C200&ssl=1 1x, https:\/\/i0.wp.com\/www.hoymercedes.com.ar\/principal\/wp-content\/uploads\/2013\/10\/demarco.jpg?resize=525%2C300&ssl=1 1.5x"},"classes":[]},{"id":135222,"url":"https:\/\/www.hoymercedes.com.ar\/principal\/2021\/08\/13\/reabrieron-paritarias-docentes\/","url_meta":{"origin":60701,"position":3},"title":"Reabrieron paritarias docentes","author":"hoymercedes","date":"13 agosto, 2021","format":false,"excerpt":"El ministro de Hacienda y Finanzas, Pablo L\u00f3pez, y la ministra de Trabajo, Mara Ruiz Malec, se reunieron este viernes con los representantes de los gremios docentes con el fin de iniciar la reapertura de las negociaciones paritarias para comenzar a discutir la pauta salarial del sector para lo que\u2026","rel":"","context":"En \u00abGremios - Sindicatos\u00bb","block_context":{"text":"Gremios - Sindicatos","link":"https:\/\/www.hoymercedes.com.ar\/principal\/category\/gremios-sindicatos\/"},"img":{"alt_text":"","src":"https:\/\/i0.wp.com\/www.hoymercedes.com.ar\/principal\/wp-content\/uploads\/2021\/08\/13-docentes-paritarias.jpg?resize=350%2C200&ssl=1","width":350,"height":200,"srcset":"https:\/\/i0.wp.com\/www.hoymercedes.com.ar\/principal\/wp-content\/uploads\/2021\/08\/13-docentes-paritarias.jpg?resize=350%2C200&ssl=1 1x, https:\/\/i0.wp.com\/www.hoymercedes.com.ar\/principal\/wp-content\/uploads\/2021\/08\/13-docentes-paritarias.jpg?resize=525%2C300&ssl=1 1.5x, https:\/\/i0.wp.com\/www.hoymercedes.com.ar\/principal\/wp-content\/uploads\/2021\/08\/13-docentes-paritarias.jpg?resize=700%2C400&ssl=1 2x"},"classes":[]},{"id":124704,"url":"https:\/\/www.hoymercedes.com.ar\/principal\/2021\/02\/13\/docentes-bonaerenses-primera-reunion-de-paritarias-del-ano\/","url_meta":{"origin":60701,"position":4},"title":"Docentes bonaerenses: primera reuni\u00f3n de paritarias del a\u00f1o","author":"hoymercedes","date":"13 febrero, 2021","format":false,"excerpt":"Informaci\u00f3n de PBA - La Directora General de Cultura y Educaci\u00f3n, Agustina Vila y el Ministro de Hacienda y Finanzas, Pablo L\u00f3pez iniciaron el di\u00e1logo con los gremios docentes. En el marco de la comisi\u00f3n paritaria docente, el ministro de Hacienda y Finanzas, Pablo L\u00f3pez, y la directora general de\u2026","rel":"","context":"En \u00abProvincia\u00bb","block_context":{"text":"Provincia","link":"https:\/\/www.hoymercedes.com.ar\/principal\/category\/provincia\/"},"img":{"alt_text":"","src":"https:\/\/i0.wp.com\/www.hoymercedes.com.ar\/principal\/wp-content\/uploads\/2021\/02\/13-educ-provincia.jpeg?resize=350%2C200&ssl=1","width":350,"height":200,"srcset":"https:\/\/i0.wp.com\/www.hoymercedes.com.ar\/principal\/wp-content\/uploads\/2021\/02\/13-educ-provincia.jpeg?resize=350%2C200&ssl=1 1x, https:\/\/i0.wp.com\/www.hoymercedes.com.ar\/principal\/wp-content\/uploads\/2021\/02\/13-educ-provincia.jpeg?resize=525%2C300&ssl=1 1.5x, https:\/\/i0.wp.com\/www.hoymercedes.com.ar\/principal\/wp-content\/uploads\/2021\/02\/13-educ-provincia.jpeg?resize=700%2C400&ssl=1 2x"},"classes":[]},{"id":52963,"url":"https:\/\/www.hoymercedes.com.ar\/principal\/2016\/07\/28\/tribuna-docente-propone-no-iniciar-las-clases\/","url_meta":{"origin":60701,"position":5},"title":"Tribuna Docente propone no iniciar las clases","author":"hoymercedes","date":"28 julio, 2016","format":false,"excerpt":"La agrupaci\u00f3n que re\u00fane a docentes de la provincia de Buenos Aires, hizo p\u00fablica la resoluci\u00f3n votada en el mes de julio, por parte del plenario de delegados convocados por los \u201cSutebas Multicolores\u201d.\u00a0La decisi\u00f3n tomada es no iniciar las clases y parar 48 horas, exigiendo la reapertura de las paritarias.\u2026","rel":"","context":"En \u00abEducaci\u00f3n\u00bb","block_context":{"text":"Educaci\u00f3n","link":"https:\/\/www.hoymercedes.com.ar\/principal\/category\/educacion\/"},"img":{"alt_text":"","src":"https:\/\/i0.wp.com\/www.hoymercedes.com.ar\/principal\/wp-content\/uploads\/2014\/03\/tribunadocente.jpg?resize=350%2C200&ssl=1","width":350,"height":200,"srcset":"https:\/\/i0.wp.com\/www.hoymercedes.com.ar\/principal\/wp-content\/uploads\/2014\/03\/tribunadocente.jpg?resize=350%2C200&ssl=1 1x, https:\/\/i0.wp.com\/www.hoymercedes.com.ar\/principal\/wp-content\/uploads\/2014\/03\/tribunadocente.jpg?resize=525%2C300&ssl=1 1.5x"},"classes":[]}],"_links":{"self":[{"href":"https:\/\/www.hoymercedes.com.ar\/principal\/wp-json\/wp\/v2\/posts\/60701","targetHints":{"allow":["GET"]}}],"collection":[{"href":"https:\/\/www.hoymercedes.com.ar\/principal\/wp-json\/wp\/v2\/posts"}],"about":[{"href":"https:\/\/www.hoymercedes.com.ar\/principal\/wp-json\/wp\/v2\/types\/post"}],"author":[{"embeddable":true,"href":"https:\/\/www.hoymercedes.com.ar\/principal\/wp-json\/wp\/v2\/users\/1"}],"replies":[{"embeddable":true,"href":"https:\/\/www.hoymercedes.com.ar\/principal\/wp-json\/wp\/v2\/comments?post=60701"}],"version-history":[{"count":0,"href":"https:\/\/www.hoymercedes.com.ar\/principal\/wp-json\/wp\/v2\/posts\/60701\/revisions"}],"wp:attachment":[{"href":"https:\/\/www.hoymercedes.com.ar\/principal\/wp-json\/wp\/v2\/media?parent=60701"}],"wp:term":[{"taxonomy":"category","embeddable":true,"href":"https:\/\/www.hoymercedes.com.ar\/principal\/wp-json\/wp\/v2\/categories?post=60701"},{"taxonomy":"post_tag","embeddable":true,"href":"https:\/\/www.hoymercedes.com.ar\/principal\/wp-json\/wp\/v2\/tags?post=60701"}],"curies":[{"name":"wp","href":"https:\/\/api.w.org\/{rel}","templated":true}]}}