{"id":60729,"date":"2017-03-16T09:12:20","date_gmt":"2017-03-16T12:12:20","guid":{"rendered":"http:\/\/www.hoymercedes.com.ar\/principal\/?p=60729"},"modified":"2017-03-16T09:12:20","modified_gmt":"2017-03-16T12:12:20","slug":"taxis-y-remises-aumentaron-25","status":"publish","type":"post","link":"https:\/\/www.hoymercedes.com.ar\/principal\/2017\/03\/16\/taxis-y-remises-aumentaron-25\/","title":{"rendered":"Taxis y Remises aumentaron 25%"},"content":{"rendered":"<p>En el marco de la sesi\u00f3n extraordinaria realizada el \u00faltimo 14 de marzo, los concejales de la ciudad de Mercedes \u00a0dieron cabida al pedido de los texistas y remiseros para incrementar los valores de sus viajes. Es as\u00ed que les permitieron aumentar un 25% sus tarifas.<\/p>\n<p>Aunque los taxistas ped\u00edan un porcentaje mayor por el incremento del combustible y los respuestas para los veh\u00edculos, los concejales aprobaron la bajada de bandera para taxis en 25 pesos y el m\u00ednimo para remises de 39 pesos.<\/p>\n<p>En la ordenanza aprobada, establecen que los taxis sumar\u00e1n 1,25 pesos por cada cien metros, y cobrar\u00e1n 93,75 pesos la hora de espera fraccionales cada quince minutos.<\/p>\n<p>Mientras que la tarifa de los remises tendr\u00e1 como base 39 pesos hasta el kilometro y medio, en tanto, $50 hasta los 2 km, $56 hasta 2,5 km, 62 pesos hasta 3 km, variando la tarifa cada medio kil\u00f3metro. Pasando los 10 kil\u00f3metros (cuyo valor es de 150 pesos), cada kil\u00f3metro tendr\u00e1 un costo de 10 pesos y la hora de espera un valor de $100, fraccionable cada quince minutos.<\/p>\n","protected":false},"excerpt":{"rendered":"<p>En el marco de la sesi\u00f3n extraordinaria realizada el \u00faltimo 14 de marzo, los concejales de la ciudad de Mercedes &#8230; <a title=\"Taxis y Remises aumentaron 25%\" class=\"read-more\" href=\"https:\/\/www.hoymercedes.com.ar\/principal\/2017\/03\/16\/taxis-y-remises-aumentaron-25\/\" aria-label=\"Leer m\u00e1s sobre Taxis y Remises aumentaron 25%\">Leer m\u00e1s<\/a><\/p>\n","protected":false},"author":1,"featured_media":60694,"comment_status":"closed","ping_status":"open","sticky":false,"template":"","format":"standard","meta":{"_monsterinsights_skip_tracking":false,"_monsterinsights_sitenote_active":false,"_monsterinsights_sitenote_note":"","_monsterinsights_sitenote_category":0,"jetpack_post_was_ever_published":false,"_jetpack_newsletter_access":"","_jetpack_dont_email_post_to_subs":false,"_jetpack_newsletter_tier_id":0,"_jetpack_memberships_contains_paywalled_content":false,"_jetpack_memberships_contains_paid_content":false,"footnotes":"","jetpack_publicize_message":"","jetpack_publicize_feature_enabled":true,"jetpack_social_post_already_shared":true,"jetpack_social_options":{"image_generator_settings":{"template":"highway","default_image_id":0,"font":"","enabled":false},"version":2},"_wpas_customize_per_network":false},"categories":[5],"tags":[8934,236,15,10743,8772,6747],"class_list":["post-60729","post","type-post","status-publish","format-standard","has-post-thumbnail","hentry","category-politica","tag-aumento","tag-concejo-deliberante","tag-hcd","tag-remises","tag-sesion-extraordinaria","tag-taxis","generate-columns","tablet-grid-50","mobile-grid-100","grid-parent","grid-50"],"jetpack_publicize_connections":[],"jetpack_featured_media_url":"https:\/\/www.hoymercedes.com.ar\/principal\/wp-content\/uploads\/2017\/03\/15-sesion-HCD-3.jpg","wps_subtitle":"Convalidado por el HCD","jetpack_sharing_enabled":true,"_links":{"self":[{"href":"https:\/\/www.hoymercedes.com.ar\/principal\/wp-json\/wp\/v2\/posts\/60729","targetHints":{"allow":["GET"]}}],"collection":[{"href":"https:\/\/www.hoymercedes.com.ar\/principal\/wp-json\/wp\/v2\/posts"}],"about":[{"href":"https:\/\/www.hoymercedes.com.ar\/principal\/wp-json\/wp\/v2\/types\/post"}],"author":[{"embeddable":true,"href":"https:\/\/www.hoymercedes.com.ar\/principal\/wp-json\/wp\/v2\/users\/1"}],"replies":[{"embeddable":true,"href":"https:\/\/www.hoymercedes.com.ar\/principal\/wp-json\/wp\/v2\/comments?post=60729"}],"version-history":[{"count":0,"href":"https:\/\/www.hoymercedes.com.ar\/principal\/wp-json\/wp\/v2\/posts\/60729\/revisions"}],"wp:featuredmedia":[{"embeddable":true,"href":"https:\/\/www.hoymercedes.com.ar\/principal\/wp-json\/wp\/v2\/media\/60694"}],"wp:attachment":[{"href":"https:\/\/www.hoymercedes.com.ar\/principal\/wp-json\/wp\/v2\/media?parent=60729"}],"wp:term":[{"taxonomy":"category","embeddable":true,"href":"https:\/\/www.hoymercedes.com.ar\/principal\/wp-json\/wp\/v2\/categories?post=60729"},{"taxonomy":"post_tag","embeddable":true,"href":"https:\/\/www.hoymercedes.com.ar\/principal\/wp-json\/wp\/v2\/tags?post=60729"}],"curies":[{"name":"wp","href":"https:\/\/api.w.org\/{rel}","templated":true}]}}