{"id":60745,"date":"2017-03-16T19:21:53","date_gmt":"2017-03-16T22:21:53","guid":{"rendered":"http:\/\/www.hoymercedes.com.ar\/principal\/?p=60745"},"modified":"2017-03-16T14:24:46","modified_gmt":"2017-03-16T17:24:46","slug":"retegui-se-buscaban-datos-por-una-cuestion-de-estadisticas","status":"publish","type":"post","link":"https:\/\/www.hoymercedes.com.ar\/principal\/2017\/03\/16\/retegui-se-buscaban-datos-por-una-cuestion-de-estadisticas\/","title":{"rendered":"Retegui: \u201cSe buscaban datos por una cuesti\u00f3n de estad\u00edsticas\u201d"},"content":{"rendered":"<p><em><strong>El Delegado Regional del Ministerio de Trabajo Bonaerense Jorge Retegui respondi\u00f3 p\u00fablicamente a los gremios docentes que l<a href=\"https:\/\/www.hoymercedes.com.ar\/principal\/2017\/03\/14\/docentes-denunciaron-persecucion-del-ministerio-de-trabajo\/\" target=\"_blank\">o denunciaron por persecuci\u00f3n<\/a>. Asegur\u00f3 que visit\u00f3 cuatro escuelas para conocer porcentajes sobre presentismo y ausentismo a pedido del organismo provincial central en el marco de la conciliaci\u00f3n obligatoria.<\/strong><\/em><\/p>\n<p>Luego de la denuncia p\u00fablica que hicieron los gremios docentes antes los concejales de la ciudad\u00a0 y tras haberse reunidos con ellos mismos en el Delegaci\u00f3n Regional del Ministerio de Trabajo de la provincia de Buenos Aires, el Delegado Jorge Retegui habl\u00f3 ante distintos medios de comunicaci\u00f3n sobre los dichos y hechos de los primeros d\u00edas de la corriente semana.<\/p>\n<p>Respondiendo las consultas de los medios, Retegui explic\u00f3 que la directiva del Ministerio Bonaerense fue en el marco de la conciliaci\u00f3n obligatoria y por lo tanto recorri\u00f3 cuatro escuelas para conocer los porcentajes de presentismo y ausentismo, sin solicitar nombre alguno de los docentes. Adem\u00e1s, confirm\u00f3 que antes de presentarse en el Concejo Deliberante, los gremios docentes se reunieron con \u00e9l para explicarles los motivos por los cuales se reuni\u00f3 con las directoras de las escuelas que visit\u00f3.<\/p>\n<p>\u201cEl martes se hicieron presentes en el Ministerio representantes de cuatro gremios docentes. Los atend\u00ed. Me presentaron una nota donde dicen que se sienten perseguidos y que han sido intimidados por este Ministerio porque nos hicimos presentes en las escuelas\u201d, dijo Retegui asumiendo que \u00e9l mismo recorri\u00f3 las escuelas.<\/p>\n<p>\u201cEl Ministerio lo que necesitaba era saber el presentismo que hab\u00eda en las escuelas. Habl\u00e9 con los directivos. No habl\u00e9 con ning\u00fan maestro, ni profesor. Solamente necesit\u00e1bamos datos de cu\u00e1ntos presentes y cu\u00e1ntos ausentes en cada establecimiento. Fui a la Escuela 7, a la Escuela 1, a Normal y a Nacional. Me dieron los datos y no hubo ning\u00fan tipo de pregunta sobre por qu\u00e9 paraban o por qu\u00e9 no. Se buscaban datos por una cuesti\u00f3n de estad\u00edsticas\u2026 Es una de las atribuciones del Ministerio, lo solicitaron desde La Plata y dentro del marco de la conciliaci\u00f3n obligatoria\u201d, agreg\u00f3 el Delegado Regional del Ministerio de Trabajo.<\/p>\n<p>\u201cLos maestros est\u00e1n en conciliaci\u00f3n obligatoria. Los dirigentes la deber\u00edan haber acatado, haber ido a trabajar y seguir el debate en el marco de la conciliaci\u00f3n obligatoria que son quince d\u00edas h\u00e1biles m\u00e1s cinco que pueden pedirse despu\u00e9s. O sea que hay un mes para seguir hablando de la recuperaci\u00f3n del salario, de un salario digno, que todos queremos que as\u00ed sea\u201d, expres\u00f3 en el marco de una entrevista radial por FM Mercedes.<\/p>\n<p>\u201cLa conciliaci\u00f3n obligatoria se dicta cuando hay un conflicto en el \u00e1mbito privado o en el \u00e1mbito estatal. Esto hace que se retrotraiga el conflicto al inicio y ah\u00ed empezar a discuritr por qu\u00e9 se llega al conflicto. Es una instancia de negociaci\u00f3n. Se tiene en total 20 d\u00edas h\u00e1biles. No es coercitivo. Hay un fallo de la justicia que dio favorable para dictar la conciliaci\u00f3n obligatoria&#8230; Legalmente est\u00e1 contemplado para evitar m\u00e1s conflictos y solucionar estos conflictos\u201d, agreg\u00f3 Retegui.<\/p>\n<p>\u201cNo hubo un sentido de persecuci\u00f3n. No se pregunt\u00f3 nombres de ning\u00fan docente. Solo porcentajes. Estuvimos el lunes y vimos que el presentismo fue muy dispar entre los turnos y las escuelas\u201d, agreg\u00f3 y reiter\u00f3 que \u201cnunca tuvo la idea de persecuci\u00f3n\u00bb ya que \u00abson acciones gremiales que hay que respetar\u00bb.<\/p>\n","protected":false},"excerpt":{"rendered":"<p>El Delegado Regional del Ministerio de Trabajo Bonaerense Jorge Retegui respondi\u00f3 p\u00fablicamente a los gremios docentes que lo denunciaron por &#8230; <a title=\"Retegui: \u201cSe buscaban datos por una cuesti\u00f3n de estad\u00edsticas\u201d\" class=\"read-more\" href=\"https:\/\/www.hoymercedes.com.ar\/principal\/2017\/03\/16\/retegui-se-buscaban-datos-por-una-cuestion-de-estadisticas\/\" aria-label=\"Leer m\u00e1s sobre Retegui: \u201cSe buscaban datos por una cuesti\u00f3n de estad\u00edsticas\u201d\">Leer m\u00e1s<\/a><\/p>\n","protected":false},"author":1,"featured_media":0,"comment_status":"closed","ping_status":"open","sticky":false,"template":"","format":"standard","meta":{"_monsterinsights_skip_tracking":false,"_monsterinsights_sitenote_active":false,"_monsterinsights_sitenote_note":"","_monsterinsights_sitenote_category":0,"jetpack_post_was_ever_published":false,"_jetpack_newsletter_access":"","_jetpack_dont_email_post_to_subs":false,"_jetpack_newsletter_tier_id":0,"_jetpack_memberships_contains_paywalled_content":false,"_jetpack_memberships_contains_paid_content":false,"footnotes":"","jetpack_publicize_message":"","jetpack_publicize_feature_enabled":true,"jetpack_social_post_already_shared":true,"jetpack_social_options":{"image_generator_settings":{"template":"highway","default_image_id":0,"font":"","enabled":false},"version":2},"_wpas_customize_per_network":false},"categories":[11],"tags":[1734,484,47,8799,255,1432,524],"class_list":["post-60745","post","type-post","status-publish","format-standard","hentry","category-ciudad","tag-ciudad-2","tag-docentes","tag-educacion-2","tag-gremios","tag-jorge-retegui","tag-ministerio-de-trabajo","tag-paro","generate-columns","tablet-grid-50","mobile-grid-100","grid-parent","grid-50"],"jetpack_publicize_connections":[],"jetpack_featured_media_url":"","wps_subtitle":"Respondiendo a los docentes","jetpack_sharing_enabled":true,"_links":{"self":[{"href":"https:\/\/www.hoymercedes.com.ar\/principal\/wp-json\/wp\/v2\/posts\/60745","targetHints":{"allow":["GET"]}}],"collection":[{"href":"https:\/\/www.hoymercedes.com.ar\/principal\/wp-json\/wp\/v2\/posts"}],"about":[{"href":"https:\/\/www.hoymercedes.com.ar\/principal\/wp-json\/wp\/v2\/types\/post"}],"author":[{"embeddable":true,"href":"https:\/\/www.hoymercedes.com.ar\/principal\/wp-json\/wp\/v2\/users\/1"}],"replies":[{"embeddable":true,"href":"https:\/\/www.hoymercedes.com.ar\/principal\/wp-json\/wp\/v2\/comments?post=60745"}],"version-history":[{"count":0,"href":"https:\/\/www.hoymercedes.com.ar\/principal\/wp-json\/wp\/v2\/posts\/60745\/revisions"}],"wp:attachment":[{"href":"https:\/\/www.hoymercedes.com.ar\/principal\/wp-json\/wp\/v2\/media?parent=60745"}],"wp:term":[{"taxonomy":"category","embeddable":true,"href":"https:\/\/www.hoymercedes.com.ar\/principal\/wp-json\/wp\/v2\/categories?post=60745"},{"taxonomy":"post_tag","embeddable":true,"href":"https:\/\/www.hoymercedes.com.ar\/principal\/wp-json\/wp\/v2\/tags?post=60745"}],"curies":[{"name":"wp","href":"https:\/\/api.w.org\/{rel}","templated":true}]}}