{"id":60751,"date":"2017-03-17T10:30:43","date_gmt":"2017-03-17T13:30:43","guid":{"rendered":"http:\/\/www.hoymercedes.com.ar\/principal\/?p=60751"},"modified":"2017-03-17T01:14:55","modified_gmt":"2017-03-17T04:14:55","slug":"familiares-y-amigos-del-nino-de-12-anos-baleado-piden-que-el-acusado-siga-detenido","status":"publish","type":"post","link":"https:\/\/www.hoymercedes.com.ar\/principal\/2017\/03\/17\/familiares-y-amigos-del-nino-de-12-anos-baleado-piden-que-el-acusado-siga-detenido\/","title":{"rendered":"Familiares y amigos del ni\u00f1o de 12 a\u00f1os baleado piden que el acusado siga detenido"},"content":{"rendered":"<p><em><strong>Los abogados del acusado pidieron la detenci\u00f3n domiciliaria, pero el fiscal se opuso. Se espera la resoluci\u00f3n del Juzgado de Garant\u00eda N\u00ba 1.\u00a0 El peque\u00f1o sigue internado en La Plata a la espera del traslado a Mercedes para su recuperaci\u00f3n total.<\/strong><\/em><\/p>\n<p><img loading=\"lazy\" decoding=\"async\" data-attachment-id=\"60752\" data-permalink=\"https:\/\/www.hoymercedes.com.ar\/principal\/2017\/03\/17\/familiares-y-amigos-del-nino-de-12-anos-baleado-piden-que-el-acusado-siga-detenido\/17-justicia-dylan-2\/#main\" data-orig-file=\"https:\/\/www.hoymercedes.com.ar\/principal\/wp-content\/uploads\/2017\/03\/17-justicia-Dylan-2.jpg\" data-orig-size=\"630,420\" data-comments-opened=\"0\" data-image-meta=\"{&quot;aperture&quot;:&quot;5.6&quot;,&quot;credit&quot;:&quot;&quot;,&quot;camera&quot;:&quot;NIKON D3100&quot;,&quot;caption&quot;:&quot;&quot;,&quot;created_timestamp&quot;:&quot;1489663375&quot;,&quot;copyright&quot;:&quot;&quot;,&quot;focal_length&quot;:&quot;22&quot;,&quot;iso&quot;:&quot;180&quot;,&quot;shutter_speed&quot;:&quot;0.008&quot;,&quot;title&quot;:&quot;&quot;,&quot;orientation&quot;:&quot;1&quot;}\" data-image-title=\"17 justicia Dylan 2\" data-image-description=\"\" data-image-caption=\"\" data-large-file=\"https:\/\/www.hoymercedes.com.ar\/principal\/wp-content\/uploads\/2017\/03\/17-justicia-Dylan-2.jpg\" class=\"aligncenter size-medium wp-image-60752\" src=\"https:\/\/www.hoymercedes.com.ar\/principal\/wp-content\/uploads\/2017\/03\/17-justicia-Dylan-2-630x420.jpg\" alt=\"\" width=\"630\" height=\"420\" srcset=\"https:\/\/www.hoymercedes.com.ar\/principal\/wp-content\/uploads\/2017\/03\/17-justicia-Dylan-2.jpg 630w, https:\/\/www.hoymercedes.com.ar\/principal\/wp-content\/uploads\/2017\/03\/17-justicia-Dylan-2-150x100.jpg 150w, https:\/\/www.hoymercedes.com.ar\/principal\/wp-content\/uploads\/2017\/03\/17-justicia-Dylan-2-300x200.jpg 300w\" sizes=\"auto, (max-width: 630px) 100vw, 630px\" \/><\/p>\n<p>Promediando la ma\u00f1ana de este jueves, los familiares y amigos del ni\u00f1o de 12 a\u00f1os que recibi\u00f3 un balazo en la cabeza de manos de un t\u00edo abuelo en el mes de febrero hicieron una movilizaci\u00f3n hasta el Palacio de Tribunales con el fin de pedirle a la Justicia que el acusado contin\u00fae detenido hasta el juicio.<\/p>\n<p>Encabezados por la abuela del peque\u00f1o Dylan, Matilde Aquino, amigos y familiares se concentraron en la Plaza San Mart\u00edn para detenerse en la esquina de 26 y 27 delante del edificio central de los Tribunales. All\u00ed le pidieron a la justicia que el acusado, el t\u00edo abuelo del peque\u00f1o, contin\u00fae detenido \u00a0\u2013 hoy a la espera de la resoluci\u00f3n del pedido de detenci\u00f3n preventiva y su posible alojamiento en un penal &#8211; y que no sea privilegiado con la prisi\u00f3n domiciliaria.<\/p>\n<p>Ante los micr\u00f3fonos de los medios de comunicaci\u00f3n de la ciudad, Matilde reiter\u00f3 el pedido de Justicia para Dylan. \u201cQueremos que la persona que est\u00e1 detenida no salga y que tenga su merecido como tiene que ser. Esto le puede pasar a cualquier nene y estamos agradecidos a la gente que acompa\u00f1\u00f3. Pedimos justicia para \u00e9l. No queremos que el acusado entre por una puerta y salga por la otra porque le arruin\u00f3 la vida a mi nieto\u201d, dijo.<\/p>\n<p>\u201cQuieren cambiar la car\u00e1tula y le quieren dar arresto domiciliario hasta el juicio. No queremos que \u00e9l salga sino que cumpla el estar detenido\u201d, agreg\u00f3.<\/p>\n<p>Por su parte, Claudio Mart\u00edn explic\u00f3 que los abogados de la familia del peque\u00f1o les explicaron que este lunes se resolver\u00eda la situaci\u00f3n del acusado hasta que se decida el juicio. \u201cQueremos que le dejen la preventiva porque hay comentario de que le quieren bajar la car\u00e1tula, como es primario puede gozar de un mont\u00f3n de beneficios. No queremos eso, porque una persona as\u00ed no tiene ning\u00fan derecho\u201d, resalt\u00f3 uno de los familiares del ni\u00f1o de 12 a\u00f1os.<\/p>\n<p>\u201cEsa noche este hombre estaba alcoholizado y le pega un tiro a Dylan cuando estaba acostado. Despu\u00e9s sali\u00f3 de la pieza, tira dos tiros m\u00e1s como diciendo se me escap\u00f3 y arrastra al nene de la cama hasta afuera y lo dej\u00f3 tirado. Eso lo supimos por las pericias. Despu\u00e9s lo lleva al hospital con un vecino y ah\u00ed se da a la fuga\u201d, record\u00f3 Claudio despejando algunas dudas de c\u00f3mo habr\u00eda sido el hecho de acuerdo a la investigaci\u00f3n del fiscal. \u201cEsperamos que el juez tome conciencia de todo esto, que no le pase m\u00e1s a ning\u00fan nene y queremos ver la justicia\u201d, agreg\u00f3 Matilde.<\/p>\n<p><img loading=\"lazy\" decoding=\"async\" data-attachment-id=\"60753\" data-permalink=\"https:\/\/www.hoymercedes.com.ar\/principal\/2017\/03\/17\/familiares-y-amigos-del-nino-de-12-anos-baleado-piden-que-el-acusado-siga-detenido\/17-justicia-dylan-1\/#main\" data-orig-file=\"https:\/\/www.hoymercedes.com.ar\/principal\/wp-content\/uploads\/2017\/03\/17-justicia-Dylan-1.jpg\" data-orig-size=\"630,420\" data-comments-opened=\"0\" data-image-meta=\"{&quot;aperture&quot;:&quot;5.6&quot;,&quot;credit&quot;:&quot;&quot;,&quot;camera&quot;:&quot;NIKON D3100&quot;,&quot;caption&quot;:&quot;&quot;,&quot;created_timestamp&quot;:&quot;1489663393&quot;,&quot;copyright&quot;:&quot;&quot;,&quot;focal_length&quot;:&quot;46&quot;,&quot;iso&quot;:&quot;220&quot;,&quot;shutter_speed&quot;:&quot;0.008&quot;,&quot;title&quot;:&quot;&quot;,&quot;orientation&quot;:&quot;1&quot;}\" data-image-title=\"17 justicia Dylan 1\" data-image-description=\"\" data-image-caption=\"\" data-large-file=\"https:\/\/www.hoymercedes.com.ar\/principal\/wp-content\/uploads\/2017\/03\/17-justicia-Dylan-1.jpg\" class=\"aligncenter size-medium wp-image-60753\" src=\"https:\/\/www.hoymercedes.com.ar\/principal\/wp-content\/uploads\/2017\/03\/17-justicia-Dylan-1-630x420.jpg\" alt=\"\" width=\"630\" height=\"420\" srcset=\"https:\/\/www.hoymercedes.com.ar\/principal\/wp-content\/uploads\/2017\/03\/17-justicia-Dylan-1.jpg 630w, https:\/\/www.hoymercedes.com.ar\/principal\/wp-content\/uploads\/2017\/03\/17-justicia-Dylan-1-150x100.jpg 150w, https:\/\/www.hoymercedes.com.ar\/principal\/wp-content\/uploads\/2017\/03\/17-justicia-Dylan-1-300x200.jpg 300w\" sizes=\"auto, (max-width: 630px) 100vw, 630px\" \/><\/p>\n<p><strong>En recuperaci\u00f3n<\/strong><\/p>\n<p>Desde el hecho, Dylan est\u00e1 en La Plata. All\u00ed se lo traslad\u00f3 por la gravedad de su estado. Sin embargo, su evoluci\u00f3n ha sido favorable. \u201cDylan est\u00e1 bien gracias a Dios. Est\u00e1 consciente y posiblemente va a volver a su casa. Pero no va a ser el Dylan de siempre. Lo van a traer al hospital, trasladado desde La Plata a Mercedes para que tenga los cuidados que tiene que tener ya que est\u00e1 fuera de peligro. Nos dijeron que le van a quedar algunas secuelas que todav\u00eda no saben c\u00f3mo van a ser y estamos esperando que llegue para ir viendo paso a paso todo lo que hay que hacer para que se recupere. Vamos a seguir pidiendo ayuda a la gente, a los medios porque va a necesitar muchos cuidados, medicaci\u00f3n y rehabilitaci\u00f3n. Su madre, mi hija, est\u00e1 con \u00e9l en La Plata\u00b7, cont\u00f3 Matilde.<\/p>\n<p>La causa la investiga la UFI N\u00ba 6, mientras que el Juzgado de Garant\u00edas a cargo es el n\u00famero 1. El acusado est\u00e1 siendo asesorado por la Defensor\u00eda, mientras que la familia del peque\u00f1o tiene abogados particulares.<\/p>\n<p>Los defensores pidieron la detenci\u00f3n domiciliaria, algo que a lo cual el fiscal se opone. Por estos d\u00edas se espera la resoluci\u00f3n del Juzgado de Garant\u00edas que determinar\u00e1 qu\u00e9 suceder\u00e1 con el acusado.<\/p>\n<p>&nbsp;<\/p>\n<p>Textos: Clarisa Altieri<\/p>\n","protected":false},"excerpt":{"rendered":"<p>Los abogados del acusado pidieron la detenci\u00f3n domiciliaria, pero el fiscal se opuso. Se espera la resoluci\u00f3n del Juzgado de &#8230; <a title=\"Familiares y amigos del ni\u00f1o de 12 a\u00f1os baleado piden que el acusado siga detenido\" class=\"read-more\" href=\"https:\/\/www.hoymercedes.com.ar\/principal\/2017\/03\/17\/familiares-y-amigos-del-nino-de-12-anos-baleado-piden-que-el-acusado-siga-detenido\/\" aria-label=\"Leer m\u00e1s sobre Familiares y amigos del ni\u00f1o de 12 a\u00f1os baleado piden que el acusado siga detenido\">Leer m\u00e1s<\/a><\/p>\n","protected":false},"author":1,"featured_media":60752,"comment_status":"closed","ping_status":"open","sticky":false,"template":"","format":"standard","meta":{"_monsterinsights_skip_tracking":false,"_monsterinsights_sitenote_active":false,"_monsterinsights_sitenote_note":"","_monsterinsights_sitenote_category":0,"jetpack_post_was_ever_published":false,"_jetpack_newsletter_access":"","_jetpack_dont_email_post_to_subs":false,"_jetpack_newsletter_tier_id":0,"_jetpack_memberships_contains_paywalled_content":false,"_jetpack_memberships_contains_paid_content":false,"footnotes":"","jetpack_publicize_message":"","jetpack_publicize_feature_enabled":true,"jetpack_social_post_already_shared":true,"jetpack_social_options":{"image_generator_settings":{"template":"highway","default_image_id":0,"font":"","enabled":false},"version":2},"_wpas_customize_per_network":false},"categories":[85],"tags":[325,10747,96],"class_list":["post-60751","post","type-post","status-publish","format-standard","has-post-thumbnail","hentry","category-policial","tag-justicia","tag-nino-baleado","tag-policial-2","generate-columns","tablet-grid-50","mobile-grid-100","grid-parent","grid-50"],"jetpack_publicize_connections":[],"jetpack_featured_media_url":"https:\/\/www.hoymercedes.com.ar\/principal\/wp-content\/uploads\/2017\/03\/17-justicia-Dylan-2.jpg","wps_subtitle":"Pedido de Justicia","jetpack_sharing_enabled":true,"_links":{"self":[{"href":"https:\/\/www.hoymercedes.com.ar\/principal\/wp-json\/wp\/v2\/posts\/60751","targetHints":{"allow":["GET"]}}],"collection":[{"href":"https:\/\/www.hoymercedes.com.ar\/principal\/wp-json\/wp\/v2\/posts"}],"about":[{"href":"https:\/\/www.hoymercedes.com.ar\/principal\/wp-json\/wp\/v2\/types\/post"}],"author":[{"embeddable":true,"href":"https:\/\/www.hoymercedes.com.ar\/principal\/wp-json\/wp\/v2\/users\/1"}],"replies":[{"embeddable":true,"href":"https:\/\/www.hoymercedes.com.ar\/principal\/wp-json\/wp\/v2\/comments?post=60751"}],"version-history":[{"count":0,"href":"https:\/\/www.hoymercedes.com.ar\/principal\/wp-json\/wp\/v2\/posts\/60751\/revisions"}],"wp:featuredmedia":[{"embeddable":true,"href":"https:\/\/www.hoymercedes.com.ar\/principal\/wp-json\/wp\/v2\/media\/60752"}],"wp:attachment":[{"href":"https:\/\/www.hoymercedes.com.ar\/principal\/wp-json\/wp\/v2\/media?parent=60751"}],"wp:term":[{"taxonomy":"category","embeddable":true,"href":"https:\/\/www.hoymercedes.com.ar\/principal\/wp-json\/wp\/v2\/categories?post=60751"},{"taxonomy":"post_tag","embeddable":true,"href":"https:\/\/www.hoymercedes.com.ar\/principal\/wp-json\/wp\/v2\/tags?post=60751"}],"curies":[{"name":"wp","href":"https:\/\/api.w.org\/{rel}","templated":true}]}}