{"id":60764,"date":"2017-03-17T16:28:52","date_gmt":"2017-03-17T19:28:52","guid":{"rendered":"http:\/\/www.hoymercedes.com.ar\/principal\/?p=60764"},"modified":"2017-03-17T15:38:27","modified_gmt":"2017-03-17T18:38:27","slug":"se-viene-el-futbol-femenino-y-se-retrasa-el-infanto-juvenil","status":"publish","type":"post","link":"https:\/\/www.hoymercedes.com.ar\/principal\/2017\/03\/17\/se-viene-el-futbol-femenino-y-se-retrasa-el-infanto-juvenil\/","title":{"rendered":"Se viene el F\u00fatbol Femenino y se retrasa el Infanto Juvenil"},"content":{"rendered":"<p><strong><em>Atento a la proliferaci\u00f3n del f\u00fatbol femenino en Mercedes, que se inici\u00f3 hace un lustro aproximadamente con la llegada de la Filial All Boys y luego de V\u00e9lez al torneo de Primera Divisi\u00f3n de AFA, y teniendo en cuenta que ya hay varias escuelas en la ciudad para mujeres, con buen tino, la Liga Mercedina de F\u00fatbol ampli\u00f3 su espectro y ya comenz\u00f3 a analizar la posibilidad de sumarlas al certamen oficial.<\/em><\/strong><\/p>\n<p><img loading=\"lazy\" decoding=\"async\" data-attachment-id=\"60765\" data-permalink=\"https:\/\/www.hoymercedes.com.ar\/principal\/2017\/03\/17\/se-viene-el-futbol-femenino-y-se-retrasa-el-infanto-juvenil\/dscn4143\/#main\" data-orig-file=\"https:\/\/www.hoymercedes.com.ar\/principal\/wp-content\/uploads\/2017\/03\/DSCN4143.jpg\" data-orig-size=\"650,487\" data-comments-opened=\"0\" data-image-meta=\"{&quot;aperture&quot;:&quot;10.7&quot;,&quot;credit&quot;:&quot;&quot;,&quot;camera&quot;:&quot;COOLPIX L310&quot;,&quot;caption&quot;:&quot;&quot;,&quot;created_timestamp&quot;:&quot;1384622540&quot;,&quot;copyright&quot;:&quot;&quot;,&quot;focal_length&quot;:&quot;10.2&quot;,&quot;iso&quot;:&quot;80&quot;,&quot;shutter_speed&quot;:&quot;0.00625&quot;,&quot;title&quot;:&quot;&quot;,&quot;orientation&quot;:&quot;1&quot;}\" data-image-title=\"DSCN4143\" data-image-description=\"\" data-image-caption=\"\" data-large-file=\"https:\/\/www.hoymercedes.com.ar\/principal\/wp-content\/uploads\/2017\/03\/DSCN4143.jpg\" class=\"aligncenter size-medium wp-image-60765\" src=\"https:\/\/www.hoymercedes.com.ar\/principal\/wp-content\/uploads\/2017\/03\/DSCN4143-630x472.jpg\" alt=\"\" width=\"630\" height=\"472\" srcset=\"https:\/\/www.hoymercedes.com.ar\/principal\/wp-content\/uploads\/2017\/03\/DSCN4143-630x472.jpg 630w, https:\/\/www.hoymercedes.com.ar\/principal\/wp-content\/uploads\/2017\/03\/DSCN4143-150x112.jpg 150w, https:\/\/www.hoymercedes.com.ar\/principal\/wp-content\/uploads\/2017\/03\/DSCN4143.jpg 650w\" sizes=\"auto, (max-width: 630px) 100vw, 630px\" \/><\/p>\n<p>En este sentido, desde la Web Oficial de la entidad se llam\u00f3 a una reuni\u00f3n para empezar a trabajar en el tema: \u00abDurante la reuni\u00f3n de delegados celebrada en la sede de la Liga este martes, se acord\u00f3 que el pr\u00f3ximo martes habr\u00e1 un nuevo encuentro con el fin de dar comienzo a la organizaci\u00f3n del f\u00fatbol femenino, a cargo de la Liga Mercedina.\u00a0As\u00ed, han sido convocados dirigentes de los clubes que hoy cuentan con equipos de f\u00fatbol femenino, a la vez que dirigentes de la mesa directiva de la Liga definen la conformaci\u00f3n de una subcomisi\u00f3n para trabajar en el tema, y as\u00ed dar el puntapi\u00e9 inicial a esta actividad, dentro de la entidad madre del f\u00fatbol local\u00bb.<\/p>\n<p>Por otra parte, se confirm\u00f3 que el f\u00fatbol Infanto Juvenil se posterg\u00f3 un fin de semana m\u00e1s. En lugar de empezar el 18 de marzo, como estaba previsto, se dar\u00e1 inicio al torneo el 24 y 25 pr\u00f3ximo. El motivo es que los clubes pidieron una pr\u00f3rroga para terminar con la documentaci\u00f3n, algo que saben todos los a\u00f1os que deben entregar en tiempo y forma y en esta oportunidad no se cumpli\u00f3. Luego, cuando surgen las innumerables suspensiones por lluvia, a fin de a\u00f1o el almanaque empieza a apremiar y se sufre por no culminar el torneo en Navidad.<\/p>\n","protected":false},"excerpt":{"rendered":"<p>Atento a la proliferaci\u00f3n del f\u00fatbol femenino en Mercedes, que se inici\u00f3 hace un lustro aproximadamente con la llegada de &#8230; <a title=\"Se viene el F\u00fatbol Femenino y se retrasa el Infanto Juvenil\" class=\"read-more\" href=\"https:\/\/www.hoymercedes.com.ar\/principal\/2017\/03\/17\/se-viene-el-futbol-femenino-y-se-retrasa-el-infanto-juvenil\/\" aria-label=\"Leer m\u00e1s sobre Se viene el F\u00fatbol Femenino y se retrasa el Infanto Juvenil\">Leer m\u00e1s<\/a><\/p>\n","protected":false},"author":1,"featured_media":60765,"comment_status":"closed","ping_status":"open","sticky":false,"template":"","format":"standard","meta":{"_monsterinsights_skip_tracking":false,"_monsterinsights_sitenote_active":false,"_monsterinsights_sitenote_note":"","_monsterinsights_sitenote_category":0,"jetpack_post_was_ever_published":false,"_jetpack_newsletter_access":"","_jetpack_dont_email_post_to_subs":false,"_jetpack_newsletter_tier_id":0,"_jetpack_memberships_contains_paywalled_content":false,"_jetpack_memberships_contains_paid_content":false,"footnotes":"","jetpack_publicize_message":"","jetpack_publicize_feature_enabled":true,"jetpack_social_post_already_shared":true,"jetpack_social_options":{"image_generator_settings":{"template":"highway","default_image_id":0,"font":"","enabled":false},"version":2},"_wpas_customize_per_network":false},"categories":[21],"tags":[204,895,10749],"class_list":["post-60764","post","type-post","status-publish","format-standard","has-post-thumbnail","hentry","category-deportes","tag-deportes-2","tag-futbol-femenino","tag-liga-meredina","generate-columns","tablet-grid-50","mobile-grid-100","grid-parent","grid-50"],"jetpack_publicize_connections":[],"jetpack_featured_media_url":"https:\/\/www.hoymercedes.com.ar\/principal\/wp-content\/uploads\/2017\/03\/DSCN4143.jpg","wps_subtitle":"Liga Mercedina","jetpack_sharing_enabled":true,"_links":{"self":[{"href":"https:\/\/www.hoymercedes.com.ar\/principal\/wp-json\/wp\/v2\/posts\/60764","targetHints":{"allow":["GET"]}}],"collection":[{"href":"https:\/\/www.hoymercedes.com.ar\/principal\/wp-json\/wp\/v2\/posts"}],"about":[{"href":"https:\/\/www.hoymercedes.com.ar\/principal\/wp-json\/wp\/v2\/types\/post"}],"author":[{"embeddable":true,"href":"https:\/\/www.hoymercedes.com.ar\/principal\/wp-json\/wp\/v2\/users\/1"}],"replies":[{"embeddable":true,"href":"https:\/\/www.hoymercedes.com.ar\/principal\/wp-json\/wp\/v2\/comments?post=60764"}],"version-history":[{"count":0,"href":"https:\/\/www.hoymercedes.com.ar\/principal\/wp-json\/wp\/v2\/posts\/60764\/revisions"}],"wp:featuredmedia":[{"embeddable":true,"href":"https:\/\/www.hoymercedes.com.ar\/principal\/wp-json\/wp\/v2\/media\/60765"}],"wp:attachment":[{"href":"https:\/\/www.hoymercedes.com.ar\/principal\/wp-json\/wp\/v2\/media?parent=60764"}],"wp:term":[{"taxonomy":"category","embeddable":true,"href":"https:\/\/www.hoymercedes.com.ar\/principal\/wp-json\/wp\/v2\/categories?post=60764"},{"taxonomy":"post_tag","embeddable":true,"href":"https:\/\/www.hoymercedes.com.ar\/principal\/wp-json\/wp\/v2\/tags?post=60764"}],"curies":[{"name":"wp","href":"https:\/\/api.w.org\/{rel}","templated":true}]}}