{"id":60800,"date":"2017-03-18T10:40:44","date_gmt":"2017-03-18T13:40:44","guid":{"rendered":"http:\/\/www.hoymercedes.com.ar\/principal\/?p=60800"},"modified":"2017-03-17T21:49:38","modified_gmt":"2017-03-18T00:49:38","slug":"avanzan-nuevas-obras-en-el-villa-abrille","status":"publish","type":"post","link":"https:\/\/www.hoymercedes.com.ar\/principal\/2017\/03\/18\/avanzan-nuevas-obras-en-el-villa-abrille\/","title":{"rendered":"Avanzan nuevas obras en el Villa Abrille"},"content":{"rendered":"<p><em>Por Prensa Municipal &#8211; \u00a0<\/em>El Villa Abrille ha sido una apuesta de la actual gesti\u00f3n que continua presentando mejoras, puesta en valor y la ya conocida habilitaci\u00f3n final. En esta ocasi\u00f3n presentaron la remodelaci\u00f3n de los ba\u00f1os que utilizan nuestros adultos mayores. Un ba\u00f1o ya est\u00e1 totalmente finalizado, el segundo en obra y as\u00ed seguir\u00e1n hasta completar todos.<\/p>\n<p><img loading=\"lazy\" decoding=\"async\" data-attachment-id=\"60802\" data-permalink=\"https:\/\/www.hoymercedes.com.ar\/principal\/2017\/03\/18\/avanzan-nuevas-obras-en-el-villa-abrille\/18-muni-abrile-2\/#main\" data-orig-file=\"https:\/\/www.hoymercedes.com.ar\/principal\/wp-content\/uploads\/2017\/03\/18-muni-abrile-2.jpg\" data-orig-size=\"630,420\" data-comments-opened=\"0\" data-image-meta=\"{&quot;aperture&quot;:&quot;3.5&quot;,&quot;credit&quot;:&quot;&quot;,&quot;camera&quot;:&quot;NIKON D3100&quot;,&quot;caption&quot;:&quot;&quot;,&quot;created_timestamp&quot;:&quot;1488974204&quot;,&quot;copyright&quot;:&quot;&quot;,&quot;focal_length&quot;:&quot;18&quot;,&quot;iso&quot;:&quot;400&quot;,&quot;shutter_speed&quot;:&quot;0.025&quot;,&quot;title&quot;:&quot;&quot;,&quot;orientation&quot;:&quot;1&quot;}\" data-image-title=\"18 muni abrile 2\" data-image-description=\"\" data-image-caption=\"\" data-large-file=\"https:\/\/www.hoymercedes.com.ar\/principal\/wp-content\/uploads\/2017\/03\/18-muni-abrile-2.jpg\" class=\"aligncenter size-medium wp-image-60802\" src=\"https:\/\/www.hoymercedes.com.ar\/principal\/wp-content\/uploads\/2017\/03\/18-muni-abrile-2-630x420.jpg\" alt=\"\" width=\"630\" height=\"420\" srcset=\"https:\/\/www.hoymercedes.com.ar\/principal\/wp-content\/uploads\/2017\/03\/18-muni-abrile-2.jpg 630w, https:\/\/www.hoymercedes.com.ar\/principal\/wp-content\/uploads\/2017\/03\/18-muni-abrile-2-150x100.jpg 150w, https:\/\/www.hoymercedes.com.ar\/principal\/wp-content\/uploads\/2017\/03\/18-muni-abrile-2-300x200.jpg 300w\" sizes=\"auto, (max-width: 630px) 100vw, 630px\" \/><\/p>\n<p>Desde el ejecutivo se record\u00f3 que ya fueron varias las mejoras efectuadas y ahora se empez\u00f3 el nuevo proceso.\u00a0\u201cQuiero felicitar a todo el equipo de trabajo del hogar porque se viene avanzando mucho en m\u00e1s de un a\u00f1o logrando algo fundamental como es la habilitaci\u00f3n porque se hicieron todas las acciones necesarias y el proyecto sigue siendo, es ambicioso y avanzamos en poner en valor, recuperar y poner en condiciones los ba\u00f1os, como cada espacio que los abuelos necesitas para que est\u00e9n en \u00f3ptimas condiciones\u201d, coment\u00f3 el primer mandatario local Juan Ignacio Ustarroz.<\/p>\n<p>\u00abEl profesionalismo, el compromiso, la honestidad, porque se ve plasmado en obras. Cuando asumieron la cooperadora empez\u00f3 a funcionar con mucha fuerza, es puso en marcha de tal manera que articula de manera perfecta y muestra objetivos que se cumplen y nos llena de orgullo venir y ver c\u00f3mo est\u00e1n los adultos mayores, los trabajadores, y que se progresa en acciones concretas\u201d, agreg\u00f3.<\/p>\n<p>\u201cLa inversi\u00f3n es parte de lo obtenido por la cooperadora y el municipio que hace sus aportes\u201d, afirmaron. \u201cHay un plan de obras para ir cumpliendo que es digno de destacar\u201d, sostuvo Ustarroz.<\/p>\n<p>Por su parte Noelia Gollo afirm\u00f3 que \u201cluego de lograr la habilitaci\u00f3n estamos en un plan de puesta en valor y darle nuevas funcionalidades al hogar porque ten\u00eda ba\u00f1os viejos, donde cambiamos todo, con mano de obra del municipio y la tarea de la cooperadora que permite mostrar que los aportes est\u00e1n en obras, en cosas que quedan para el hogar y se nota la alegr\u00eda\u201d afirm\u00f3.<\/p>\n<p><img loading=\"lazy\" decoding=\"async\" data-attachment-id=\"60801\" data-permalink=\"https:\/\/www.hoymercedes.com.ar\/principal\/2017\/03\/18\/avanzan-nuevas-obras-en-el-villa-abrille\/18-muni-abrile\/#main\" data-orig-file=\"https:\/\/www.hoymercedes.com.ar\/principal\/wp-content\/uploads\/2017\/03\/18-muni-abrile.jpg\" data-orig-size=\"630,420\" data-comments-opened=\"0\" data-image-meta=\"{&quot;aperture&quot;:&quot;3.5&quot;,&quot;credit&quot;:&quot;&quot;,&quot;camera&quot;:&quot;NIKON D3100&quot;,&quot;caption&quot;:&quot;&quot;,&quot;created_timestamp&quot;:&quot;1488974316&quot;,&quot;copyright&quot;:&quot;&quot;,&quot;focal_length&quot;:&quot;18&quot;,&quot;iso&quot;:&quot;2800&quot;,&quot;shutter_speed&quot;:&quot;0.016666666666667&quot;,&quot;title&quot;:&quot;&quot;,&quot;orientation&quot;:&quot;1&quot;}\" data-image-title=\"18 muni abrile\" data-image-description=\"\" data-image-caption=\"\" data-large-file=\"https:\/\/www.hoymercedes.com.ar\/principal\/wp-content\/uploads\/2017\/03\/18-muni-abrile.jpg\" class=\"aligncenter size-medium wp-image-60801\" src=\"https:\/\/www.hoymercedes.com.ar\/principal\/wp-content\/uploads\/2017\/03\/18-muni-abrile-630x420.jpg\" alt=\"\" width=\"630\" height=\"420\" srcset=\"https:\/\/www.hoymercedes.com.ar\/principal\/wp-content\/uploads\/2017\/03\/18-muni-abrile.jpg 630w, https:\/\/www.hoymercedes.com.ar\/principal\/wp-content\/uploads\/2017\/03\/18-muni-abrile-150x100.jpg 150w, https:\/\/www.hoymercedes.com.ar\/principal\/wp-content\/uploads\/2017\/03\/18-muni-abrile-300x200.jpg 300w\" sizes=\"auto, (max-width: 630px) 100vw, 630px\" \/><\/p>\n<p>\u201cEl trabajo implica hacer todos nuevos. Terminamos el primero, iniciamos el otro y as\u00ed seguiremos\u201d, sostuvo Gollo quien tambi\u00e9n record\u00f3 que se reacondicionaron paredes, pusieron nuevos vidrios anti estallido, cambiaron cuestiones el\u00e9ctricas, se repararon los techos, es decir, se viene trabajando fuerte en el hogar.<\/p>\n<p>Hubo una menci\u00f3n especial para todos los profesionales que trabajan que les dan un c\u00e1lido, alegre y respetuoso trato a los abuelos y que \u201cson muy responsables, siempre est\u00e1n creativamente aportando. Cada d\u00eda hay algo nuevo. Terapista, psic\u00f3loga, lecturas, actividades cognitivas, nutricionistas, m\u00e9dicos, enfermeros, kinesi\u00f3logo\u201d.<\/p>\n<p>La apuesta es fuerte y de esta manera la Comuna sigue apoyando y apostando al desarrollo, desde la Direcci\u00f3n de Adultos Mayores, el Villa Abrille. \u201clevantar el est\u00e1ndar de profesionalizaci\u00f3n, de calidad de vida, de infraestructura es fundamental. Esto se debe a tener gente muy comprometida\u201d, afirm\u00f3 Ustarroz quien estuvo acompa\u00f1ado de la responsable de Adultos Mayores, Victoria Odell y el Secretario de Salud, doctor Pablo Cassiani.<\/p>\n<p>&nbsp;<\/p>\n<p>Fuente: Prensa Municipal<\/p>\n","protected":false},"excerpt":{"rendered":"<p>Por Prensa Municipal &#8211; \u00a0El Villa Abrille ha sido una apuesta de la actual gesti\u00f3n que continua presentando mejoras, puesta &#8230; <a title=\"Avanzan nuevas obras en el Villa Abrille\" class=\"read-more\" href=\"https:\/\/www.hoymercedes.com.ar\/principal\/2017\/03\/18\/avanzan-nuevas-obras-en-el-villa-abrille\/\" aria-label=\"Leer m\u00e1s sobre Avanzan nuevas obras en el Villa Abrille\">Leer m\u00e1s<\/a><\/p>\n","protected":false},"author":1,"featured_media":60802,"comment_status":"closed","ping_status":"open","sticky":false,"template":"","format":"standard","meta":{"_monsterinsights_skip_tracking":false,"_monsterinsights_sitenote_active":false,"_monsterinsights_sitenote_note":"","_monsterinsights_sitenote_category":0,"jetpack_post_was_ever_published":false,"_jetpack_newsletter_access":"","_jetpack_dont_email_post_to_subs":false,"_jetpack_newsletter_tier_id":0,"_jetpack_memberships_contains_paywalled_content":false,"_jetpack_memberships_contains_paid_content":false,"footnotes":"","jetpack_publicize_message":"","jetpack_publicize_feature_enabled":true,"jetpack_social_post_already_shared":true,"jetpack_social_options":{"image_generator_settings":{"template":"highway","default_image_id":0,"font":"","enabled":false},"version":2},"_wpas_customize_per_network":false},"categories":[30],"tags":[8752,8620,9805,244],"class_list":["post-60800","post","type-post","status-publish","format-standard","has-post-thumbnail","hentry","category-municipio","tag-adultos-mayores","tag-arreglos","tag-hogar-villa-abrille","tag-municipio-2","generate-columns","tablet-grid-50","mobile-grid-100","grid-parent","grid-50"],"jetpack_publicize_connections":[],"jetpack_featured_media_url":"https:\/\/www.hoymercedes.com.ar\/principal\/wp-content\/uploads\/2017\/03\/18-muni-abrile-2.jpg","wps_subtitle":"Remodelaci\u00f3n","jetpack_sharing_enabled":true,"_links":{"self":[{"href":"https:\/\/www.hoymercedes.com.ar\/principal\/wp-json\/wp\/v2\/posts\/60800","targetHints":{"allow":["GET"]}}],"collection":[{"href":"https:\/\/www.hoymercedes.com.ar\/principal\/wp-json\/wp\/v2\/posts"}],"about":[{"href":"https:\/\/www.hoymercedes.com.ar\/principal\/wp-json\/wp\/v2\/types\/post"}],"author":[{"embeddable":true,"href":"https:\/\/www.hoymercedes.com.ar\/principal\/wp-json\/wp\/v2\/users\/1"}],"replies":[{"embeddable":true,"href":"https:\/\/www.hoymercedes.com.ar\/principal\/wp-json\/wp\/v2\/comments?post=60800"}],"version-history":[{"count":0,"href":"https:\/\/www.hoymercedes.com.ar\/principal\/wp-json\/wp\/v2\/posts\/60800\/revisions"}],"wp:featuredmedia":[{"embeddable":true,"href":"https:\/\/www.hoymercedes.com.ar\/principal\/wp-json\/wp\/v2\/media\/60802"}],"wp:attachment":[{"href":"https:\/\/www.hoymercedes.com.ar\/principal\/wp-json\/wp\/v2\/media?parent=60800"}],"wp:term":[{"taxonomy":"category","embeddable":true,"href":"https:\/\/www.hoymercedes.com.ar\/principal\/wp-json\/wp\/v2\/categories?post=60800"},{"taxonomy":"post_tag","embeddable":true,"href":"https:\/\/www.hoymercedes.com.ar\/principal\/wp-json\/wp\/v2\/tags?post=60800"}],"curies":[{"name":"wp","href":"https:\/\/api.w.org\/{rel}","templated":true}]}}