{"id":60813,"date":"2017-03-19T10:10:29","date_gmt":"2017-03-19T13:10:29","guid":{"rendered":"http:\/\/www.hoymercedes.com.ar\/principal\/?p=60813"},"modified":"2017-03-19T22:14:32","modified_gmt":"2017-03-20T01:14:32","slug":"amefip-san-martin-presento-su-nueva-camiseta","status":"publish","type":"post","link":"https:\/\/www.hoymercedes.com.ar\/principal\/2017\/03\/19\/amefip-san-martin-presento-su-nueva-camiseta\/","title":{"rendered":"AMEFIP &#8211; San Mart\u00edn present\u00f3 su nueva camiseta"},"content":{"rendered":"<p><strong>Foto: Oscar T\u00e1ccari. <em>En el local de la Asociaci\u00f3n de Empleados Fiscales e Ingresos P\u00fablicos, se present\u00f3 la camiseta que utilizar\u00e1 AMEFIP &#8211; Barrio San Mart\u00edn, uno de los nuevos equipos que tiene la Liga Mercedina de F\u00fatbol en Primera Divisi\u00f3n y Reserva. Ante todos los medios y p\u00fablico en general, estuvieron presentes los jugadores de ambos planteles, el cuerpo t\u00e9cnico, encabezado por Jorge Camargo y la presencia del intendente Juan Ignacio Ustarroz y el titular de la entidad, Juan Mart\u00edn Andr\u00e9s.<\/em><\/strong><\/p>\n<p>La camiseta tendr\u00e1 los colores de su principal sponsor, Axion Energi, por lo que la camiseta habitual ser\u00e1 blanca, con una franja violeta y p\u00farpura. La suplente, por su parte ser\u00e1 p\u00farpura, con la franja violeta y blanca.<\/p>\n<p><img loading=\"lazy\" decoding=\"async\" data-attachment-id=\"60814\" data-permalink=\"https:\/\/www.hoymercedes.com.ar\/principal\/2017\/03\/19\/amefip-san-martin-presento-su-nueva-camiseta\/camiseta-amefip\/#main\" data-orig-file=\"https:\/\/www.hoymercedes.com.ar\/principal\/wp-content\/uploads\/2017\/03\/Camiseta-AMEFIP.jpg\" data-orig-size=\"960,540\" data-comments-opened=\"0\" data-image-meta=\"{&quot;aperture&quot;:&quot;0&quot;,&quot;credit&quot;:&quot;&quot;,&quot;camera&quot;:&quot;&quot;,&quot;caption&quot;:&quot;&quot;,&quot;created_timestamp&quot;:&quot;0&quot;,&quot;copyright&quot;:&quot;&quot;,&quot;focal_length&quot;:&quot;0&quot;,&quot;iso&quot;:&quot;0&quot;,&quot;shutter_speed&quot;:&quot;0&quot;,&quot;title&quot;:&quot;&quot;,&quot;orientation&quot;:&quot;0&quot;}\" data-image-title=\"Camiseta AMEFIP\" data-image-description=\"\" data-image-caption=\"\" data-large-file=\"https:\/\/www.hoymercedes.com.ar\/principal\/wp-content\/uploads\/2017\/03\/Camiseta-AMEFIP.jpg\" class=\"aligncenter size-medium wp-image-60814\" src=\"https:\/\/www.hoymercedes.com.ar\/principal\/wp-content\/uploads\/2017\/03\/Camiseta-AMEFIP-630x354.jpg\" alt=\"\" width=\"630\" height=\"354\" srcset=\"https:\/\/www.hoymercedes.com.ar\/principal\/wp-content\/uploads\/2017\/03\/Camiseta-AMEFIP-630x354.jpg 630w, https:\/\/www.hoymercedes.com.ar\/principal\/wp-content\/uploads\/2017\/03\/Camiseta-AMEFIP-150x84.jpg 150w, https:\/\/www.hoymercedes.com.ar\/principal\/wp-content\/uploads\/2017\/03\/Camiseta-AMEFIP.jpg 960w\" sizes=\"auto, (max-width: 630px) 100vw, 630px\" \/><\/p>\n","protected":false},"excerpt":{"rendered":"<p>Foto: Oscar T\u00e1ccari. En el local de la Asociaci\u00f3n de Empleados Fiscales e Ingresos P\u00fablicos, se present\u00f3 la camiseta que &#8230; <a title=\"AMEFIP &#8211; San Mart\u00edn present\u00f3 su nueva camiseta\" class=\"read-more\" href=\"https:\/\/www.hoymercedes.com.ar\/principal\/2017\/03\/19\/amefip-san-martin-presento-su-nueva-camiseta\/\" aria-label=\"Leer m\u00e1s sobre AMEFIP &#8211; San Mart\u00edn present\u00f3 su nueva camiseta\">Leer m\u00e1s<\/a><\/p>\n","protected":false},"author":1,"featured_media":60814,"comment_status":"closed","ping_status":"open","sticky":false,"template":"","format":"standard","meta":{"_monsterinsights_skip_tracking":false,"_monsterinsights_sitenote_active":false,"_monsterinsights_sitenote_note":"","_monsterinsights_sitenote_category":0,"jetpack_post_was_ever_published":false,"_jetpack_newsletter_access":"","_jetpack_dont_email_post_to_subs":true,"_jetpack_newsletter_tier_id":0,"_jetpack_memberships_contains_paywalled_content":false,"_jetpack_memberships_contains_paid_content":false,"footnotes":"","jetpack_publicize_message":"","jetpack_publicize_feature_enabled":true,"jetpack_social_post_already_shared":true,"jetpack_social_options":{"image_generator_settings":{"template":"highway","default_image_id":0,"font":"","enabled":false},"version":2},"_wpas_customize_per_network":false},"categories":[21],"tags":[204,1901,10755],"class_list":["post-60813","post","type-post","status-publish","format-standard","has-post-thumbnail","hentry","category-deportes","tag-deportes-2","tag-liga-mercedina","tag-san-marrin","generate-columns","tablet-grid-50","mobile-grid-100","grid-parent","grid-50"],"jetpack_publicize_connections":[],"jetpack_featured_media_url":"https:\/\/www.hoymercedes.com.ar\/principal\/wp-content\/uploads\/2017\/03\/Camiseta-AMEFIP.jpg","wps_subtitle":"Liga Mercedina","jetpack_sharing_enabled":true,"_links":{"self":[{"href":"https:\/\/www.hoymercedes.com.ar\/principal\/wp-json\/wp\/v2\/posts\/60813","targetHints":{"allow":["GET"]}}],"collection":[{"href":"https:\/\/www.hoymercedes.com.ar\/principal\/wp-json\/wp\/v2\/posts"}],"about":[{"href":"https:\/\/www.hoymercedes.com.ar\/principal\/wp-json\/wp\/v2\/types\/post"}],"author":[{"embeddable":true,"href":"https:\/\/www.hoymercedes.com.ar\/principal\/wp-json\/wp\/v2\/users\/1"}],"replies":[{"embeddable":true,"href":"https:\/\/www.hoymercedes.com.ar\/principal\/wp-json\/wp\/v2\/comments?post=60813"}],"version-history":[{"count":0,"href":"https:\/\/www.hoymercedes.com.ar\/principal\/wp-json\/wp\/v2\/posts\/60813\/revisions"}],"wp:featuredmedia":[{"embeddable":true,"href":"https:\/\/www.hoymercedes.com.ar\/principal\/wp-json\/wp\/v2\/media\/60814"}],"wp:attachment":[{"href":"https:\/\/www.hoymercedes.com.ar\/principal\/wp-json\/wp\/v2\/media?parent=60813"}],"wp:term":[{"taxonomy":"category","embeddable":true,"href":"https:\/\/www.hoymercedes.com.ar\/principal\/wp-json\/wp\/v2\/categories?post=60813"},{"taxonomy":"post_tag","embeddable":true,"href":"https:\/\/www.hoymercedes.com.ar\/principal\/wp-json\/wp\/v2\/tags?post=60813"}],"curies":[{"name":"wp","href":"https:\/\/api.w.org\/{rel}","templated":true}]}}