{"id":6082,"date":"2011-08-06T00:21:44","date_gmt":"2011-08-06T00:21:44","guid":{"rendered":"http:\/\/www.hoymercedes.com.ar\/principal\/?p=6082"},"modified":"2011-08-06T00:21:44","modified_gmt":"2011-08-06T00:21:44","slug":"para-torres-%e2%80%9clos-dos-mienten%e2%80%9d-sobre-las-viviendas","status":"publish","type":"post","link":"https:\/\/www.hoymercedes.com.ar\/principal\/2011\/08\/06\/para-torres-%e2%80%9clos-dos-mienten%e2%80%9d-sobre-las-viviendas\/","title":{"rendered":"Para Torres, \u201clos dos mienten\u201d sobre las viviendas"},"content":{"rendered":"<p>Para el candidato de UDESO, si existiera el Defensor del Pueblo podr\u00eda haber una opini\u00f3n independiente sobre lo que pas\u00f3. Propone impulsar tambi\u00e9n organismos Anticorrupci\u00f3n y de Control de Gesti\u00f3n.<\/p>\n<p>\u201cSi funcionaran las instituciones, el debate sobre las viviendas no tendr\u00eda raz\u00f3n de ser\u201d, opin\u00f3 el candidato a intendente por UDESO Juan Manuel Torres. \u201cEl gobierno nacional y el local se acusan mutuamente por esta obra paralizada, y seguramente ambos mienten. Si funcionara la figura del Defensor del Pueblo, que nosotros propusimos hace tiempo, los ciudadanos podr\u00edan tener una opini\u00f3n independiente de un organismo aut\u00f3nomo sobre lo que realmente pas\u00f3\u201d.<\/p>\n<p>\u201cEn la situaci\u00f3n actual, tanto el intendente como el Ministerio pueden f\u00e1cilmente disfrazar sus falencias de gesti\u00f3n, y los ciudadanos nunca se enteran qui\u00e9n dice la verdad\u201d, agreg\u00f3 Torres.<\/p>\n<p><strong>Recuerdos del Durazno<\/strong><\/p>\n<p>Durante su mandato como concejal, Juan Manuel Torres propuso habilitar la figura del Defensor del Pueblo para proteger los derechos de los vecinos contra acciones u omisiones en que incurran el Municipio o las empresas de servicios p\u00fablicos privatizados. \u201cLa propuesta era crear un organismo aut\u00f3nomo y obligado a difundir p\u00fablicamente sus actos. Por ejemplo, entre otros casos, podemos decir que si existiera hoy el Defensor del Pueblo, la poblaci\u00f3n estar\u00eda enterada de lo que pas\u00f3 con las actuaciones judiciales que se promovieron a ra\u00edz del robo en el Palacio municipal de casi $100.000 recaudados en la Fiesta del Durazno. Hecho del que nada sabemos y pareciera olvidado\u201d.<\/p>\n<p>&nbsp;<\/p>\n<p>Controles republicanos<\/p>\n<p>Torres opina que hace falta m\u00e1s transparencia. \u201cSe gasta mal y se gasta de m\u00e1s. Se debe ejercer un estricto control sobre el gasto p\u00fablico. Los mecanismos de control hoy previstos por la ley, son insuficientes para asegurar la transparencia de los actos de gobierno\u201d.<\/p>\n<p>El candidato de UDESO plantea una serie de medidas para mejorar la gesti\u00f3n p\u00fablica y el derecho de los ciudadanos a la informaci\u00f3n: \u201cPlanteamos para el pr\u00f3ximo gobierno, entre otros, instrumentos como la declaraci\u00f3n jurada patrimonial anual de los funcionarios municipales y sus parientes directos, que tendr\u00e1 difusi\u00f3n p\u00fablica\u201d.<\/p>\n<p>\u201cTambi\u00e9n se crear\u00e1 la Oficina de Control de Gesti\u00f3n, que entender\u00e1 en la aplicaci\u00f3n de auditor\u00edas internas, que permitan controlar, seg\u00fan criterios de razonabilidad, el gasto previsto antes de que se realice. Intervendr\u00e1 como \u00f3rgano de control en las licitaciones y contrataciones del municipio y controlar\u00e1 el buen uso y mantenimiento de las instalaciones y bienes municipales\u201d.<\/p>\n<p>Finalmente, \u201cse crear\u00e1 la Oficina Anticorrupci\u00f3n\u201d, dice Pancho, \u201cque deber\u00e1 actuar controlando la conducta de los agentes aplicando programas de de lucha contra la corrupci\u00f3n, e intervendr\u00e1 de oficio o a partir de denuncias recibidas\u201d.<\/p>\n<p><span style=\"color: #888888;\">Fuente: UDESO<\/span><\/p>\n","protected":false},"excerpt":{"rendered":"<p>Para el candidato de UDESO, si existiera el Defensor del Pueblo podr\u00eda haber una opini\u00f3n independiente sobre lo que pas\u00f3. &#8230; <a title=\"Para Torres, \u201clos dos mienten\u201d sobre las viviendas\" class=\"read-more\" href=\"https:\/\/www.hoymercedes.com.ar\/principal\/2011\/08\/06\/para-torres-%e2%80%9clos-dos-mienten%e2%80%9d-sobre-las-viviendas\/\" aria-label=\"Leer m\u00e1s sobre Para Torres, \u201clos dos mienten\u201d sobre las viviendas\">Leer m\u00e1s<\/a><\/p>\n","protected":false},"author":1,"featured_media":0,"comment_status":"open","ping_status":"open","sticky":false,"template":"","format":"standard","meta":{"_monsterinsights_skip_tracking":false,"_monsterinsights_sitenote_active":false,"_monsterinsights_sitenote_note":"","_monsterinsights_sitenote_category":0,"jetpack_post_was_ever_published":false,"_jetpack_newsletter_access":"","_jetpack_dont_email_post_to_subs":false,"_jetpack_newsletter_tier_id":0,"_jetpack_memberships_contains_paywalled_content":false,"_jetpack_memberships_contains_paid_content":false,"footnotes":"","jetpack_publicize_message":"","jetpack_publicize_feature_enabled":true,"jetpack_social_post_already_shared":false,"jetpack_social_options":{"image_generator_settings":{"template":"highway","default_image_id":0,"font":"","enabled":false},"version":2},"_wpas_customize_per_network":false},"categories":[5],"tags":[391],"class_list":["post-6082","post","type-post","status-publish","format-standard","hentry","category-politica","tag-juan-manuel-torres","generate-columns","tablet-grid-50","mobile-grid-100","grid-parent","grid-50"],"jetpack_publicize_connections":[],"jetpack_featured_media_url":"","wps_subtitle":"","jetpack_sharing_enabled":true,"_links":{"self":[{"href":"https:\/\/www.hoymercedes.com.ar\/principal\/wp-json\/wp\/v2\/posts\/6082","targetHints":{"allow":["GET"]}}],"collection":[{"href":"https:\/\/www.hoymercedes.com.ar\/principal\/wp-json\/wp\/v2\/posts"}],"about":[{"href":"https:\/\/www.hoymercedes.com.ar\/principal\/wp-json\/wp\/v2\/types\/post"}],"author":[{"embeddable":true,"href":"https:\/\/www.hoymercedes.com.ar\/principal\/wp-json\/wp\/v2\/users\/1"}],"replies":[{"embeddable":true,"href":"https:\/\/www.hoymercedes.com.ar\/principal\/wp-json\/wp\/v2\/comments?post=6082"}],"version-history":[{"count":0,"href":"https:\/\/www.hoymercedes.com.ar\/principal\/wp-json\/wp\/v2\/posts\/6082\/revisions"}],"wp:attachment":[{"href":"https:\/\/www.hoymercedes.com.ar\/principal\/wp-json\/wp\/v2\/media?parent=6082"}],"wp:term":[{"taxonomy":"category","embeddable":true,"href":"https:\/\/www.hoymercedes.com.ar\/principal\/wp-json\/wp\/v2\/categories?post=6082"},{"taxonomy":"post_tag","embeddable":true,"href":"https:\/\/www.hoymercedes.com.ar\/principal\/wp-json\/wp\/v2\/tags?post=6082"}],"curies":[{"name":"wp","href":"https:\/\/api.w.org\/{rel}","templated":true}]}}