{"id":60833,"date":"2017-03-19T10:20:35","date_gmt":"2017-03-19T13:20:35","guid":{"rendered":"http:\/\/www.hoymercedes.com.ar\/principal\/?p=60833"},"modified":"2017-03-19T22:41:42","modified_gmt":"2017-03-20T01:41:42","slug":"inicio-la-campana-de-vacunacion-en-los-barrios","status":"publish","type":"post","link":"https:\/\/www.hoymercedes.com.ar\/principal\/2017\/03\/19\/inicio-la-campana-de-vacunacion-en-los-barrios\/","title":{"rendered":"Inici\u00f3 la campa\u00f1a de vacunaci\u00f3n en los barrios"},"content":{"rendered":"<p>En una tarea que vincula a las secretar\u00edas de Desarrollo Social y Salud se dio inicio durante la semana que pas\u00f3 a una fuerte campa\u00f1a de vacunaci\u00f3n que cubrir\u00e1 diversos rincones de la ciudad. Es una acci\u00f3n que ir\u00e1 a tratar a cada vecino, personalizando la atenci\u00f3n y buscando el m\u00e1ximo nivel de eficacia.<\/p>\n<p><img loading=\"lazy\" decoding=\"async\" data-attachment-id=\"60836\" data-permalink=\"https:\/\/www.hoymercedes.com.ar\/principal\/2017\/03\/19\/inicio-la-campana-de-vacunacion-en-los-barrios\/19-vacunacion-f\/#main\" data-orig-file=\"https:\/\/www.hoymercedes.com.ar\/principal\/wp-content\/uploads\/2017\/03\/19-vacunaci\u00f3n-f.jpg\" data-orig-size=\"630,420\" data-comments-opened=\"0\" data-image-meta=\"{&quot;aperture&quot;:&quot;0&quot;,&quot;credit&quot;:&quot;&quot;,&quot;camera&quot;:&quot;&quot;,&quot;caption&quot;:&quot;&quot;,&quot;created_timestamp&quot;:&quot;0&quot;,&quot;copyright&quot;:&quot;&quot;,&quot;focal_length&quot;:&quot;0&quot;,&quot;iso&quot;:&quot;0&quot;,&quot;shutter_speed&quot;:&quot;0&quot;,&quot;title&quot;:&quot;&quot;,&quot;orientation&quot;:&quot;0&quot;}\" data-image-title=\"19 vacunaci\u00f3n-f\" data-image-description=\"\" data-image-caption=\"\" data-large-file=\"https:\/\/www.hoymercedes.com.ar\/principal\/wp-content\/uploads\/2017\/03\/19-vacunaci\u00f3n-f.jpg\" class=\"aligncenter size-medium wp-image-60836\" src=\"https:\/\/www.hoymercedes.com.ar\/principal\/wp-content\/uploads\/2017\/03\/19-vacunaci\u00f3n-f-630x420.jpg\" alt=\"\" width=\"630\" height=\"420\" srcset=\"https:\/\/www.hoymercedes.com.ar\/principal\/wp-content\/uploads\/2017\/03\/19-vacunaci\u00f3n-f.jpg 630w, https:\/\/www.hoymercedes.com.ar\/principal\/wp-content\/uploads\/2017\/03\/19-vacunaci\u00f3n-f-150x100.jpg 150w, https:\/\/www.hoymercedes.com.ar\/principal\/wp-content\/uploads\/2017\/03\/19-vacunaci\u00f3n-f-300x200.jpg 300w\" sizes=\"auto, (max-width: 630px) 100vw, 630px\" \/><\/p>\n<p>La doctora Betiana Gonz\u00e1lez afirm\u00f3 que \u201cdesde la Secretaria de Salud y desde Abordaje Territorial de la secretaria de Desarrollo Social planificamos una intervenci\u00f3n pr\u00e1cticamente puerta a puerta con el fin de encontrar pacientes tanto ni\u00f1os como adultos mayores o personas con discapacidad que no se hayan acercado a vacunar o tengan desactualizado mediante la verificaci\u00f3n de sus carnet y poder as\u00ed hacerlo directamente, sea en domicilio en los CAPS. Se pondr\u00e1 una posta en cada barrio planificado con los presidentes de las Sociedades de Fomento para trabajar en conjunto con ellos y mientras hay una posta fija en un lugar determinado saldr\u00e1 un equipo con promotores de salud en b\u00fasqueda de leer las libretas y los estados de los vecinos identificando los casos\u201d<\/p>\n<p>\u201cEn los casos de problemas de movilidad o sean adultos mayores se lo har\u00e1 en sus domicilios y en caso de que sea un ni\u00f1o se lo invitar\u00e1 a ir hasta la dependencia especificada. Buscamos fortalecer las medidas de protecci\u00f3n, cuidado y promoci\u00f3n y buscar los vecinos que por distintos motivos no llegar al centro de salud m\u00e1s cercano\u201d afirm\u00f3 la responsable del C.I.C.<\/p>\n<p>\u201cSer\u00e1 desde el 13 de marzo hasta mayo o junio buscando cubrir todos aquellos lugares donde no llega la instituci\u00f3n\u201d afirm\u00f3 Gonz\u00e1lez.<\/p>\n<p>Son cuatro \u00e1reas program\u00e1ticas en que se ha dividido la ciudad de Mercedes adem\u00e1s de la zona rural y el aprovechamiento de los CAPS junto a las Sociedades de Fomento.<\/p>\n<p>La acci\u00f3n es parte de un trabajo interdisciplinario entre la Secretar\u00eda de Salud conducida por el doctor Pablo Cassiani y la Secretar\u00eda de Desarrollo Social, conducida por Jorgelina Silva.<\/p>\n<p>\u201cEs parte de lo que siempre remarcamos, el trabajo en conjunto, interdisciplinariamente, para optimizar recursos y ser lo m\u00e1s eficaces y eficientes posibles\u201d sostuvo el intendente Juan Ustarroz quien dej\u00f3 en claro que \u201chemos logrado naturalizar que trabajamos todos juntos. Por suerte la ciudadan\u00eda lo ve y los resultados son notorios para el beneficio de todos\u201d<\/p>\n<p>\u201cLa primera acci\u00f3n se realiz\u00f3 la plaza de calle 65 Y 102, que contemplo a los Barrios San Martin y 12 de Octubre\u201d comentaron destacando que ya se relevaron m\u00e1s de 200 libretas sanitarias \u201cCreemos que es vital llegar a la gente mediante la prevenci\u00f3n y la promoci\u00f3n de la salud, la vacunaci\u00f3n de nuestros vecinos es un pilar important\u00edsimo para lograr que Mercedes sea cada vez m\u00e1s saludable\u201d afirm\u00f3 Gonz\u00e1lez.<\/p>\n<p>Participaron del operativo dos enfermeras, Marcela Ben\u00edtez y Mar\u00eda Lucero, dos promotoras de salud, referentes barriales y funcionarios de ambas secretaria.<\/p>\n<p>Creemos que es vital llegar a la gente mediante la prevenci\u00f3n y la promoci\u00f3n de la salud, la vacunaci\u00f3n de nuestros vecinos es un pilar important\u00edsimo para lograr que Mercedes sea cada vez m\u00e1s saludable.<\/p>\n<p>Participaron del operativo dos enfermeras, dos promotoras de salud, referentes barriales y funcionarios de ambas secretarias<\/p>\n<p>Por su parte, tanto Cassiani como Silva destacaron la importancia de que ser\u00e1 una acci\u00f3n personalizada y puerta a puerta logrando as\u00ed llegar a cada familia.<\/p>\n<p>Blandengues, Los Robles, Trocha, Agote, Lomas del Pacifico, Facundo Quiroga son los pr\u00f3ximos barrios y espacio a trabajar. .<\/p>\n<p>&nbsp;<\/p>\n<p>Fuente: Prensa Municipal<\/p>\n","protected":false},"excerpt":{"rendered":"<p>En una tarea que vincula a las secretar\u00edas de Desarrollo Social y Salud se dio inicio durante la semana que &#8230; <a title=\"Inici\u00f3 la campa\u00f1a de vacunaci\u00f3n en los barrios\" class=\"read-more\" href=\"https:\/\/www.hoymercedes.com.ar\/principal\/2017\/03\/19\/inicio-la-campana-de-vacunacion-en-los-barrios\/\" aria-label=\"Leer m\u00e1s sobre Inici\u00f3 la campa\u00f1a de vacunaci\u00f3n en los barrios\">Leer m\u00e1s<\/a><\/p>\n","protected":false},"author":1,"featured_media":60836,"comment_status":"closed","ping_status":"open","sticky":false,"template":"","format":"standard","meta":{"_monsterinsights_skip_tracking":false,"_monsterinsights_sitenote_active":false,"_monsterinsights_sitenote_note":"","_monsterinsights_sitenote_category":0,"jetpack_post_was_ever_published":false,"_jetpack_newsletter_access":"","_jetpack_dont_email_post_to_subs":false,"_jetpack_newsletter_tier_id":0,"_jetpack_memberships_contains_paywalled_content":false,"_jetpack_memberships_contains_paid_content":false,"footnotes":"","jetpack_publicize_message":"","jetpack_publicize_feature_enabled":true,"jetpack_social_post_already_shared":true,"jetpack_social_options":{"image_generator_settings":{"template":"highway","default_image_id":0,"font":"","enabled":false},"version":2},"_wpas_customize_per_network":false},"categories":[30],"tags":[600,1078,773,244,765],"class_list":["post-60833","post","type-post","status-publish","format-standard","has-post-thumbnail","hentry","category-municipio","tag-barrios","tag-caps","tag-cic","tag-municipio-2","tag-vacunacion","generate-columns","tablet-grid-50","mobile-grid-100","grid-parent","grid-50"],"jetpack_publicize_connections":[],"jetpack_featured_media_url":"https:\/\/www.hoymercedes.com.ar\/principal\/wp-content\/uploads\/2017\/03\/19-vacunaci\u00f3n-f.jpg","wps_subtitle":"En CAPS y CIC","jetpack_sharing_enabled":true,"_links":{"self":[{"href":"https:\/\/www.hoymercedes.com.ar\/principal\/wp-json\/wp\/v2\/posts\/60833","targetHints":{"allow":["GET"]}}],"collection":[{"href":"https:\/\/www.hoymercedes.com.ar\/principal\/wp-json\/wp\/v2\/posts"}],"about":[{"href":"https:\/\/www.hoymercedes.com.ar\/principal\/wp-json\/wp\/v2\/types\/post"}],"author":[{"embeddable":true,"href":"https:\/\/www.hoymercedes.com.ar\/principal\/wp-json\/wp\/v2\/users\/1"}],"replies":[{"embeddable":true,"href":"https:\/\/www.hoymercedes.com.ar\/principal\/wp-json\/wp\/v2\/comments?post=60833"}],"version-history":[{"count":0,"href":"https:\/\/www.hoymercedes.com.ar\/principal\/wp-json\/wp\/v2\/posts\/60833\/revisions"}],"wp:featuredmedia":[{"embeddable":true,"href":"https:\/\/www.hoymercedes.com.ar\/principal\/wp-json\/wp\/v2\/media\/60836"}],"wp:attachment":[{"href":"https:\/\/www.hoymercedes.com.ar\/principal\/wp-json\/wp\/v2\/media?parent=60833"}],"wp:term":[{"taxonomy":"category","embeddable":true,"href":"https:\/\/www.hoymercedes.com.ar\/principal\/wp-json\/wp\/v2\/categories?post=60833"},{"taxonomy":"post_tag","embeddable":true,"href":"https:\/\/www.hoymercedes.com.ar\/principal\/wp-json\/wp\/v2\/tags?post=60833"}],"curies":[{"name":"wp","href":"https:\/\/api.w.org\/{rel}","templated":true}]}}