{"id":60839,"date":"2017-03-19T15:43:10","date_gmt":"2017-03-19T18:43:10","guid":{"rendered":"http:\/\/www.hoymercedes.com.ar\/principal\/?p=60839"},"modified":"2017-03-19T23:25:18","modified_gmt":"2017-03-20T02:25:18","slug":"la-muni-estuvo-en-el-barrio-america","status":"publish","type":"post","link":"https:\/\/www.hoymercedes.com.ar\/principal\/2017\/03\/19\/la-muni-estuvo-en-el-barrio-america\/","title":{"rendered":"La Muni estuvo en el Barrio Am\u00e9rica"},"content":{"rendered":"<p>La propuesta que el a\u00f1o pasado dio tan buenos frutos se reinici\u00f3 este a\u00f1o con un cronograma que marca una nutrida agenda para todo el 2017. La primera jornada se dio en el barrio Am\u00e9rica donde una importante cantidad de vecinos ya iniciaron el proceso que permite acercarse las representaciones de distintas \u00e1reas municipales.<\/p>\n<p>\u201cEstamos muy satisfechos por la respuesta de los vecinos. Vienen con ideas muy claras, con reclamos y sugerencias que son verdaderamente un aporte al d\u00eda a d\u00eda\u201d, comentaron desde la Secretar\u00eda de Desarrollo Social y desde la Direcci\u00f3n de Abordaje Territorial.<\/p>\n<p>La \u201cMuni en tu Barrio\u201d permite a los vecinos acercarse y encontrar diversas \u00e1reas de la Comuna en sus propios barrios, siendo una tarea descentralizada que busca estar cerca de la comunidad. Este s\u00e1bado fue la primera jornada en barrio Am\u00e9rica.<\/p>\n<p>Desde Salud a Juventud, Deportes, Desarrollo Social, Seguridad, Tr\u00e1nsito, cuestiones de g\u00e9nero, Servicios P\u00fablicos, Educaci\u00f3n, son m\u00faltiples las \u00e1reas abiertas y en horario fuera del normal y habitual administrativamente hablando<\/p>\n<p>La municipalidad tiene una agenda amplia que permitir\u00e1 recorrer los distintos barrios y zonas suburbanas de Mercedes. Los reclamos que se efect\u00faan, las sugerencias, son elementos que luego se concretan en la realidad y permiten mejorar cada sector de la ciudad en que se act\u00faa.<\/p>\n<p>&nbsp;<\/p>\n<p>Fuente: Prensa Municipal<\/p>\n","protected":false},"excerpt":{"rendered":"<p>La propuesta que el a\u00f1o pasado dio tan buenos frutos se reinici\u00f3 este a\u00f1o con un cronograma que marca una &#8230; <a title=\"La Muni estuvo en el Barrio Am\u00e9rica\" class=\"read-more\" href=\"https:\/\/www.hoymercedes.com.ar\/principal\/2017\/03\/19\/la-muni-estuvo-en-el-barrio-america\/\" aria-label=\"Leer m\u00e1s sobre La Muni estuvo en el Barrio Am\u00e9rica\">Leer m\u00e1s<\/a><\/p>\n","protected":false},"author":1,"featured_media":60845,"comment_status":"closed","ping_status":"open","sticky":false,"template":"","format":"standard","meta":{"_monsterinsights_skip_tracking":false,"_monsterinsights_sitenote_active":false,"_monsterinsights_sitenote_note":"","_monsterinsights_sitenote_category":0,"jetpack_post_was_ever_published":false,"_jetpack_newsletter_access":"","_jetpack_dont_email_post_to_subs":false,"_jetpack_newsletter_tier_id":0,"_jetpack_memberships_contains_paywalled_content":false,"_jetpack_memberships_contains_paid_content":false,"footnotes":"","jetpack_publicize_message":"","jetpack_publicize_feature_enabled":true,"jetpack_social_post_already_shared":true,"jetpack_social_options":{"image_generator_settings":{"template":"highway","default_image_id":0,"font":"","enabled":false},"version":2},"_wpas_customize_per_network":false},"categories":[30],"tags":[10758,9874,244],"class_list":["post-60839","post","type-post","status-publish","format-standard","has-post-thumbnail","hentry","category-municipio","tag-america","tag-muni-en-tu-barrio","tag-municipio-2","generate-columns","tablet-grid-50","mobile-grid-100","grid-parent","grid-50"],"jetpack_publicize_connections":[],"jetpack_featured_media_url":"https:\/\/www.hoymercedes.com.ar\/principal\/wp-content\/uploads\/2017\/03\/19-munibarrio-b.jpg","wps_subtitle":"Volviendo a los barrios","jetpack_sharing_enabled":true,"_links":{"self":[{"href":"https:\/\/www.hoymercedes.com.ar\/principal\/wp-json\/wp\/v2\/posts\/60839","targetHints":{"allow":["GET"]}}],"collection":[{"href":"https:\/\/www.hoymercedes.com.ar\/principal\/wp-json\/wp\/v2\/posts"}],"about":[{"href":"https:\/\/www.hoymercedes.com.ar\/principal\/wp-json\/wp\/v2\/types\/post"}],"author":[{"embeddable":true,"href":"https:\/\/www.hoymercedes.com.ar\/principal\/wp-json\/wp\/v2\/users\/1"}],"replies":[{"embeddable":true,"href":"https:\/\/www.hoymercedes.com.ar\/principal\/wp-json\/wp\/v2\/comments?post=60839"}],"version-history":[{"count":0,"href":"https:\/\/www.hoymercedes.com.ar\/principal\/wp-json\/wp\/v2\/posts\/60839\/revisions"}],"wp:featuredmedia":[{"embeddable":true,"href":"https:\/\/www.hoymercedes.com.ar\/principal\/wp-json\/wp\/v2\/media\/60845"}],"wp:attachment":[{"href":"https:\/\/www.hoymercedes.com.ar\/principal\/wp-json\/wp\/v2\/media?parent=60839"}],"wp:term":[{"taxonomy":"category","embeddable":true,"href":"https:\/\/www.hoymercedes.com.ar\/principal\/wp-json\/wp\/v2\/categories?post=60839"},{"taxonomy":"post_tag","embeddable":true,"href":"https:\/\/www.hoymercedes.com.ar\/principal\/wp-json\/wp\/v2\/tags?post=60839"}],"curies":[{"name":"wp","href":"https:\/\/api.w.org\/{rel}","templated":true}]}}