{"id":60853,"date":"2017-03-20T08:33:52","date_gmt":"2017-03-20T11:33:52","guid":{"rendered":"http:\/\/www.hoymercedes.com.ar\/principal\/?p=60853"},"modified":"2017-03-20T08:38:30","modified_gmt":"2017-03-20T11:38:30","slug":"pintan-mural-de-la-memoria-en-el-barrio-san-justo","status":"publish","type":"post","link":"https:\/\/www.hoymercedes.com.ar\/principal\/2017\/03\/20\/pintan-mural-de-la-memoria-en-el-barrio-san-justo\/","title":{"rendered":"Pintan mural de la memoria en el Barrio San Justo"},"content":{"rendered":"<p>D\u00edas antes del D\u00eda \u00a0de la Memoria, Verdad y Justicia (pr\u00f3ximo 24 de marzo) el Frente Mercedino para la Victoria llev\u00f3 adelante\u00a0un mural conmemorativo en el Barrio San Justo, en la plaza del barrio donde se aprovech\u00f3 la oportunidad para arreglar\u00a0mesas y bancos que en el \u00faltimo tiempo aparecieron rotas.<\/p>\n<p><img loading=\"lazy\" decoding=\"async\" data-attachment-id=\"60855\" data-permalink=\"https:\/\/www.hoymercedes.com.ar\/principal\/2017\/03\/20\/pintan-mural-de-la-memoria-en-el-barrio-san-justo\/20-plaza-fmpv-1\/#main\" data-orig-file=\"https:\/\/www.hoymercedes.com.ar\/principal\/wp-content\/uploads\/2017\/03\/20-plaza-FMPV-1.jpg\" data-orig-size=\"630,419\" data-comments-opened=\"0\" data-image-meta=\"{&quot;aperture&quot;:&quot;7.1&quot;,&quot;credit&quot;:&quot;&quot;,&quot;camera&quot;:&quot;NIKON D3200&quot;,&quot;caption&quot;:&quot;&quot;,&quot;created_timestamp&quot;:&quot;1489858715&quot;,&quot;copyright&quot;:&quot;&quot;,&quot;focal_length&quot;:&quot;18&quot;,&quot;iso&quot;:&quot;100&quot;,&quot;shutter_speed&quot;:&quot;0.005&quot;,&quot;title&quot;:&quot;&quot;,&quot;orientation&quot;:&quot;1&quot;}\" data-image-title=\"20 plaza FMPV 1\" data-image-description=\"\" data-image-caption=\"\" data-large-file=\"https:\/\/www.hoymercedes.com.ar\/principal\/wp-content\/uploads\/2017\/03\/20-plaza-FMPV-1.jpg\" class=\"aligncenter size-medium wp-image-60855\" src=\"https:\/\/www.hoymercedes.com.ar\/principal\/wp-content\/uploads\/2017\/03\/20-plaza-FMPV-1-630x419.jpg\" alt=\"\" width=\"630\" height=\"419\" srcset=\"https:\/\/www.hoymercedes.com.ar\/principal\/wp-content\/uploads\/2017\/03\/20-plaza-FMPV-1.jpg 630w, https:\/\/www.hoymercedes.com.ar\/principal\/wp-content\/uploads\/2017\/03\/20-plaza-FMPV-1-150x100.jpg 150w, https:\/\/www.hoymercedes.com.ar\/principal\/wp-content\/uploads\/2017\/03\/20-plaza-FMPV-1-300x200.jpg 300w\" sizes=\"auto, (max-width: 630px) 100vw, 630px\" \/><\/p>\n<p>Bautista Mansilla, uno de los integrantes del espacio joven del FMpV narr\u00f3 que, adem\u00e1s del contenido simb\u00f3lico, hist\u00f3rico y de mantenimiento de los valores cr\u00edticos en la sociedad se da tambi\u00e9n la actividad en la tarde del s\u00e1bado por \u201cun pedido de La sociedad de fomento del barrio San Justo cuya presidenta es Dora Sosa quien lo hizo a trav\u00e9s del presidente de La Federaci\u00f3n de Sociedades de Formento Carlos Romero y fue para reacondicionar la plaza. Fue as\u00ed que les propusimos, teniendo en cuenta que estamos en la semana de la memoria, hacer un mural conmemorativo con la fecha y empezamos a programarlo\u201d.<\/p>\n<p><img loading=\"lazy\" decoding=\"async\" data-attachment-id=\"60856\" data-permalink=\"https:\/\/www.hoymercedes.com.ar\/principal\/2017\/03\/20\/pintan-mural-de-la-memoria-en-el-barrio-san-justo\/20-plaza-fmpv-2\/#main\" data-orig-file=\"https:\/\/www.hoymercedes.com.ar\/principal\/wp-content\/uploads\/2017\/03\/20-plaza-FMPV-2.jpg\" data-orig-size=\"630,419\" data-comments-opened=\"0\" data-image-meta=\"{&quot;aperture&quot;:&quot;8&quot;,&quot;credit&quot;:&quot;&quot;,&quot;camera&quot;:&quot;NIKON D3200&quot;,&quot;caption&quot;:&quot;&quot;,&quot;created_timestamp&quot;:&quot;1489858316&quot;,&quot;copyright&quot;:&quot;&quot;,&quot;focal_length&quot;:&quot;18&quot;,&quot;iso&quot;:&quot;100&quot;,&quot;shutter_speed&quot;:&quot;0.004&quot;,&quot;title&quot;:&quot;&quot;,&quot;orientation&quot;:&quot;1&quot;}\" data-image-title=\"20 plaza FMPV 2\" data-image-description=\"\" data-image-caption=\"\" data-large-file=\"https:\/\/www.hoymercedes.com.ar\/principal\/wp-content\/uploads\/2017\/03\/20-plaza-FMPV-2.jpg\" class=\"aligncenter size-medium wp-image-60856\" src=\"https:\/\/www.hoymercedes.com.ar\/principal\/wp-content\/uploads\/2017\/03\/20-plaza-FMPV-2-630x419.jpg\" alt=\"\" width=\"630\" height=\"419\" srcset=\"https:\/\/www.hoymercedes.com.ar\/principal\/wp-content\/uploads\/2017\/03\/20-plaza-FMPV-2.jpg 630w, https:\/\/www.hoymercedes.com.ar\/principal\/wp-content\/uploads\/2017\/03\/20-plaza-FMPV-2-150x100.jpg 150w, https:\/\/www.hoymercedes.com.ar\/principal\/wp-content\/uploads\/2017\/03\/20-plaza-FMPV-2-300x200.jpg 300w\" sizes=\"auto, (max-width: 630px) 100vw, 630px\" \/><\/p>\n<p>La actividad incluy\u00f3 la reparaci\u00f3n de bancos de cemento que estaban rotos, el blanqueo de paredes y la realizaci\u00f3n de un mural con sentidas leyendas, como \u201c30000 desaparecidos presentes\u201d y otras en defensa y revalorizaci\u00f3n de la democracia.<\/p>\n<p>Por su parte, Mansilla confirm\u00f3 que \u201cel pr\u00f3ximo 24 de marzo estaremos una vez m\u00e1s marchando, como siempre lo hicimos y lo haremos, porque para nosotros no es un d\u00eda m\u00e1s, es un d\u00eda sentido en todo aspecto, reivindicando la lucha de los que dieron la vida por un mundo mejor\u201d.<\/p>\n<p>&nbsp;<\/p>\n<p>Fuente: Prensa FMPV<\/p>\n<p><img loading=\"lazy\" decoding=\"async\" data-attachment-id=\"60854\" data-permalink=\"https:\/\/www.hoymercedes.com.ar\/principal\/2017\/03\/20\/pintan-mural-de-la-memoria-en-el-barrio-san-justo\/20-plaza-fmpv-3\/#main\" data-orig-file=\"https:\/\/www.hoymercedes.com.ar\/principal\/wp-content\/uploads\/2017\/03\/20-plaza-FMPV-3.jpg\" data-orig-size=\"630,419\" data-comments-opened=\"0\" data-image-meta=\"{&quot;aperture&quot;:&quot;8&quot;,&quot;credit&quot;:&quot;&quot;,&quot;camera&quot;:&quot;NIKON D3200&quot;,&quot;caption&quot;:&quot;&quot;,&quot;created_timestamp&quot;:&quot;1489858311&quot;,&quot;copyright&quot;:&quot;&quot;,&quot;focal_length&quot;:&quot;40&quot;,&quot;iso&quot;:&quot;100&quot;,&quot;shutter_speed&quot;:&quot;0.004&quot;,&quot;title&quot;:&quot;&quot;,&quot;orientation&quot;:&quot;1&quot;}\" data-image-title=\"20 plaza FMPV 3\" data-image-description=\"\" data-image-caption=\"\" data-large-file=\"https:\/\/www.hoymercedes.com.ar\/principal\/wp-content\/uploads\/2017\/03\/20-plaza-FMPV-3.jpg\" class=\"aligncenter size-medium wp-image-60854\" src=\"https:\/\/www.hoymercedes.com.ar\/principal\/wp-content\/uploads\/2017\/03\/20-plaza-FMPV-3-630x419.jpg\" alt=\"\" width=\"630\" height=\"419\" srcset=\"https:\/\/www.hoymercedes.com.ar\/principal\/wp-content\/uploads\/2017\/03\/20-plaza-FMPV-3.jpg 630w, https:\/\/www.hoymercedes.com.ar\/principal\/wp-content\/uploads\/2017\/03\/20-plaza-FMPV-3-150x100.jpg 150w, https:\/\/www.hoymercedes.com.ar\/principal\/wp-content\/uploads\/2017\/03\/20-plaza-FMPV-3-300x200.jpg 300w\" sizes=\"auto, (max-width: 630px) 100vw, 630px\" \/><\/p>\n","protected":false},"excerpt":{"rendered":"<p>D\u00edas antes del D\u00eda \u00a0de la Memoria, Verdad y Justicia (pr\u00f3ximo 24 de marzo) el Frente Mercedino para la Victoria &#8230; <a title=\"Pintan mural de la memoria en el Barrio San Justo\" class=\"read-more\" href=\"https:\/\/www.hoymercedes.com.ar\/principal\/2017\/03\/20\/pintan-mural-de-la-memoria-en-el-barrio-san-justo\/\" aria-label=\"Leer m\u00e1s sobre Pintan mural de la memoria en el Barrio San Justo\">Leer m\u00e1s<\/a><\/p>\n","protected":false},"author":1,"featured_media":60854,"comment_status":"closed","ping_status":"open","sticky":false,"template":"","format":"standard","meta":{"_monsterinsights_skip_tracking":false,"_monsterinsights_sitenote_active":false,"_monsterinsights_sitenote_note":"","_monsterinsights_sitenote_category":0,"jetpack_post_was_ever_published":false,"_jetpack_newsletter_access":"","_jetpack_dont_email_post_to_subs":true,"_jetpack_newsletter_tier_id":0,"_jetpack_memberships_contains_paywalled_content":false,"_jetpack_memberships_contains_paid_content":false,"footnotes":"","jetpack_publicize_message":"","jetpack_publicize_feature_enabled":true,"jetpack_social_post_already_shared":true,"jetpack_social_options":{"image_generator_settings":{"template":"highway","default_image_id":0,"font":"","enabled":false},"version":2},"_wpas_customize_per_network":false},"categories":[5],"tags":[8718,2810,10482,5319],"class_list":["post-60853","post","type-post","status-publish","format-standard","has-post-thumbnail","hentry","category-politica","tag-dia-de-la-memoria","tag-fmpv","tag-mural","tag-politica-2","generate-columns","tablet-grid-50","mobile-grid-100","grid-parent","grid-50"],"jetpack_publicize_connections":[],"jetpack_featured_media_url":"https:\/\/www.hoymercedes.com.ar\/principal\/wp-content\/uploads\/2017\/03\/20-plaza-FMPV-3.jpg","wps_subtitle":"Conmemoraci\u00f3n","jetpack_sharing_enabled":true,"jetpack-related-posts":[{"id":126927,"url":"https:\/\/www.hoymercedes.com.ar\/principal\/2021\/03\/24\/barrio-san-antonio-mural-y-arboles-para-plantar-memoria-por-el-24-de-marzo\/","url_meta":{"origin":60853,"position":0},"title":"Barrio San Antonio: mural y \u00e1rboles para \u201cplantar memoria\u201d por el 24 de marzo","author":"hoymercedes","date":"24 marzo, 2021","format":false,"excerpt":"En barrio San Antonio vecinos y vecinas llevaron adelante un acto conmemorativo por el 45\u00ba aniversario del \u00faltimo Golpe C\u00edvico Militar. Oscar \u201cVasco\u201d Apestegu\u00eda tom\u00f3 la palabra y remarc\u00f3 la gran tarea de Madres, Abuelas, organismos de derechos humanos y \u201clo importante de la lucha que mantiene viva la memoria,\u2026","rel":"","context":"En \u00abBarrios\u00bb","block_context":{"text":"Barrios","link":"https:\/\/www.hoymercedes.com.ar\/principal\/category\/barrios\/"},"img":{"alt_text":"","src":"https:\/\/i0.wp.com\/www.hoymercedes.com.ar\/principal\/wp-content\/uploads\/2021\/03\/DSC07179.jpg?resize=350%2C200&ssl=1","width":350,"height":200,"srcset":"https:\/\/i0.wp.com\/www.hoymercedes.com.ar\/principal\/wp-content\/uploads\/2021\/03\/DSC07179.jpg?resize=350%2C200&ssl=1 1x, https:\/\/i0.wp.com\/www.hoymercedes.com.ar\/principal\/wp-content\/uploads\/2021\/03\/DSC07179.jpg?resize=525%2C300&ssl=1 1.5x, https:\/\/i0.wp.com\/www.hoymercedes.com.ar\/principal\/wp-content\/uploads\/2021\/03\/DSC07179.jpg?resize=700%2C400&ssl=1 2x"},"classes":[]},{"id":90466,"url":"https:\/\/www.hoymercedes.com.ar\/principal\/2019\/03\/31\/plaza-inclusiva-en-barrio-san-justo-homenajea-a-comita\/","url_meta":{"origin":60853,"position":1},"title":"Plaza inclusiva en Barrio San Justo homenajea a Comita","author":"hoymercedes","date":"31 marzo, 2019","format":false,"excerpt":"Fabi\u00e1n \"Comita\" Pazos fue reconocido por sus vecinos y el Municipio al colocar su nombre en la nueva plaza inclusiva inaugurada en la tarde del s\u00e1bado en el Barrio San Justo, barrio donde \"Comita\" vive desde hace unos a\u00f1os. Conocido por sus disfraces en los corsos mercedinos desde hace 30\u2026","rel":"","context":"En \u00abMunicipio\u00bb","block_context":{"text":"Municipio","link":"https:\/\/www.hoymercedes.com.ar\/principal\/category\/municipio\/"},"img":{"alt_text":"","src":"https:\/\/i0.wp.com\/www.hoymercedes.com.ar\/principal\/wp-content\/uploads\/2019\/03\/31-plaza-comita-1.jpg?resize=350%2C200&ssl=1","width":350,"height":200,"srcset":"https:\/\/i0.wp.com\/www.hoymercedes.com.ar\/principal\/wp-content\/uploads\/2019\/03\/31-plaza-comita-1.jpg?resize=350%2C200&ssl=1 1x, https:\/\/i0.wp.com\/www.hoymercedes.com.ar\/principal\/wp-content\/uploads\/2019\/03\/31-plaza-comita-1.jpg?resize=525%2C300&ssl=1 1.5x, https:\/\/i0.wp.com\/www.hoymercedes.com.ar\/principal\/wp-content\/uploads\/2019\/03\/31-plaza-comita-1.jpg?resize=700%2C400&ssl=1 2x"},"classes":[]},{"id":117656,"url":"https:\/\/www.hoymercedes.com.ar\/principal\/2020\/09\/29\/mirta-retamozo-destaca-que-no-hay-usurpaciones-tal-como-dicen-en-esa-carta\/","url_meta":{"origin":60853,"position":2},"title":"Mirta Retamozo destaca que \u00abNo hay usurpaciones, tal como dicen en esa carta!","author":"hoymercedes","date":"29 septiembre, 2020","format":false,"excerpt":"Mirta Retamozo, actual presidenta de la Sociedad de Fomento del Barrio San Jorge, se\u00f1al\u00f3 que no hay tomas en barrio San Jorge, tal como se ha se\u00f1alado en un documento difundido por los medios y redes. \"Estamos en democracia y cualquier vecino puede firmar, pero no con mentiras, en esa\u2026","rel":"","context":"En \u00abSociedad\u00bb","block_context":{"text":"Sociedad","link":"https:\/\/www.hoymercedes.com.ar\/principal\/category\/sociedad\/"},"img":{"alt_text":"","src":"https:\/\/i0.wp.com\/www.hoymercedes.com.ar\/principal\/wp-content\/uploads\/2020\/03\/03-mirta-retamozo-800x600-01.jpeg?resize=350%2C200&ssl=1","width":350,"height":200,"srcset":"https:\/\/i0.wp.com\/www.hoymercedes.com.ar\/principal\/wp-content\/uploads\/2020\/03\/03-mirta-retamozo-800x600-01.jpeg?resize=350%2C200&ssl=1 1x, https:\/\/i0.wp.com\/www.hoymercedes.com.ar\/principal\/wp-content\/uploads\/2020\/03\/03-mirta-retamozo-800x600-01.jpeg?resize=525%2C300&ssl=1 1.5x, https:\/\/i0.wp.com\/www.hoymercedes.com.ar\/principal\/wp-content\/uploads\/2020\/03\/03-mirta-retamozo-800x600-01.jpeg?resize=700%2C400&ssl=1 2x"},"classes":[]},{"id":124768,"url":"https:\/\/www.hoymercedes.com.ar\/principal\/2021\/02\/13\/soc-de-fomento-del-barrio-san-antonio-autoridades-renovaron-mandato\/","url_meta":{"origin":60853,"position":3},"title":"Soc. de Fomento del Barrio San Antonio: Autoridades renovaron mandato","author":"hoymercedes","date":"13 febrero, 2021","format":false,"excerpt":"Sergio Cirillo renov\u00f3 la presidencia en la Sociedad de Fomento del Barrio San Antonio al encabezar la \u00fanica lista que se present\u00f3 para las elecciones barriales. En las primeras horas de la ma\u00f1ana de este s\u00e1bado estaba convocada la asamblea para elecci\u00f3n de autoridades barriales. S\u00f3lo se hab\u00eda presentado una\u2026","rel":"","context":"En \u00abSociedad\u00bb","block_context":{"text":"Sociedad","link":"https:\/\/www.hoymercedes.com.ar\/principal\/category\/sociedad\/"},"img":{"alt_text":"","src":"https:\/\/i0.wp.com\/www.hoymercedes.com.ar\/principal\/wp-content\/uploads\/2021\/02\/13-SF-San-Antonio-1.jpeg?resize=350%2C200&ssl=1","width":350,"height":200,"srcset":"https:\/\/i0.wp.com\/www.hoymercedes.com.ar\/principal\/wp-content\/uploads\/2021\/02\/13-SF-San-Antonio-1.jpeg?resize=350%2C200&ssl=1 1x, https:\/\/i0.wp.com\/www.hoymercedes.com.ar\/principal\/wp-content\/uploads\/2021\/02\/13-SF-San-Antonio-1.jpeg?resize=525%2C300&ssl=1 1.5x, https:\/\/i0.wp.com\/www.hoymercedes.com.ar\/principal\/wp-content\/uploads\/2021\/02\/13-SF-San-Antonio-1.jpeg?resize=700%2C400&ssl=1 2x"},"classes":[]},{"id":194801,"url":"https:\/\/www.hoymercedes.com.ar\/principal\/2026\/04\/19\/militancia-y-compromiso-jornada-solidaria-en-barrio-obrero\/","url_meta":{"origin":60853,"position":4},"title":"Militancia y compromiso: jornada solidaria en Barrio Obrero","author":"hoymercedes","date":"19 abril, 2026","format":false,"excerpt":"El pasado s\u00e1bado por la ma\u00f1ana, integrantes de la Unidad B\u00e1sica Peronista Francisco \"Curro\" Iriart llevaron adelante una intensa jornada de trabajo solidario en la Sociedad de Fomento del Barrio Obrero. El encuentro, que cont\u00f3 con la activa participaci\u00f3n de vecinos, vecinas, militantes y adherentes, tuvo como objetivo principal la\u2026","rel":"","context":"En \u00abPol\u00edtica\u00bb","block_context":{"text":"Pol\u00edtica","link":"https:\/\/www.hoymercedes.com.ar\/principal\/category\/politica\/"},"img":{"alt_text":"Unidad B\u00e1sica Curro Iriart","src":"https:\/\/i0.wp.com\/www.hoymercedes.com.ar\/principal\/wp-content\/uploads\/2026\/04\/Curro-Iriart-Jornada-Solidaria-scaled.png?resize=350%2C200&ssl=1","width":350,"height":200,"srcset":"https:\/\/i0.wp.com\/www.hoymercedes.com.ar\/principal\/wp-content\/uploads\/2026\/04\/Curro-Iriart-Jornada-Solidaria-scaled.png?resize=350%2C200&ssl=1 1x, https:\/\/i0.wp.com\/www.hoymercedes.com.ar\/principal\/wp-content\/uploads\/2026\/04\/Curro-Iriart-Jornada-Solidaria-scaled.png?resize=525%2C300&ssl=1 1.5x, https:\/\/i0.wp.com\/www.hoymercedes.com.ar\/principal\/wp-content\/uploads\/2026\/04\/Curro-Iriart-Jornada-Solidaria-scaled.png?resize=700%2C400&ssl=1 2x, https:\/\/i0.wp.com\/www.hoymercedes.com.ar\/principal\/wp-content\/uploads\/2026\/04\/Curro-Iriart-Jornada-Solidaria-scaled.png?resize=1050%2C600&ssl=1 3x, https:\/\/i0.wp.com\/www.hoymercedes.com.ar\/principal\/wp-content\/uploads\/2026\/04\/Curro-Iriart-Jornada-Solidaria-scaled.png?resize=1400%2C800&ssl=1 4x"},"classes":[]},{"id":20768,"url":"https:\/\/www.hoymercedes.com.ar\/principal\/2013\/03\/20\/fmpv-pedira-el-concejo-deliberante-controle-elecciones-barriales\/","url_meta":{"origin":60853,"position":5},"title":"FMPV pedir\u00e1 el Concejo Deliberante controle elecciones barriales","author":"hoymercedes","date":"20 marzo, 2013","format":false,"excerpt":"El bloque del Frente Mercedino para la Victoria buscar\u00e1 que el Honorable Concejo\u00a0Deliberante act\u00fae como autoridad de control en las elecciones de las distintas sociedades\u00a0de fomento de la ciudad, luego de los lamentables episodios ocurridos el s\u00e1bado en el\u00a0barrio San Antonio, cuando desde el oficialismo intentaron impugnar con argumentos\u00a0poco claros\u2026","rel":"","context":"En \u00abPol\u00edtica\u00bb","block_context":{"text":"Pol\u00edtica","link":"https:\/\/www.hoymercedes.com.ar\/principal\/category\/politica\/"},"img":{"alt_text":"","src":"","width":0,"height":0},"classes":[]}],"_links":{"self":[{"href":"https:\/\/www.hoymercedes.com.ar\/principal\/wp-json\/wp\/v2\/posts\/60853","targetHints":{"allow":["GET"]}}],"collection":[{"href":"https:\/\/www.hoymercedes.com.ar\/principal\/wp-json\/wp\/v2\/posts"}],"about":[{"href":"https:\/\/www.hoymercedes.com.ar\/principal\/wp-json\/wp\/v2\/types\/post"}],"author":[{"embeddable":true,"href":"https:\/\/www.hoymercedes.com.ar\/principal\/wp-json\/wp\/v2\/users\/1"}],"replies":[{"embeddable":true,"href":"https:\/\/www.hoymercedes.com.ar\/principal\/wp-json\/wp\/v2\/comments?post=60853"}],"version-history":[{"count":0,"href":"https:\/\/www.hoymercedes.com.ar\/principal\/wp-json\/wp\/v2\/posts\/60853\/revisions"}],"wp:featuredmedia":[{"embeddable":true,"href":"https:\/\/www.hoymercedes.com.ar\/principal\/wp-json\/wp\/v2\/media\/60854"}],"wp:attachment":[{"href":"https:\/\/www.hoymercedes.com.ar\/principal\/wp-json\/wp\/v2\/media?parent=60853"}],"wp:term":[{"taxonomy":"category","embeddable":true,"href":"https:\/\/www.hoymercedes.com.ar\/principal\/wp-json\/wp\/v2\/categories?post=60853"},{"taxonomy":"post_tag","embeddable":true,"href":"https:\/\/www.hoymercedes.com.ar\/principal\/wp-json\/wp\/v2\/tags?post=60853"}],"curies":[{"name":"wp","href":"https:\/\/api.w.org\/{rel}","templated":true}]}}