{"id":60864,"date":"2017-03-20T19:00:01","date_gmt":"2017-03-20T22:00:01","guid":{"rendered":"http:\/\/www.hoymercedes.com.ar\/principal\/?p=60864"},"modified":"2017-03-20T18:32:35","modified_gmt":"2017-03-20T21:32:35","slug":"operativo-de-seguridad-vial-y-transito-en-avenidas-accesos-y-rutas","status":"publish","type":"post","link":"https:\/\/www.hoymercedes.com.ar\/principal\/2017\/03\/20\/operativo-de-seguridad-vial-y-transito-en-avenidas-accesos-y-rutas\/","title":{"rendered":"Operativo de seguridad vial y tr\u00e1nsito en avenidas, accesos y rutas"},"content":{"rendered":"<p>Durante este fin de semana un destacado despliegue de fuerzas de seguridad se llev\u00f3 a cabo en Mercedes siendo multi agencial en pos de la prevenci\u00f3n y control del tr\u00e1nsito y en particular sobre las motocicletas que son un problema en toda la regi\u00f3n. Hubo 35 motos secuestras, controles de alcoholemia, verificaci\u00f3n de las propiedades, edades, carnet y en especial la prevenci\u00f3n de potenciales picadas tanto en las avenidas de circunvalaci\u00f3n como en la ruta nacional N\u00b05 y sus colectoras. \u201cEs un problema de toda la regi\u00f3n, pero, en especial porque se pone en riesgo la vida humana\u201d, afirmaron.<\/p>\n<p><img loading=\"lazy\" decoding=\"async\" data-attachment-id=\"60867\" data-permalink=\"https:\/\/www.hoymercedes.com.ar\/principal\/2017\/03\/20\/operativo-de-seguridad-vial-y-transito-en-avenidas-accesos-y-rutas\/20-operativo-transito-2\/#main\" data-orig-file=\"https:\/\/www.hoymercedes.com.ar\/principal\/wp-content\/uploads\/2017\/03\/20-operativo-transito-2.jpg\" data-orig-size=\"630,420\" data-comments-opened=\"0\" data-image-meta=\"{&quot;aperture&quot;:&quot;4.5&quot;,&quot;credit&quot;:&quot;&quot;,&quot;camera&quot;:&quot;Canon EOS 60D&quot;,&quot;caption&quot;:&quot;&quot;,&quot;created_timestamp&quot;:&quot;1489793408&quot;,&quot;copyright&quot;:&quot;&quot;,&quot;focal_length&quot;:&quot;80&quot;,&quot;iso&quot;:&quot;4000&quot;,&quot;shutter_speed&quot;:&quot;0.016666666666667&quot;,&quot;title&quot;:&quot;&quot;,&quot;orientation&quot;:&quot;1&quot;}\" data-image-title=\"20 operativo transito 2\" data-image-description=\"\" data-image-caption=\"\" data-large-file=\"https:\/\/www.hoymercedes.com.ar\/principal\/wp-content\/uploads\/2017\/03\/20-operativo-transito-2.jpg\" class=\"aligncenter size-medium wp-image-60867\" src=\"https:\/\/www.hoymercedes.com.ar\/principal\/wp-content\/uploads\/2017\/03\/20-operativo-transito-2-630x420.jpg\" alt=\"\" width=\"630\" height=\"420\" srcset=\"https:\/\/www.hoymercedes.com.ar\/principal\/wp-content\/uploads\/2017\/03\/20-operativo-transito-2.jpg 630w, https:\/\/www.hoymercedes.com.ar\/principal\/wp-content\/uploads\/2017\/03\/20-operativo-transito-2-150x100.jpg 150w, https:\/\/www.hoymercedes.com.ar\/principal\/wp-content\/uploads\/2017\/03\/20-operativo-transito-2-300x200.jpg 300w\" sizes=\"auto, (max-width: 630px) 100vw, 630px\" \/><\/p>\n<p>\u201cFue un operativo que mostr\u00f3 claramente c\u00f3mo se puede trabajar en conjunto, como se puede avanzar en una agenda en com\u00fan con las instancias provinciales, nacionales y locales en beneficio de toda la ciudan\u00eda, con la mirada en la seguridad vial, el tr\u00e1nsito y evitar diversas amenazas latentes\u201d, narr\u00f3 Esteban Rossi, Director de Seguridad de la Municipalidad de Mercedes.<\/p>\n<p>Trabaj\u00f3 en la noche mercedina la Agencia Nacional de Seguridad Vial del Ministerio de Transporte de la Naci\u00f3n, el Grupo Motorizado de la Polic\u00eda Vial del Ministerio de Seguridad, Secretar\u00eda de Seguridad de la Municipalidad de Mercedes, Polic\u00eda Comunal, Polic\u00eda Local, el \u00e1rea de tr\u00e1nsito de Mercedes y el Juzgado de Faltas con su responsable Mat\u00edas Maresca.<\/p>\n<p>\u201cHubo varios puestos en accesos, puentes, rutas, avenidas de circunvalaci\u00f3n, avenidas c\u00e9ntricas. No hubo disturbios, todo se efectu\u00f3 con total normalidad y el operativo fue un verdadero ejemplo de acci\u00f3n conjunta que desmembr\u00f3 cualquier intento de acci\u00f3n fuera de lo legal\u201d remarc\u00f3 Rossi.<\/p>\n<p>Zunino tambi\u00e9n puso \u00e9nfasis en que \u201ctodas las agencias trabajaron en conjunto. Para nosotros es valioso contar con el apoyo de las diversas expresiones institucionales, de Provincia y Naci\u00f3n dado que como todos sabemos en rutas provinciales y nacionales la jurisdicci\u00f3n y el poder de acci\u00f3n no corresponde a la Comuna\u201d. Viernes, s\u00e1bado y domingo pudieron ser vistas por mercedinas las fuerzas de control vial.<\/p>\n<p>Por su parte, el intendente Juan Ignacio Ustarroz agradeci\u00f3 \u201cal Ministro de Seguridad Cristian Ritondo, quien comprendi\u00f3 cabalmente la problem\u00e1tica y nos acompa\u00f1\u00f3 en este proceso de actuaci\u00f3n en conjunto, articulando, y obteniendo un exitoso operativo cuyo objetivo no es ni m\u00e1s ni menos que proteger la vida del pr\u00f3jimo, haciendo cumplir las normas de tr\u00e1nsito\u201d, sostuvo.<\/p>\n<p><img loading=\"lazy\" decoding=\"async\" data-attachment-id=\"60866\" data-permalink=\"https:\/\/www.hoymercedes.com.ar\/principal\/2017\/03\/20\/operativo-de-seguridad-vial-y-transito-en-avenidas-accesos-y-rutas\/20-operativo-transito-1\/#main\" data-orig-file=\"https:\/\/www.hoymercedes.com.ar\/principal\/wp-content\/uploads\/2017\/03\/20-operativo-transito-1.jpg\" data-orig-size=\"630,420\" data-comments-opened=\"0\" data-image-meta=\"{&quot;aperture&quot;:&quot;4&quot;,&quot;credit&quot;:&quot;&quot;,&quot;camera&quot;:&quot;Canon EOS 60D&quot;,&quot;caption&quot;:&quot;&quot;,&quot;created_timestamp&quot;:&quot;1489799949&quot;,&quot;copyright&quot;:&quot;&quot;,&quot;focal_length&quot;:&quot;75&quot;,&quot;iso&quot;:&quot;5000&quot;,&quot;shutter_speed&quot;:&quot;0.04&quot;,&quot;title&quot;:&quot;&quot;,&quot;orientation&quot;:&quot;1&quot;}\" data-image-title=\"20 operativo transito 1\" data-image-description=\"\" data-image-caption=\"\" data-large-file=\"https:\/\/www.hoymercedes.com.ar\/principal\/wp-content\/uploads\/2017\/03\/20-operativo-transito-1.jpg\" class=\"aligncenter size-medium wp-image-60866\" src=\"https:\/\/www.hoymercedes.com.ar\/principal\/wp-content\/uploads\/2017\/03\/20-operativo-transito-1-630x420.jpg\" alt=\"\" width=\"630\" height=\"420\" srcset=\"https:\/\/www.hoymercedes.com.ar\/principal\/wp-content\/uploads\/2017\/03\/20-operativo-transito-1.jpg 630w, https:\/\/www.hoymercedes.com.ar\/principal\/wp-content\/uploads\/2017\/03\/20-operativo-transito-1-150x100.jpg 150w, https:\/\/www.hoymercedes.com.ar\/principal\/wp-content\/uploads\/2017\/03\/20-operativo-transito-1-300x200.jpg 300w\" sizes=\"auto, (max-width: 630px) 100vw, 630px\" \/><br \/>\n<strong>Secuestros<\/strong><\/p>\n<p>La acci\u00f3n conjunta y amplia, como pocas veces se ha visto, pero que es parte de una continuidad que muchos vecinos ya observaron desde fines del a\u00f1o pasado y que tan buenos resultados ha dado permiti\u00f3 el secuestro de 35 motocicletas por contar con distintos tipos de irregularidades como ser falta de papeles, l\u00edmites de velocidad, etc. Las mismas corresponden tanto al espacio urbano como sub urbano y en la ruta nacional N\u00b05. Los secuestros del d\u00eda viernes fueron todos sobre vecinos de Mercedes mientras que las dem\u00e1s jornadas ya hubo sobre motoso que trataban de ingresar a la ciudad, siendo uno de los puntos el paso del peaje. Hubo secuestro de cross, gileras, reformadas, antiguas, es decir, de todo.<br \/>\n<strong>Denuncia penal<\/strong><\/p>\n<p>A ra\u00edz de publicaciones en redes sociales, que no son nuevas, el Municipio efectu\u00f3 una denuncia penal que recay\u00f3 en la U.F.I N\u00b02 para que se inicien investigaciones por potenciales delitos. No es la primera vez que el municipio decide ir a fondo con temas que as\u00ed lo requieren, tal como en el pasado se lo hizo con las publicaciones falsas en redes sociales que tan nocivas se convierten para la ciudadan\u00eda.<\/p>\n<p><img loading=\"lazy\" decoding=\"async\" data-attachment-id=\"60868\" data-permalink=\"https:\/\/www.hoymercedes.com.ar\/principal\/2017\/03\/20\/operativo-de-seguridad-vial-y-transito-en-avenidas-accesos-y-rutas\/20-operativo-transito-3\/#main\" data-orig-file=\"https:\/\/www.hoymercedes.com.ar\/principal\/wp-content\/uploads\/2017\/03\/20-operativo-transito-3.jpg\" data-orig-size=\"630,420\" data-comments-opened=\"0\" data-image-meta=\"{&quot;aperture&quot;:&quot;4.5&quot;,&quot;credit&quot;:&quot;&quot;,&quot;camera&quot;:&quot;Canon EOS 60D&quot;,&quot;caption&quot;:&quot;&quot;,&quot;created_timestamp&quot;:&quot;1489793151&quot;,&quot;copyright&quot;:&quot;&quot;,&quot;focal_length&quot;:&quot;75&quot;,&quot;iso&quot;:&quot;5000&quot;,&quot;shutter_speed&quot;:&quot;0.0125&quot;,&quot;title&quot;:&quot;&quot;,&quot;orientation&quot;:&quot;1&quot;}\" data-image-title=\"20 operativo transito 3\" data-image-description=\"\" data-image-caption=\"\" data-large-file=\"https:\/\/www.hoymercedes.com.ar\/principal\/wp-content\/uploads\/2017\/03\/20-operativo-transito-3.jpg\" class=\"aligncenter size-medium wp-image-60868\" src=\"https:\/\/www.hoymercedes.com.ar\/principal\/wp-content\/uploads\/2017\/03\/20-operativo-transito-3-630x420.jpg\" alt=\"\" width=\"630\" height=\"420\" srcset=\"https:\/\/www.hoymercedes.com.ar\/principal\/wp-content\/uploads\/2017\/03\/20-operativo-transito-3.jpg 630w, https:\/\/www.hoymercedes.com.ar\/principal\/wp-content\/uploads\/2017\/03\/20-operativo-transito-3-150x100.jpg 150w, https:\/\/www.hoymercedes.com.ar\/principal\/wp-content\/uploads\/2017\/03\/20-operativo-transito-3-300x200.jpg 300w\" sizes=\"auto, (max-width: 630px) 100vw, 630px\" \/><br \/>\n<strong>Seguir\u00e1n<\/strong><\/p>\n<p>Desde la cartera de seguridad local manifestaron que no se cesar\u00e1 con este tipo de operativos. Que en algunas ocasiones ser\u00e1 contando con fuerzas locales y en otras con apoyo externo. Que es un tema muy complejo que incluye la responsabilidad ciudadana, el accionar de los j\u00f3venes, los padres, la conciencia del riesgo que se corre sobre uno y los dem\u00e1s y que tambi\u00e9n implica distintas jurisdicciones como ser local, provincial y nacional<br \/>\n<strong>Satisfacci\u00f3n<\/strong><\/p>\n<p>Las fuerzas de seguridad intervinientes expresaron su satisfacci\u00f3n porque las actividades permitieron realizarse sin confrontaciones, huidas, instancias de peligro, accidentes o aspectos semejantes. Remarcaron que es un camino que se inicia, de control de tr\u00e1nsito, que no tiene fecha de caducidad.<\/p>\n<p>El operativo tuvo un resultado muy positivo en todo sentido. Por su parte, la Secretaria de Seguridad, Josefina Kelly, destac\u00f3 la \u201cvaliosa tarea\u201d que se viene realizando desde hace un tiempo con un \u201cnotorio beneficio para todos\u201d y en una puesta en \u201ccom\u00fan de las fuerzas y agentes que marca la diferencia\u201d. A su vez, el intendente Ustarroz tambi\u00e9n sostuvo una mirada positiva sobre la acci\u00f3n que \u201cbrinda tranquilidad a la ciudadan\u00eda\u201d.<\/p>\n<p>&nbsp;<\/p>\n<p>Fuente: Prensa Municipal<\/p>\n","protected":false},"excerpt":{"rendered":"<p>Durante este fin de semana un destacado despliegue de fuerzas de seguridad se llev\u00f3 a cabo en Mercedes siendo multi &#8230; <a title=\"Operativo de seguridad vial y tr\u00e1nsito en avenidas, accesos y rutas\" class=\"read-more\" href=\"https:\/\/www.hoymercedes.com.ar\/principal\/2017\/03\/20\/operativo-de-seguridad-vial-y-transito-en-avenidas-accesos-y-rutas\/\" aria-label=\"Leer m\u00e1s sobre Operativo de seguridad vial y tr\u00e1nsito en avenidas, accesos y rutas\">Leer m\u00e1s<\/a><\/p>\n","protected":false},"author":1,"featured_media":60866,"comment_status":"closed","ping_status":"open","sticky":false,"template":"","format":"standard","meta":{"_monsterinsights_skip_tracking":false,"_monsterinsights_sitenote_active":false,"_monsterinsights_sitenote_note":"","_monsterinsights_sitenote_category":0,"jetpack_post_was_ever_published":false,"_jetpack_newsletter_access":"","_jetpack_dont_email_post_to_subs":false,"_jetpack_newsletter_tier_id":0,"_jetpack_memberships_contains_paywalled_content":false,"_jetpack_memberships_contains_paid_content":false,"footnotes":"","jetpack_publicize_message":"","jetpack_publicize_feature_enabled":true,"jetpack_social_post_already_shared":true,"jetpack_social_options":{"image_generator_settings":{"template":"highway","default_image_id":0,"font":"","enabled":false},"version":2},"_wpas_customize_per_network":false},"categories":[30,85],"tags":[10358,8848,96,626,5907],"class_list":["post-60864","post","type-post","status-publish","format-standard","has-post-thumbnail","hentry","category-municipio","category-policial","tag-municipio","tag-operativo","tag-policial-2","tag-seguridad-vial","tag-transito","generate-columns","tablet-grid-50","mobile-grid-100","grid-parent","grid-50"],"jetpack_publicize_connections":[],"jetpack_featured_media_url":"https:\/\/www.hoymercedes.com.ar\/principal\/wp-content\/uploads\/2017\/03\/20-operativo-transito-1.jpg","wps_subtitle":"Durante el fin de semana","jetpack_sharing_enabled":true,"_links":{"self":[{"href":"https:\/\/www.hoymercedes.com.ar\/principal\/wp-json\/wp\/v2\/posts\/60864","targetHints":{"allow":["GET"]}}],"collection":[{"href":"https:\/\/www.hoymercedes.com.ar\/principal\/wp-json\/wp\/v2\/posts"}],"about":[{"href":"https:\/\/www.hoymercedes.com.ar\/principal\/wp-json\/wp\/v2\/types\/post"}],"author":[{"embeddable":true,"href":"https:\/\/www.hoymercedes.com.ar\/principal\/wp-json\/wp\/v2\/users\/1"}],"replies":[{"embeddable":true,"href":"https:\/\/www.hoymercedes.com.ar\/principal\/wp-json\/wp\/v2\/comments?post=60864"}],"version-history":[{"count":0,"href":"https:\/\/www.hoymercedes.com.ar\/principal\/wp-json\/wp\/v2\/posts\/60864\/revisions"}],"wp:featuredmedia":[{"embeddable":true,"href":"https:\/\/www.hoymercedes.com.ar\/principal\/wp-json\/wp\/v2\/media\/60866"}],"wp:attachment":[{"href":"https:\/\/www.hoymercedes.com.ar\/principal\/wp-json\/wp\/v2\/media?parent=60864"}],"wp:term":[{"taxonomy":"category","embeddable":true,"href":"https:\/\/www.hoymercedes.com.ar\/principal\/wp-json\/wp\/v2\/categories?post=60864"},{"taxonomy":"post_tag","embeddable":true,"href":"https:\/\/www.hoymercedes.com.ar\/principal\/wp-json\/wp\/v2\/tags?post=60864"}],"curies":[{"name":"wp","href":"https:\/\/api.w.org\/{rel}","templated":true}]}}