{"id":60880,"date":"2017-03-21T12:13:36","date_gmt":"2017-03-21T15:13:36","guid":{"rendered":"http:\/\/www.hoymercedes.com.ar\/principal\/?p=60880"},"modified":"2017-03-21T17:56:52","modified_gmt":"2017-03-21T20:56:52","slug":"sequeira-avizora-una-nueva-chance-a-nivel-internacional","status":"publish","type":"post","link":"https:\/\/www.hoymercedes.com.ar\/principal\/2017\/03\/21\/sequeira-avizora-una-nueva-chance-a-nivel-internacional\/","title":{"rendered":"Sequeira avizora una nueva chance a nivel internacional"},"content":{"rendered":"<p><em><strong>La visita de Mauricio Sulaiman a la Argentina, Presidente del Consejo Mundial de Boxeo, ha motivado que el actual Campe\u00f3n Argentino de los Mediopesado y ex monarca Latino CMB de la misma categor\u00eda, Walter Gabriel Sequeira, est\u00e9 el pr\u00f3ximo s\u00e1bado 25 en un destacado evento box\u00edstico que se llevar\u00e1 adelante en la ciudad de Buenos Aires. Precisamente no habr\u00e1 combates, si no reuniones y anuncios para el deporte de los pu\u00f1os.<\/strong><\/em><\/p>\n<p><img loading=\"lazy\" decoding=\"async\" data-attachment-id=\"60881\" data-permalink=\"https:\/\/www.hoymercedes.com.ar\/principal\/2017\/03\/21\/sequeira-avizora-una-nueva-chance-a-nivel-internacional\/dscn4188\/#main\" data-orig-file=\"https:\/\/www.hoymercedes.com.ar\/principal\/wp-content\/uploads\/2017\/03\/DSCN4188.jpg\" data-orig-size=\"650,487\" data-comments-opened=\"0\" data-image-meta=\"{&quot;aperture&quot;:&quot;5.6&quot;,&quot;credit&quot;:&quot;&quot;,&quot;camera&quot;:&quot;COOLPIX L310&quot;,&quot;caption&quot;:&quot;&quot;,&quot;created_timestamp&quot;:&quot;1384648427&quot;,&quot;copyright&quot;:&quot;&quot;,&quot;focal_length&quot;:&quot;59.7&quot;,&quot;iso&quot;:&quot;800&quot;,&quot;shutter_speed&quot;:&quot;0.01&quot;,&quot;title&quot;:&quot;&quot;,&quot;orientation&quot;:&quot;1&quot;}\" data-image-title=\"DSCN4188\" data-image-description=\"\" data-image-caption=\"\" data-large-file=\"https:\/\/www.hoymercedes.com.ar\/principal\/wp-content\/uploads\/2017\/03\/DSCN4188.jpg\" class=\"aligncenter size-medium wp-image-60881\" src=\"https:\/\/www.hoymercedes.com.ar\/principal\/wp-content\/uploads\/2017\/03\/DSCN4188-630x472.jpg\" alt=\"\" width=\"630\" height=\"472\" srcset=\"https:\/\/www.hoymercedes.com.ar\/principal\/wp-content\/uploads\/2017\/03\/DSCN4188-630x472.jpg 630w, https:\/\/www.hoymercedes.com.ar\/principal\/wp-content\/uploads\/2017\/03\/DSCN4188-150x112.jpg 150w, https:\/\/www.hoymercedes.com.ar\/principal\/wp-content\/uploads\/2017\/03\/DSCN4188.jpg 650w\" sizes=\"auto, (max-width: 630px) 100vw, 630px\" \/><\/p>\n<p>El \u201cYacar\u00e9\u201d estar\u00e1 acompa\u00f1ado de su promotor \u201cCharly\u201d Rodr\u00edguez, quien ha manifestado buscar una nueva chance internacional para mercedino que integra el equipo Macro Boxing Team. Sequeira ya ha estado ranheako en el CMB en los tiempos que defendi\u00f3 su cetro Latino, afrontando adem\u00e1s en febrero del 2016 un compromiso ante Avni Yildirim (Turqu\u00eda) a 12 vueltas, estando e juego el T\u00edtulo Plata Internacional CMB que por puntos se qued\u00f3 el local.<\/p>\n<p>Durante su presencia en el pa\u00eds, Sulaiman mantendr\u00e1 tambi\u00e9n un encuentro con la prensa que se desarrollar\u00e1 en el Hotel Castelar de la Capital Federal el mismo 25, adem\u00e1s ofrecer\u00e1 un desayuno en el marco del lanzamiento de la S\u00faper Liga WBC- (versi\u00f3n Amateur 2017) que llevar\u00e1 el nombre de \u00abTorneo Jos\u00e9 Sulaiman\u00bb.<\/p>\n","protected":false},"excerpt":{"rendered":"<p>La visita de Mauricio Sulaiman a la Argentina, Presidente del Consejo Mundial de Boxeo, ha motivado que el actual Campe\u00f3n &#8230; <a title=\"Sequeira avizora una nueva chance a nivel internacional\" class=\"read-more\" href=\"https:\/\/www.hoymercedes.com.ar\/principal\/2017\/03\/21\/sequeira-avizora-una-nueva-chance-a-nivel-internacional\/\" aria-label=\"Leer m\u00e1s sobre Sequeira avizora una nueva chance a nivel internacional\">Leer m\u00e1s<\/a><\/p>\n","protected":false},"author":1,"featured_media":60881,"comment_status":"closed","ping_status":"open","sticky":false,"template":"","format":"standard","meta":{"_monsterinsights_skip_tracking":false,"_monsterinsights_sitenote_active":false,"_monsterinsights_sitenote_note":"","_monsterinsights_sitenote_category":0,"jetpack_post_was_ever_published":false,"_jetpack_newsletter_access":"","_jetpack_dont_email_post_to_subs":false,"_jetpack_newsletter_tier_id":0,"_jetpack_memberships_contains_paywalled_content":false,"_jetpack_memberships_contains_paid_content":false,"footnotes":"","jetpack_publicize_message":"","jetpack_publicize_feature_enabled":true,"jetpack_social_post_already_shared":false,"jetpack_social_options":{"image_generator_settings":{"template":"highway","default_image_id":0,"font":"","enabled":false},"version":2},"_wpas_customize_per_network":false},"categories":[21],"tags":[1279,204,3806],"class_list":["post-60880","post","type-post","status-publish","format-standard","has-post-thumbnail","hentry","category-deportes","tag-boxeo","tag-deportes-2","tag-walter-yacare-sequeira","generate-columns","tablet-grid-50","mobile-grid-100","grid-parent","grid-50"],"jetpack_publicize_connections":[],"jetpack_featured_media_url":"https:\/\/www.hoymercedes.com.ar\/principal\/wp-content\/uploads\/2017\/03\/DSCN4188.jpg","wps_subtitle":"Boxeo","jetpack_sharing_enabled":true,"_links":{"self":[{"href":"https:\/\/www.hoymercedes.com.ar\/principal\/wp-json\/wp\/v2\/posts\/60880","targetHints":{"allow":["GET"]}}],"collection":[{"href":"https:\/\/www.hoymercedes.com.ar\/principal\/wp-json\/wp\/v2\/posts"}],"about":[{"href":"https:\/\/www.hoymercedes.com.ar\/principal\/wp-json\/wp\/v2\/types\/post"}],"author":[{"embeddable":true,"href":"https:\/\/www.hoymercedes.com.ar\/principal\/wp-json\/wp\/v2\/users\/1"}],"replies":[{"embeddable":true,"href":"https:\/\/www.hoymercedes.com.ar\/principal\/wp-json\/wp\/v2\/comments?post=60880"}],"version-history":[{"count":0,"href":"https:\/\/www.hoymercedes.com.ar\/principal\/wp-json\/wp\/v2\/posts\/60880\/revisions"}],"wp:featuredmedia":[{"embeddable":true,"href":"https:\/\/www.hoymercedes.com.ar\/principal\/wp-json\/wp\/v2\/media\/60881"}],"wp:attachment":[{"href":"https:\/\/www.hoymercedes.com.ar\/principal\/wp-json\/wp\/v2\/media?parent=60880"}],"wp:term":[{"taxonomy":"category","embeddable":true,"href":"https:\/\/www.hoymercedes.com.ar\/principal\/wp-json\/wp\/v2\/categories?post=60880"},{"taxonomy":"post_tag","embeddable":true,"href":"https:\/\/www.hoymercedes.com.ar\/principal\/wp-json\/wp\/v2\/tags?post=60880"}],"curies":[{"name":"wp","href":"https:\/\/api.w.org\/{rel}","templated":true}]}}