{"id":6090,"date":"2011-08-06T01:58:21","date_gmt":"2011-08-06T01:58:21","guid":{"rendered":"http:\/\/www.hoymercedes.com.ar\/principal\/?p=6090"},"modified":"2011-08-06T01:58:21","modified_gmt":"2011-08-06T01:58:21","slug":"atacaron-el-local-del-frente-mercedino","status":"publish","type":"post","link":"https:\/\/www.hoymercedes.com.ar\/principal\/2011\/08\/06\/atacaron-el-local-del-frente-mercedino\/","title":{"rendered":"Atacaron el local del Frente Mercedino"},"content":{"rendered":"<p>Tal como ocurri\u00f3 en la elecci\u00f3n de 2007, un candidato a intendente fue agredido. En aqu\u00e9l momento, el 31 de agosto de ese a\u00f1o amaneci\u00f3 la casa de Mart\u00edn Zubeld\u00eda, presidente del Concejo Deliberante y candidato a Intendente por el Partido Justicialista, con pintadas agraviantes, mientras que el concejal y candidato por la Uni\u00f3n C\u00edvica Radical, Juan Manuel Torres, recibi\u00f3 pintadas en la vereda de su casa.<\/p>\n<p><a href=\"https:\/\/www.hoymercedes.com.ar\/principal\/wp-content\/uploads\/2011\/08\/fmv-ataqueI.jpg\"><img loading=\"lazy\" decoding=\"async\" data-attachment-id=\"6094\" data-permalink=\"https:\/\/www.hoymercedes.com.ar\/principal\/2011\/08\/06\/atacaron-el-local-del-frente-mercedino\/attachment\/6094\/#main\" data-orig-file=\"https:\/\/www.hoymercedes.com.ar\/principal\/wp-content\/uploads\/2011\/08\/fmv-ataqueI.jpg\" data-orig-size=\"604,453\" data-comments-opened=\"1\" data-image-meta=\"{&quot;aperture&quot;:&quot;3.2&quot;,&quot;credit&quot;:&quot;&quot;,&quot;camera&quot;:&quot;SAMSUNG ES15 \/ VLUU ES15 \/ SAMSUNG SL30&quot;,&quot;caption&quot;:&quot;&quot;,&quot;created_timestamp&quot;:&quot;1265479731&quot;,&quot;copyright&quot;:&quot;COPYRIGHT, 2009&quot;,&quot;focal_length&quot;:&quot;6.3&quot;,&quot;iso&quot;:&quot;100&quot;,&quot;shutter_speed&quot;:&quot;0.0055555555555556&quot;,&quot;title&quot;:&quot;&lt;SAMSUNG DIGITAL CAMERA&gt;&quot;}\" data-image-title=\"Frente Mercedino local atacado\" data-image-description=\"&lt;p&gt;Frente Mercedino local atacado&lt;\/p&gt;\n\" data-image-caption=\"\" data-large-file=\"https:\/\/www.hoymercedes.com.ar\/principal\/wp-content\/uploads\/2011\/08\/fmv-ataqueI.jpg\" class=\"aligncenter size-full wp-image-6094\" title=\"Frente Mercedino local atacado\" src=\"https:\/\/www.hoymercedes.com.ar\/principal\/wp-content\/uploads\/2011\/08\/fmv-ataqueI.jpg\" alt=\"Frente Mercedino local atacado\" width=\"604\" height=\"453\" \/><\/a><\/p>\n<p>En esta oportunidad, en la madrugada del viernes el local de Juan Ignacio Ustarroz fue atacado por desconocidos. \u201cNo tenemos indicios de d\u00f3nde pudo haber venido el ataque, pero uno, haciendo un an\u00e1lisis hist\u00f3rico, no ser\u00eda desacertado hacer una sospecha fundada. Pero tampoco le voy a endilgar la responsabilidad a ning\u00fan sector en particular, pero s\u00ed voy a decir que en esta campa\u00f1a he sido muy criticado y se ha querido hacer siempre un escenario de confrontaci\u00f3n al que siempre hemos rehuido, porque entendemos que la pol\u00edtica es otra cosa, es el arte de resolver los problemas de la gente, de saber escuchar y resolver junto a los vecinos y seguiremos en el mismo sendero\u201d, dijo Ustarroz a la prensa.<\/p>\n<p>&nbsp;<\/p>\n<figure id=\"attachment_6096\" aria-describedby=\"caption-attachment-6096\" style=\"width: 595px\" class=\"wp-caption aligncenter\"><a href=\"https:\/\/www.hoymercedes.com.ar\/principal\/wp-content\/uploads\/2011\/08\/fmv-ataqueII.jpg\"><img loading=\"lazy\" decoding=\"async\" data-attachment-id=\"6096\" data-permalink=\"https:\/\/www.hoymercedes.com.ar\/principal\/2011\/08\/06\/atacaron-el-local-del-frente-mercedino\/attachment\/6096\/#main\" data-orig-file=\"https:\/\/www.hoymercedes.com.ar\/principal\/wp-content\/uploads\/2011\/08\/fmv-ataqueII.jpg\" data-orig-size=\"605,454\" data-comments-opened=\"1\" data-image-meta=\"{&quot;aperture&quot;:&quot;8.4&quot;,&quot;credit&quot;:&quot;&quot;,&quot;camera&quot;:&quot;SAMSUNG ES15 \/ VLUU ES15 \/ SAMSUNG SL30&quot;,&quot;caption&quot;:&quot;&quot;,&quot;created_timestamp&quot;:&quot;1265479703&quot;,&quot;copyright&quot;:&quot;COPYRIGHT, 2009&quot;,&quot;focal_length&quot;:&quot;6.3&quot;,&quot;iso&quot;:&quot;100&quot;,&quot;shutter_speed&quot;:&quot;0.011111111111111&quot;,&quot;title&quot;:&quot;&lt;SAMSUNG DIGITAL CAMERA&gt;&quot;}\" data-image-title=\"Frente Mercedino local atacado\" data-image-description=\"&lt;p&gt;Frente Mercedino local atacado&lt;\/p&gt;\n\" data-image-caption=\"&lt;p&gt;Frente Mercedino local atacado&lt;\/p&gt;\n\" data-large-file=\"https:\/\/www.hoymercedes.com.ar\/principal\/wp-content\/uploads\/2011\/08\/fmv-ataqueII.jpg\" class=\"size-full wp-image-6096\" title=\"Frente Mercedino local atacado\" src=\"https:\/\/www.hoymercedes.com.ar\/principal\/wp-content\/uploads\/2011\/08\/fmv-ataqueII.jpg\" alt=\"Frente Mercedino local atacado\" width=\"605\" height=\"454\" srcset=\"https:\/\/www.hoymercedes.com.ar\/principal\/wp-content\/uploads\/2011\/08\/fmv-ataqueII.jpg 605w, https:\/\/www.hoymercedes.com.ar\/principal\/wp-content\/uploads\/2011\/08\/fmv-ataqueII-300x225.jpg 300w\" sizes=\"auto, (max-width: 605px) 100vw, 605px\" \/><\/a><figcaption id=\"caption-attachment-6096\" class=\"wp-caption-text\">Frente Mercedino local atacado<\/figcaption><\/figure>\n<p>El local del Frente Mercedino, ubicado en 25 entre 14 y 16 fue pintado con bombas de nitr\u00f3geno, seg\u00fan manifest\u00f3 el candidato a Intendente, \u201cescribiendo inscripciones muy descalificantes hacia mi persona y hacia nuestro candidato a Diputado Nacional Eduardo \u201cWado\u201d De Pedro\u201d, agreg\u00f3.<\/p>\n<p>&nbsp;<\/p>\n<figure id=\"attachment_6097\" aria-describedby=\"caption-attachment-6097\" style=\"width: 595px\" class=\"wp-caption aligncenter\"><a href=\"https:\/\/www.hoymercedes.com.ar\/principal\/wp-content\/uploads\/2011\/08\/fmv-ataqueIII.jpg\"><img loading=\"lazy\" decoding=\"async\" data-attachment-id=\"6097\" data-permalink=\"https:\/\/www.hoymercedes.com.ar\/principal\/2011\/08\/06\/atacaron-el-local-del-frente-mercedino\/attachment\/6097\/#main\" data-orig-file=\"https:\/\/www.hoymercedes.com.ar\/principal\/wp-content\/uploads\/2011\/08\/fmv-ataqueIII.jpg\" data-orig-size=\"605,454\" data-comments-opened=\"1\" data-image-meta=\"{&quot;aperture&quot;:&quot;3.2&quot;,&quot;credit&quot;:&quot;&quot;,&quot;camera&quot;:&quot;SAMSUNG ES15 \/ VLUU ES15 \/ SAMSUNG SL30&quot;,&quot;caption&quot;:&quot;&quot;,&quot;created_timestamp&quot;:&quot;1265479775&quot;,&quot;copyright&quot;:&quot;COPYRIGHT, 2009&quot;,&quot;focal_length&quot;:&quot;6.3&quot;,&quot;iso&quot;:&quot;100&quot;,&quot;shutter_speed&quot;:&quot;0.0028571428571429&quot;,&quot;title&quot;:&quot;&lt;SAMSUNG DIGITAL CAMERA&gt;&quot;}\" data-image-title=\"Frente Mercedino local atacado\" data-image-description=\"&lt;p&gt;Frente Mercedino local atacado&lt;\/p&gt;\n\" data-image-caption=\"&lt;p&gt;Frente Mercedino local atacado&lt;\/p&gt;\n\" data-large-file=\"https:\/\/www.hoymercedes.com.ar\/principal\/wp-content\/uploads\/2011\/08\/fmv-ataqueIII.jpg\" class=\"size-full wp-image-6097\" title=\"Frente Mercedino local atacado\" src=\"https:\/\/www.hoymercedes.com.ar\/principal\/wp-content\/uploads\/2011\/08\/fmv-ataqueIII.jpg\" alt=\"Frente Mercedino local atacado\" width=\"605\" height=\"454\" srcset=\"https:\/\/www.hoymercedes.com.ar\/principal\/wp-content\/uploads\/2011\/08\/fmv-ataqueIII.jpg 605w, https:\/\/www.hoymercedes.com.ar\/principal\/wp-content\/uploads\/2011\/08\/fmv-ataqueIII-300x225.jpg 300w\" sizes=\"auto, (max-width: 605px) 100vw, 605px\" \/><\/a><figcaption id=\"caption-attachment-6097\" class=\"wp-caption-text\">Frente Mercedino local atacado<\/figcaption><\/figure>\n<p>Por otra parte, Ustarroz, que repudi\u00f3 \u201cesta forma de manifestaci\u00f3n pol\u00edtica\u201d y que busc\u00f3 no dramatizar lo ocurrido ya que anunci\u00f3 que \u201cbajo ning\u00fan punto de vista vamos a entrar en esta escalada\u201d, asegur\u00f3 que \u201cno es un hecho aislado\u201d, recordando lo que le ocurri\u00f3 a Zubeld\u00eda y a Torres, como tambi\u00e9n la entrega de coronas f\u00fanebres a periodistas y partidos pol\u00edticos.<\/p>\n<p>&nbsp;<\/p>\n<p>\u201cPara nosotros, esto no tiene por qu\u00e9 empa\u00f1ar una campa\u00f1a que desde el Frente Mercedino la planteamos desde una perspectiva de trabajo, poniendo el eje en las propuestas y los proyectos, tratando los problemas concretos del ciudadano de Mercedes, con quien estamos entablando una relaci\u00f3n diaria, a trav\u00e9s de encuestas, de recorrido por los barrios, a trav\u00e9s de una Web que invita al ciudadano a plantear un problema o una sugerencia en el Mapa de Necesidades.\u201d, concluy\u00f3 Juani.<\/p>\n","protected":false},"excerpt":{"rendered":"<p>Tal como ocurri\u00f3 en la elecci\u00f3n de 2007, un candidato a intendente fue agredido. En aqu\u00e9l momento, el 31 de &#8230; <a title=\"Atacaron el local del Frente Mercedino\" class=\"read-more\" href=\"https:\/\/www.hoymercedes.com.ar\/principal\/2011\/08\/06\/atacaron-el-local-del-frente-mercedino\/\" aria-label=\"Leer m\u00e1s sobre Atacaron el local del Frente Mercedino\">Leer m\u00e1s<\/a><\/p>\n","protected":false},"author":1,"featured_media":0,"comment_status":"open","ping_status":"open","sticky":false,"template":"","format":"standard","meta":{"_monsterinsights_skip_tracking":false,"_monsterinsights_sitenote_active":false,"_monsterinsights_sitenote_note":"","_monsterinsights_sitenote_category":0,"jetpack_post_was_ever_published":false,"_jetpack_newsletter_access":"","_jetpack_dont_email_post_to_subs":false,"_jetpack_newsletter_tier_id":0,"_jetpack_memberships_contains_paywalled_content":false,"_jetpack_memberships_contains_paid_content":false,"footnotes":"","jetpack_publicize_message":"","jetpack_publicize_feature_enabled":true,"jetpack_social_post_already_shared":false,"jetpack_social_options":{"image_generator_settings":{"template":"highway","default_image_id":0,"font":"","enabled":false},"version":2},"_wpas_customize_per_network":false},"categories":[5],"tags":[],"class_list":["post-6090","post","type-post","status-publish","format-standard","hentry","category-politica","generate-columns","tablet-grid-50","mobile-grid-100","grid-parent","grid-50"],"jetpack_publicize_connections":[],"jetpack_featured_media_url":"","wps_subtitle":"","jetpack_sharing_enabled":true,"_links":{"self":[{"href":"https:\/\/www.hoymercedes.com.ar\/principal\/wp-json\/wp\/v2\/posts\/6090","targetHints":{"allow":["GET"]}}],"collection":[{"href":"https:\/\/www.hoymercedes.com.ar\/principal\/wp-json\/wp\/v2\/posts"}],"about":[{"href":"https:\/\/www.hoymercedes.com.ar\/principal\/wp-json\/wp\/v2\/types\/post"}],"author":[{"embeddable":true,"href":"https:\/\/www.hoymercedes.com.ar\/principal\/wp-json\/wp\/v2\/users\/1"}],"replies":[{"embeddable":true,"href":"https:\/\/www.hoymercedes.com.ar\/principal\/wp-json\/wp\/v2\/comments?post=6090"}],"version-history":[{"count":0,"href":"https:\/\/www.hoymercedes.com.ar\/principal\/wp-json\/wp\/v2\/posts\/6090\/revisions"}],"wp:attachment":[{"href":"https:\/\/www.hoymercedes.com.ar\/principal\/wp-json\/wp\/v2\/media?parent=6090"}],"wp:term":[{"taxonomy":"category","embeddable":true,"href":"https:\/\/www.hoymercedes.com.ar\/principal\/wp-json\/wp\/v2\/categories?post=6090"},{"taxonomy":"post_tag","embeddable":true,"href":"https:\/\/www.hoymercedes.com.ar\/principal\/wp-json\/wp\/v2\/tags?post=6090"}],"curies":[{"name":"wp","href":"https:\/\/api.w.org\/{rel}","templated":true}]}}