{"id":60909,"date":"2017-03-21T14:32:23","date_gmt":"2017-03-21T17:32:23","guid":{"rendered":"http:\/\/www.hoymercedes.com.ar\/principal\/?p=60909"},"modified":"2017-03-21T22:38:33","modified_gmt":"2017-03-22T01:38:33","slug":"entregaron-la-primera-peluca-realizada-en-el-programa-mechas-solidarias","status":"publish","type":"post","link":"https:\/\/www.hoymercedes.com.ar\/principal\/2017\/03\/21\/entregaron-la-primera-peluca-realizada-en-el-programa-mechas-solidarias\/","title":{"rendered":"Entregaron la primera peluca realizada en el programa Mechas Solidarias"},"content":{"rendered":"<p><em><strong>Una vecina con problemas de salud que le produce la ca\u00edda del cabello recibi\u00f3 una cabellera hecha a medida por las voluntarias del programa municipal. Todos los lunes en el CIC se siguen recibiendo donaci\u00f3n de cabellos para armar nuevas pelucas para el banco municipal.<\/strong><\/em><\/p>\n<p><img loading=\"lazy\" decoding=\"async\" data-attachment-id=\"60903\" data-permalink=\"https:\/\/www.hoymercedes.com.ar\/principal\/2017\/03\/21\/la-diputada-provincial-patricia-cubria-recorrio-instalaciones-del-ctep\/21-mechas-solidarias3\/#main\" data-orig-file=\"https:\/\/www.hoymercedes.com.ar\/principal\/wp-content\/uploads\/2017\/03\/21-mechas-solidarias3.jpg\" data-orig-size=\"630,420\" data-comments-opened=\"0\" data-image-meta=\"{&quot;aperture&quot;:&quot;3.5&quot;,&quot;credit&quot;:&quot;&quot;,&quot;camera&quot;:&quot;NIKON D3100&quot;,&quot;caption&quot;:&quot;&quot;,&quot;created_timestamp&quot;:&quot;1490006081&quot;,&quot;copyright&quot;:&quot;&quot;,&quot;focal_length&quot;:&quot;22&quot;,&quot;iso&quot;:&quot;500&quot;,&quot;shutter_speed&quot;:&quot;0.016666666666667&quot;,&quot;title&quot;:&quot;&quot;,&quot;orientation&quot;:&quot;1&quot;}\" data-image-title=\"21 mechas solidarias3\" data-image-description=\"\" data-image-caption=\"\" data-large-file=\"https:\/\/www.hoymercedes.com.ar\/principal\/wp-content\/uploads\/2017\/03\/21-mechas-solidarias3.jpg\" class=\"aligncenter size-medium wp-image-60903\" src=\"https:\/\/www.hoymercedes.com.ar\/principal\/wp-content\/uploads\/2017\/03\/21-mechas-solidarias3-630x420.jpg\" alt=\"\" width=\"630\" height=\"420\" srcset=\"https:\/\/www.hoymercedes.com.ar\/principal\/wp-content\/uploads\/2017\/03\/21-mechas-solidarias3.jpg 630w, https:\/\/www.hoymercedes.com.ar\/principal\/wp-content\/uploads\/2017\/03\/21-mechas-solidarias3-150x100.jpg 150w, https:\/\/www.hoymercedes.com.ar\/principal\/wp-content\/uploads\/2017\/03\/21-mechas-solidarias3-300x200.jpg 300w\" sizes=\"auto, (max-width: 630px) 100vw, 630px\" \/><\/p>\n<p>Tal como sucede todos los lunes en el CIC, los voluntarios y voluntarias del programa municipal \u201cMechas Solidarias\u201d se dieron cita para recibir donaciones de cabellos y armar las cabelleras que integrar\u00e1n el banco de pelucas de la comuna. Sin embargo, este lunes fue especial para los presentes en el taller de armado, ya que entregaron la primera peluca \u00edntegramente confeccionada por ellas.<\/p>\n<p>Una vecina de la ciudad hizo la solicitud y no hab\u00eda ninguna acorde a su necesidad y por lo tanto, desde Mechas Solidarias tomaron la inquietud para hacerle una especialmente y este lunes se la entregaron en persona. Aunque la se\u00f1ora no quiso hacer p\u00fablica su imagen, ni su nombre, pudo v\u00e9rsela en el taller de confecci\u00f3n de pelucas muy feliz con su nueva cabellera amoldada a su propio estilo.<\/p>\n<p>En dos mesas, un grupo de voluntarios selecciona los cabellos de acuerdo a los colores y texturas, arman las cortinas que luego, en otra mesa, son cocidas para el posterior armado final en donde se las ti\u00f1en de manera pareja si es necesario y se recortan y emparejan.<\/p>\n<p>La entrega de la primera peluca confeccionadas por las voluntarias se hizo con la presencia del Intendente Municipal Juan Ignacio Ustarroz, el presidente del Concejo Deliberante Mat\u00edas Dematei, las concejalas Patricia Prenitune y Mariana San Mart\u00edn, la Directora del CIC Betiana Gonz\u00e1lez y la presidenta de LALCEC Elida Coz.<\/p>\n<p><img loading=\"lazy\" decoding=\"async\" data-attachment-id=\"60902\" data-permalink=\"https:\/\/www.hoymercedes.com.ar\/principal\/2017\/03\/21\/la-diputada-provincial-patricia-cubria-recorrio-instalaciones-del-ctep\/21-mechas-solidarias2\/#main\" data-orig-file=\"https:\/\/www.hoymercedes.com.ar\/principal\/wp-content\/uploads\/2017\/03\/21-mechas-solidarias2.jpg\" data-orig-size=\"630,420\" data-comments-opened=\"0\" data-image-meta=\"{&quot;aperture&quot;:&quot;4.5&quot;,&quot;credit&quot;:&quot;&quot;,&quot;camera&quot;:&quot;NIKON D3100&quot;,&quot;caption&quot;:&quot;&quot;,&quot;created_timestamp&quot;:&quot;1490006124&quot;,&quot;copyright&quot;:&quot;&quot;,&quot;focal_length&quot;:&quot;32&quot;,&quot;iso&quot;:&quot;1250&quot;,&quot;shutter_speed&quot;:&quot;0.016666666666667&quot;,&quot;title&quot;:&quot;&quot;,&quot;orientation&quot;:&quot;1&quot;}\" data-image-title=\"21 mechas solidarias2\" data-image-description=\"\" data-image-caption=\"\" data-large-file=\"https:\/\/www.hoymercedes.com.ar\/principal\/wp-content\/uploads\/2017\/03\/21-mechas-solidarias2.jpg\" class=\"aligncenter size-medium wp-image-60902\" src=\"https:\/\/www.hoymercedes.com.ar\/principal\/wp-content\/uploads\/2017\/03\/21-mechas-solidarias2-630x420.jpg\" alt=\"\" width=\"630\" height=\"420\" srcset=\"https:\/\/www.hoymercedes.com.ar\/principal\/wp-content\/uploads\/2017\/03\/21-mechas-solidarias2.jpg 630w, https:\/\/www.hoymercedes.com.ar\/principal\/wp-content\/uploads\/2017\/03\/21-mechas-solidarias2-150x100.jpg 150w, https:\/\/www.hoymercedes.com.ar\/principal\/wp-content\/uploads\/2017\/03\/21-mechas-solidarias2-300x200.jpg 300w\" sizes=\"auto, (max-width: 630px) 100vw, 630px\" \/><\/p>\n<p>\u201cLo que nos motiva es la solidaridad, eso hace que el grupo de voluntarios se mantenga y se sumen cada semana. Entregamos esta primera peluca adaptada para la paciente. Ella vino por primera vez la semana pasada. Dentro del banco de las pelucas que ten\u00edamos no hab\u00eda ninguna con la cual ella se sintiese identificada. As\u00ed que se la armamos. Ella misma eligi\u00f3 el pelo y todas la fuimos armando para entreg\u00e1rsela de manera r\u00e1pida. Se la pusimos y se la llev\u00f3, pero antes se la lav\u00f3 y acondicion\u00f3 de acuerdo al corte que ella quer\u00eda. La idea es que la persona que pierde el pelo por una enfermedad encuentre su identidad\u201d, explic\u00f3 la doctora Gonz\u00e1lez agradeciendo al Intendente por el desarrollo del Municipio en el programa solidario.<\/p>\n<p>Por su parte, Elida agradeci\u00f3 y destac\u00f3 las voluntarias que se suman, adem\u00e1s de remarcar la felicidad de la se\u00f1ora que se fue con su cabello tal cual lo quer\u00eda. \u201cEsperamos que m\u00e1s gente colabore e invitamos a quienes lo necesiten que se acerquen a conocer el taller de confecci\u00f3n de pelucas. Hay que destacar que no s\u00f3lo es para pacientes oncol\u00f3gicos, hay otras patolog\u00edas que tambi\u00e9n producen la ca\u00edda del cabello. Es un golpe emocional muy grande y este espacio solidario le ayuda mucho\u201d, agreg\u00f3 la titular de LALCEC.<\/p>\n<p>Cabe recordar que el programa Mechas Solidarias naci\u00f3 de una inquietud de la concejala Prenitune. A ella se le sum\u00f3 la concejala San Mart\u00edn y la doctora Betiana Gonz\u00e1lez para invitar a las integrantes de LALCEC.<\/p>\n<p>Desde que comenz\u00f3 la campa\u00f1a, los lunes en el CIC reciben pelucas en desuso, pero principalmente a personas que quieran donar \u201cmechitas\u201d de su propio cabello para el armado de las \u201ccortinas\u201d y las pelucas que luego ser\u00e1n acondicionadas de acuerdo a la necesidad de la persona que las requiera por tener alguna enfermedad que le produce la ca\u00edda del cabello.<\/p>\n<p>De 9 a 12 horas, en el CIC est\u00e1n los lunes. Sin embargo, quienes no puedan acercarse hasta la 10 y 65, pueden comunicarse con LALCEC en horas de la tarde o preguntar en las peluquer\u00edas adheridas que tienen carteles que las identifican.<\/p>\n<p><img loading=\"lazy\" decoding=\"async\" data-attachment-id=\"60901\" data-permalink=\"https:\/\/www.hoymercedes.com.ar\/principal\/2017\/03\/21\/la-diputada-provincial-patricia-cubria-recorrio-instalaciones-del-ctep\/21-mechas-solidarias\/#main\" data-orig-file=\"https:\/\/www.hoymercedes.com.ar\/principal\/wp-content\/uploads\/2017\/03\/21-mechas-solidarias.jpg\" data-orig-size=\"630,420\" data-comments-opened=\"0\" data-image-meta=\"{&quot;aperture&quot;:&quot;3.5&quot;,&quot;credit&quot;:&quot;&quot;,&quot;camera&quot;:&quot;NIKON D3100&quot;,&quot;caption&quot;:&quot;&quot;,&quot;created_timestamp&quot;:&quot;1488971040&quot;,&quot;copyright&quot;:&quot;&quot;,&quot;focal_length&quot;:&quot;18&quot;,&quot;iso&quot;:&quot;560&quot;,&quot;shutter_speed&quot;:&quot;0.016666666666667&quot;,&quot;title&quot;:&quot;&quot;,&quot;orientation&quot;:&quot;1&quot;}\" data-image-title=\"21 mechas solidarias\" data-image-description=\"\" data-image-caption=\"\" data-large-file=\"https:\/\/www.hoymercedes.com.ar\/principal\/wp-content\/uploads\/2017\/03\/21-mechas-solidarias.jpg\" class=\"aligncenter size-medium wp-image-60901\" src=\"https:\/\/www.hoymercedes.com.ar\/principal\/wp-content\/uploads\/2017\/03\/21-mechas-solidarias-630x420.jpg\" alt=\"\" width=\"630\" height=\"420\" srcset=\"https:\/\/www.hoymercedes.com.ar\/principal\/wp-content\/uploads\/2017\/03\/21-mechas-solidarias.jpg 630w, https:\/\/www.hoymercedes.com.ar\/principal\/wp-content\/uploads\/2017\/03\/21-mechas-solidarias-150x100.jpg 150w, https:\/\/www.hoymercedes.com.ar\/principal\/wp-content\/uploads\/2017\/03\/21-mechas-solidarias-300x200.jpg 300w\" sizes=\"auto, (max-width: 630px) 100vw, 630px\" \/><\/p>\n<p><strong>Mechas de Navarro<\/strong><\/p>\n<p>Por otra parte, las integrantes del programa municipal Mechas Solidarias estuvieron participando de una actividad en el marco del D\u00eda de la Mujer en la localidad de Navarro. All\u00ed la campa\u00f1a se hizo en una plaza y fueron los vecinos de dicha localidad los que donaron mechones de cabello para armar las pelucas que abastecer\u00e1n el banco municipal de Mercedes. Fueron invitadas por el Rotary Club de Navarro y la Municipalidad de esa localidad.<\/p>\n<p>&nbsp;<\/p>\n<p>Textos: Clarisa Altieri<\/p>\n","protected":false},"excerpt":{"rendered":"<p>Una vecina con problemas de salud que le produce la ca\u00edda del cabello recibi\u00f3 una cabellera hecha a medida por &#8230; <a title=\"Entregaron la primera peluca realizada en el programa Mechas Solidarias\" class=\"read-more\" href=\"https:\/\/www.hoymercedes.com.ar\/principal\/2017\/03\/21\/entregaron-la-primera-peluca-realizada-en-el-programa-mechas-solidarias\/\" aria-label=\"Leer m\u00e1s sobre Entregaron la primera peluca realizada en el programa Mechas Solidarias\">Leer m\u00e1s<\/a><\/p>\n","protected":false},"author":1,"featured_media":60901,"comment_status":"closed","ping_status":"open","sticky":false,"template":"","format":"standard","meta":{"_monsterinsights_skip_tracking":false,"_monsterinsights_sitenote_active":false,"_monsterinsights_sitenote_note":"","_monsterinsights_sitenote_category":0,"jetpack_post_was_ever_published":false,"_jetpack_newsletter_access":"","_jetpack_dont_email_post_to_subs":false,"_jetpack_newsletter_tier_id":0,"_jetpack_memberships_contains_paywalled_content":false,"_jetpack_memberships_contains_paid_content":false,"footnotes":"","jetpack_publicize_message":"","jetpack_publicize_feature_enabled":true,"jetpack_social_post_already_shared":true,"jetpack_social_options":{"image_generator_settings":{"template":"highway","default_image_id":0,"font":"","enabled":false},"version":2},"_wpas_customize_per_network":false},"categories":[30],"tags":[2524,108,10544,244],"class_list":["post-60909","post","type-post","status-publish","format-standard","has-post-thumbnail","hentry","category-municipio","tag-campana-solidaria","tag-lalcec","tag-mechas-solidarias","tag-municipio-2","generate-columns","tablet-grid-50","mobile-grid-100","grid-parent","grid-50"],"jetpack_publicize_connections":[],"jetpack_featured_media_url":"https:\/\/www.hoymercedes.com.ar\/principal\/wp-content\/uploads\/2017\/03\/21-mechas-solidarias.jpg","wps_subtitle":"Fabricada por los voluntarios","jetpack_sharing_enabled":true,"_links":{"self":[{"href":"https:\/\/www.hoymercedes.com.ar\/principal\/wp-json\/wp\/v2\/posts\/60909","targetHints":{"allow":["GET"]}}],"collection":[{"href":"https:\/\/www.hoymercedes.com.ar\/principal\/wp-json\/wp\/v2\/posts"}],"about":[{"href":"https:\/\/www.hoymercedes.com.ar\/principal\/wp-json\/wp\/v2\/types\/post"}],"author":[{"embeddable":true,"href":"https:\/\/www.hoymercedes.com.ar\/principal\/wp-json\/wp\/v2\/users\/1"}],"replies":[{"embeddable":true,"href":"https:\/\/www.hoymercedes.com.ar\/principal\/wp-json\/wp\/v2\/comments?post=60909"}],"version-history":[{"count":0,"href":"https:\/\/www.hoymercedes.com.ar\/principal\/wp-json\/wp\/v2\/posts\/60909\/revisions"}],"wp:featuredmedia":[{"embeddable":true,"href":"https:\/\/www.hoymercedes.com.ar\/principal\/wp-json\/wp\/v2\/media\/60901"}],"wp:attachment":[{"href":"https:\/\/www.hoymercedes.com.ar\/principal\/wp-json\/wp\/v2\/media?parent=60909"}],"wp:term":[{"taxonomy":"category","embeddable":true,"href":"https:\/\/www.hoymercedes.com.ar\/principal\/wp-json\/wp\/v2\/categories?post=60909"},{"taxonomy":"post_tag","embeddable":true,"href":"https:\/\/www.hoymercedes.com.ar\/principal\/wp-json\/wp\/v2\/tags?post=60909"}],"curies":[{"name":"wp","href":"https:\/\/api.w.org\/{rel}","templated":true}]}}