{"id":60920,"date":"2017-03-22T09:00:22","date_gmt":"2017-03-22T12:00:22","guid":{"rendered":"http:\/\/www.hoymercedes.com.ar\/principal\/?p=60920"},"modified":"2017-03-22T10:04:33","modified_gmt":"2017-03-22T13:04:33","slug":"dos-detenidos-por-heridas-de-arma-blanca","status":"publish","type":"post","link":"https:\/\/www.hoymercedes.com.ar\/principal\/2017\/03\/22\/dos-detenidos-por-heridas-de-arma-blanca\/","title":{"rendered":"Dos detenidos por heridas de arma blanca"},"content":{"rendered":"<p>La semana pasada, personal del Gabinete t\u00e9cnico investigativo de la seccional Mercedes de la Polic\u00eda local, en el marco de averiguaciones practicadas en el marco de una causa por \u201cHomicidio simple en grado de tentativa\u201d, lograron dar con los imputados de dicho hecho. Se trata de un hombre de 23 a\u00f1os de apellido Farias y una mujer de 21, de apellido Lugones.<\/p>\n<p>El hecho, ocurrido en junio de 2016 en calle 61 y 28, trat\u00f3 de una confrontaci\u00f3n que en primer lugar tuvo intervenci\u00f3n el hombre imputado y otro sujeto, resultando este \u00faltimo herido con un arma blanca, de gravedad. Posteriormente, el agresor se present\u00f3 en la vivienda de la v\u00edctima y all\u00ed se volvi\u00f3 a dar una gresca en la que la mujer habr\u00eda tomado participaci\u00f3n en defensa de las agresiones del imputado.<\/p>\n<p>La polic\u00eda realiz\u00f3 un trabajo encubierto en torno al lugar donde se encontraban los imputados y lograron interceptarlos para ponerlos a disposici\u00f3n de la fiscal\u00eda.<\/p>\n<p>Ahora se van a tomar testimonios, y relevamientos de prueba necesaria para poder dilucidar lo ocurrido.<\/p>\n","protected":false},"excerpt":{"rendered":"<p>La semana pasada, personal del Gabinete t\u00e9cnico investigativo de la seccional Mercedes de la Polic\u00eda local, en el marco de &#8230; <a title=\"Dos detenidos por heridas de arma blanca\" class=\"read-more\" href=\"https:\/\/www.hoymercedes.com.ar\/principal\/2017\/03\/22\/dos-detenidos-por-heridas-de-arma-blanca\/\" aria-label=\"Leer m\u00e1s sobre Dos detenidos por heridas de arma blanca\">Leer m\u00e1s<\/a><\/p>\n","protected":false},"author":1,"featured_media":59909,"comment_status":"closed","ping_status":"open","sticky":false,"template":"","format":"standard","meta":{"_monsterinsights_skip_tracking":false,"_monsterinsights_sitenote_active":false,"_monsterinsights_sitenote_note":"","_monsterinsights_sitenote_category":0,"jetpack_post_was_ever_published":false,"_jetpack_newsletter_access":"","_jetpack_dont_email_post_to_subs":true,"_jetpack_newsletter_tier_id":0,"_jetpack_memberships_contains_paywalled_content":false,"_jetpack_memberships_contains_paid_content":false,"footnotes":"","jetpack_publicize_message":"","jetpack_publicize_feature_enabled":true,"jetpack_social_post_already_shared":true,"jetpack_social_options":{"image_generator_settings":{"template":"highway","default_image_id":0,"font":"","enabled":false},"version":2},"_wpas_customize_per_network":false},"categories":[85],"tags":[10765,26,96],"class_list":["post-60920","post","type-post","status-publish","format-standard","has-post-thumbnail","hentry","category-policial","tag-arma-blanca","tag-detenidos","tag-policial-2","generate-columns","tablet-grid-50","mobile-grid-100","grid-parent","grid-50"],"jetpack_publicize_connections":[],"jetpack_featured_media_url":"https:\/\/www.hoymercedes.com.ar\/principal\/wp-content\/uploads\/2017\/02\/17-policia-patrulla-rural.jpg","wps_subtitle":"Hechos policiales","jetpack_sharing_enabled":true,"_links":{"self":[{"href":"https:\/\/www.hoymercedes.com.ar\/principal\/wp-json\/wp\/v2\/posts\/60920","targetHints":{"allow":["GET"]}}],"collection":[{"href":"https:\/\/www.hoymercedes.com.ar\/principal\/wp-json\/wp\/v2\/posts"}],"about":[{"href":"https:\/\/www.hoymercedes.com.ar\/principal\/wp-json\/wp\/v2\/types\/post"}],"author":[{"embeddable":true,"href":"https:\/\/www.hoymercedes.com.ar\/principal\/wp-json\/wp\/v2\/users\/1"}],"replies":[{"embeddable":true,"href":"https:\/\/www.hoymercedes.com.ar\/principal\/wp-json\/wp\/v2\/comments?post=60920"}],"version-history":[{"count":0,"href":"https:\/\/www.hoymercedes.com.ar\/principal\/wp-json\/wp\/v2\/posts\/60920\/revisions"}],"wp:featuredmedia":[{"embeddable":true,"href":"https:\/\/www.hoymercedes.com.ar\/principal\/wp-json\/wp\/v2\/media\/59909"}],"wp:attachment":[{"href":"https:\/\/www.hoymercedes.com.ar\/principal\/wp-json\/wp\/v2\/media?parent=60920"}],"wp:term":[{"taxonomy":"category","embeddable":true,"href":"https:\/\/www.hoymercedes.com.ar\/principal\/wp-json\/wp\/v2\/categories?post=60920"},{"taxonomy":"post_tag","embeddable":true,"href":"https:\/\/www.hoymercedes.com.ar\/principal\/wp-json\/wp\/v2\/tags?post=60920"}],"curies":[{"name":"wp","href":"https:\/\/api.w.org\/{rel}","templated":true}]}}