{"id":60944,"date":"2017-03-22T15:30:07","date_gmt":"2017-03-22T18:30:07","guid":{"rendered":"http:\/\/www.hoymercedes.com.ar\/principal\/?p=60944"},"modified":"2017-03-22T13:23:33","modified_gmt":"2017-03-22T16:23:33","slug":"este-sabado-celebran-el-dia-de-sindrome-de-down","status":"publish","type":"post","link":"https:\/\/www.hoymercedes.com.ar\/principal\/2017\/03\/22\/este-sabado-celebran-el-dia-de-sindrome-de-down\/","title":{"rendered":"Este s\u00e1bado celebran el D\u00eda de S\u00edndrome de Down"},"content":{"rendered":"<p>El pasado \u00a0martes\u00a0 21 de marzo se celebr\u00f3 el D\u00eda Mundial del S\u00edndrome de Down. La organizaci\u00f3n S\u00edndrome de Down Mercedes y la Direcci\u00f3n Municipal de Discapacidad lo festejaron con una jornada de difusi\u00f3n y concientizaci\u00f3n. Este s\u00e1bado 25 llevar\u00e1 adelante un d\u00eda de juegos, m\u00fasica, payasos y actividades deportivas en la Plaza de la Estaci\u00f3n de Trenes a partir de la hora 14.<\/p>\n<p><img loading=\"lazy\" decoding=\"async\" data-attachment-id=\"60936\" data-permalink=\"https:\/\/www.hoymercedes.com.ar\/principal\/2017\/03\/22\/recorridas-guiadas-por-las-iglesias-en-el-dia-de-los-monumentos\/22-sindorme-down-1\/#main\" data-orig-file=\"https:\/\/www.hoymercedes.com.ar\/principal\/wp-content\/uploads\/2017\/03\/22-sindorme-down-1.jpg\" data-orig-size=\"630,420\" data-comments-opened=\"0\" data-image-meta=\"{&quot;aperture&quot;:&quot;0&quot;,&quot;credit&quot;:&quot;&quot;,&quot;camera&quot;:&quot;&quot;,&quot;caption&quot;:&quot;&quot;,&quot;created_timestamp&quot;:&quot;0&quot;,&quot;copyright&quot;:&quot;&quot;,&quot;focal_length&quot;:&quot;0&quot;,&quot;iso&quot;:&quot;0&quot;,&quot;shutter_speed&quot;:&quot;0&quot;,&quot;title&quot;:&quot;&quot;,&quot;orientation&quot;:&quot;0&quot;}\" data-image-title=\"22 sindorme down 1\" data-image-description=\"\" data-image-caption=\"\" data-large-file=\"https:\/\/www.hoymercedes.com.ar\/principal\/wp-content\/uploads\/2017\/03\/22-sindorme-down-1.jpg\" class=\"aligncenter size-medium wp-image-60936\" src=\"https:\/\/www.hoymercedes.com.ar\/principal\/wp-content\/uploads\/2017\/03\/22-sindorme-down-1-630x420.jpg\" alt=\"\" width=\"630\" height=\"420\" srcset=\"https:\/\/www.hoymercedes.com.ar\/principal\/wp-content\/uploads\/2017\/03\/22-sindorme-down-1.jpg 630w, https:\/\/www.hoymercedes.com.ar\/principal\/wp-content\/uploads\/2017\/03\/22-sindorme-down-1-150x100.jpg 150w, https:\/\/www.hoymercedes.com.ar\/principal\/wp-content\/uploads\/2017\/03\/22-sindorme-down-1-300x200.jpg 300w\" sizes=\"auto, (max-width: 630px) 100vw, 630px\" \/><\/p>\n<p>Padres, amigos, familiares y vecinos de personas con s\u00edndrome de down\u00a0realizaron una jornada de concientizaci\u00f3n en plaza San Mart\u00edn este martes en el marco del D\u00eda Internacional del S\u00edndrome de Down. Con folleter\u00eda, banderas, difundieron, hablaron y explicaron de qu\u00e9 se trata este sindorme haciendo hincapi\u00e9 en\u00a0el acceso adecuado a la atenci\u00f3n de la salud, a los programas de intervenci\u00f3n temprana y a la ense\u00f1anza inclusiva, as\u00ed como la investigaci\u00f3n adecuada.<\/p>\n<p>\u00abCon esta celebraci\u00f3n, la Asamblea General quiere aumentar la conciencia p\u00fablica sobre la cuesti\u00f3n y recordar la dignidad inherente, la val\u00eda y las valiosas contribuciones de las personas con discapacidad intelectual como promotores del bienestar y de la diversidad de sus comunidades. Tambi\u00e9n quiere resaltar la importancia de su autonom\u00eda e independencia individual, en particular la libertad de tomar sus propias decisiones\u00bb, explicaron los presentes.<\/p>\n<p>\u00abComo cada a\u00f1o, un lema caracteriza la edici\u00f3n. En esta oportunidad\u00a0 la propuesta ha sido &#8216;habilitar a las personas con s\u00edndrome de Down para que puedan expresarse, ser escuchados e influir en la pol\u00edtica y la acci\u00f3n del gobierno, con el fin de que se integren plenamente en las comunidades\u201d, agregaron.<\/p>\n<p>En el marco de esta celebraci\u00f3n, el pr\u00f3ximo s\u00e1bado 25 de marzo, con el apoyo de la Direcci\u00f3n de Discapacidad de la Municipalidad de Mercedes, a cargo de Tatiana L\u00f3pez, se estar\u00e1 llevando adelante una celebraci\u00f3n de integraci\u00f3n. Desde la hora 14, en la plaza de la Estaci\u00f3n del ex FFCC Sarmiento, en 29 y 8, la propuesta es que m\u00e1s all\u00e1 de la difusi\u00f3n, los vecinos tengan actividades recreativas, espect\u00e1culos de inclusi\u00f3n e integraci\u00f3n. Una propuesta para\u00a0disfrutar todas las familias que concurran, adem\u00e1s de poder conocer e informarse un poco m\u00e1s sobre esta condici\u00f3n.<\/p>\n<p>Fuente y Fotos: Prensa Municipal<\/p>\n<p><img loading=\"lazy\" decoding=\"async\" data-attachment-id=\"60937\" data-permalink=\"https:\/\/www.hoymercedes.com.ar\/principal\/2017\/03\/22\/recorridas-guiadas-por-las-iglesias-en-el-dia-de-los-monumentos\/22-sindorme-down-2\/#main\" data-orig-file=\"https:\/\/www.hoymercedes.com.ar\/principal\/wp-content\/uploads\/2017\/03\/22-sindorme-down-2.jpg\" data-orig-size=\"402,602\" data-comments-opened=\"0\" data-image-meta=\"{&quot;aperture&quot;:&quot;0&quot;,&quot;credit&quot;:&quot;&quot;,&quot;camera&quot;:&quot;&quot;,&quot;caption&quot;:&quot;&quot;,&quot;created_timestamp&quot;:&quot;0&quot;,&quot;copyright&quot;:&quot;&quot;,&quot;focal_length&quot;:&quot;0&quot;,&quot;iso&quot;:&quot;0&quot;,&quot;shutter_speed&quot;:&quot;0&quot;,&quot;title&quot;:&quot;&quot;,&quot;orientation&quot;:&quot;0&quot;}\" data-image-title=\"22 sindorme down 2\" data-image-description=\"\" data-image-caption=\"\" data-large-file=\"https:\/\/www.hoymercedes.com.ar\/principal\/wp-content\/uploads\/2017\/03\/22-sindorme-down-2.jpg\" class=\"aligncenter size-full wp-image-60937\" src=\"https:\/\/www.hoymercedes.com.ar\/principal\/wp-content\/uploads\/2017\/03\/22-sindorme-down-2.jpg\" alt=\"\" width=\"402\" height=\"602\" srcset=\"https:\/\/www.hoymercedes.com.ar\/principal\/wp-content\/uploads\/2017\/03\/22-sindorme-down-2.jpg 402w, https:\/\/www.hoymercedes.com.ar\/principal\/wp-content\/uploads\/2017\/03\/22-sindorme-down-2-100x150.jpg 100w\" sizes=\"auto, (max-width: 402px) 100vw, 402px\" \/><\/p>\n","protected":false},"excerpt":{"rendered":"<p>El pasado \u00a0martes\u00a0 21 de marzo se celebr\u00f3 el D\u00eda Mundial del S\u00edndrome de Down. La organizaci\u00f3n S\u00edndrome de Down &#8230; <a title=\"Este s\u00e1bado celebran el D\u00eda de S\u00edndrome de Down\" class=\"read-more\" href=\"https:\/\/www.hoymercedes.com.ar\/principal\/2017\/03\/22\/este-sabado-celebran-el-dia-de-sindrome-de-down\/\" aria-label=\"Leer m\u00e1s sobre Este s\u00e1bado celebran el D\u00eda de S\u00edndrome de Down\">Leer m\u00e1s<\/a><\/p>\n","protected":false},"author":1,"featured_media":60936,"comment_status":"closed","ping_status":"open","sticky":false,"template":"","format":"standard","meta":{"_monsterinsights_skip_tracking":false,"_monsterinsights_sitenote_active":false,"_monsterinsights_sitenote_note":"","_monsterinsights_sitenote_category":0,"jetpack_post_was_ever_published":false,"_jetpack_newsletter_access":"","_jetpack_dont_email_post_to_subs":false,"_jetpack_newsletter_tier_id":0,"_jetpack_memberships_contains_paywalled_content":false,"_jetpack_memberships_contains_paid_content":false,"footnotes":"","jetpack_publicize_message":"","jetpack_publicize_feature_enabled":true,"jetpack_social_post_already_shared":true,"jetpack_social_options":{"image_generator_settings":{"template":"highway","default_image_id":0,"font":"","enabled":false},"version":2},"_wpas_customize_per_network":false},"categories":[5485,9791],"tags":[10779,1927,134,10778],"class_list":["post-60944","post","type-post","status-publish","format-standard","has-post-thumbnail","hentry","category-comunidad","category-salud","tag-dia-internacional-del-sindrome-de-down","tag-direccion-de-discapacidad","tag-salud","tag-sindrome-de-down-mercedes","generate-columns","tablet-grid-50","mobile-grid-100","grid-parent","grid-50"],"jetpack_publicize_connections":[],"jetpack_featured_media_url":"https:\/\/www.hoymercedes.com.ar\/principal\/wp-content\/uploads\/2017\/03\/22-sindorme-down-1.jpg","wps_subtitle":"Difusi\u00f3n y concientizaci\u00f3n","jetpack_sharing_enabled":true,"_links":{"self":[{"href":"https:\/\/www.hoymercedes.com.ar\/principal\/wp-json\/wp\/v2\/posts\/60944","targetHints":{"allow":["GET"]}}],"collection":[{"href":"https:\/\/www.hoymercedes.com.ar\/principal\/wp-json\/wp\/v2\/posts"}],"about":[{"href":"https:\/\/www.hoymercedes.com.ar\/principal\/wp-json\/wp\/v2\/types\/post"}],"author":[{"embeddable":true,"href":"https:\/\/www.hoymercedes.com.ar\/principal\/wp-json\/wp\/v2\/users\/1"}],"replies":[{"embeddable":true,"href":"https:\/\/www.hoymercedes.com.ar\/principal\/wp-json\/wp\/v2\/comments?post=60944"}],"version-history":[{"count":0,"href":"https:\/\/www.hoymercedes.com.ar\/principal\/wp-json\/wp\/v2\/posts\/60944\/revisions"}],"wp:featuredmedia":[{"embeddable":true,"href":"https:\/\/www.hoymercedes.com.ar\/principal\/wp-json\/wp\/v2\/media\/60936"}],"wp:attachment":[{"href":"https:\/\/www.hoymercedes.com.ar\/principal\/wp-json\/wp\/v2\/media?parent=60944"}],"wp:term":[{"taxonomy":"category","embeddable":true,"href":"https:\/\/www.hoymercedes.com.ar\/principal\/wp-json\/wp\/v2\/categories?post=60944"},{"taxonomy":"post_tag","embeddable":true,"href":"https:\/\/www.hoymercedes.com.ar\/principal\/wp-json\/wp\/v2\/tags?post=60944"}],"curies":[{"name":"wp","href":"https:\/\/api.w.org\/{rel}","templated":true}]}}