{"id":60950,"date":"2017-03-22T20:23:02","date_gmt":"2017-03-22T23:23:02","guid":{"rendered":"http:\/\/www.hoymercedes.com.ar\/principal\/?p=60950"},"modified":"2017-03-22T20:47:30","modified_gmt":"2017-03-22T23:47:30","slug":"matias-modolo-contra-san-miguel-sabiamos-que-era-a-matar-o-morir","status":"publish","type":"post","link":"https:\/\/www.hoymercedes.com.ar\/principal\/2017\/03\/22\/matias-modolo-contra-san-miguel-sabiamos-que-era-a-matar-o-morir\/","title":{"rendered":"Mat\u00edas M\u00f3dolo: \u00abContra San Miguel sab\u00edamos que era a matar o morir\u00bb"},"content":{"rendered":"<p><em><strong>Mat\u00edas M\u00f3dolo ya prepara su equipo para enfrentar a Sindicato de la Televisi\u00f3n por los octavos del final del Federal C, pero no se olvida de lo logrado en el \u00faltimo partido en Las Heras:\u00bbfue un deshaogo importante. Contra San Miguel sab\u00edamos que era a matar o morir. El triunfo era lo \u00fanico que nos serv\u00eda y salimos a buscarlo, lo trabajamos en la semana y apareci\u00f3 el juego y el temple de los jugadores para que las cosas salgan y ganemos el partido\u00bb.<\/strong><\/em><\/p>\n<p><img loading=\"lazy\" decoding=\"async\" data-attachment-id=\"60951\" data-permalink=\"https:\/\/www.hoymercedes.com.ar\/principal\/2017\/03\/22\/matias-modolo-contra-san-miguel-sabiamos-que-era-a-matar-o-morir\/_mhm3792\/#main\" data-orig-file=\"https:\/\/www.hoymercedes.com.ar\/principal\/wp-content\/uploads\/2017\/03\/MHM3792.jpg\" data-orig-size=\"531,800\" data-comments-opened=\"0\" data-image-meta=\"{&quot;aperture&quot;:&quot;4&quot;,&quot;credit&quot;:&quot;Moreira Mario Hugo    FOTOGRAFIA&quot;,&quot;camera&quot;:&quot;NIKON D300&quot;,&quot;caption&quot;:&quot;&quot;,&quot;created_timestamp&quot;:&quot;1488129677&quot;,&quot;copyright&quot;:&quot;AW Fotografia   Moreira Mario Hugo&quot;,&quot;focal_length&quot;:&quot;112&quot;,&quot;iso&quot;:&quot;200&quot;,&quot;shutter_speed&quot;:&quot;0.0015625&quot;,&quot;title&quot;:&quot;&quot;,&quot;orientation&quot;:&quot;0&quot;}\" data-image-title=\"_MHM3792\" data-image-description=\"\" data-image-caption=\"\" data-large-file=\"https:\/\/www.hoymercedes.com.ar\/principal\/wp-content\/uploads\/2017\/03\/MHM3792.jpg\" class=\"aligncenter size-medium wp-image-60951\" src=\"https:\/\/www.hoymercedes.com.ar\/principal\/wp-content\/uploads\/2017\/03\/MHM3792-412x620.jpg\" alt=\"\" width=\"412\" height=\"620\" srcset=\"https:\/\/www.hoymercedes.com.ar\/principal\/wp-content\/uploads\/2017\/03\/MHM3792-412x620.jpg 412w, https:\/\/www.hoymercedes.com.ar\/principal\/wp-content\/uploads\/2017\/03\/MHM3792-100x150.jpg 100w, https:\/\/www.hoymercedes.com.ar\/principal\/wp-content\/uploads\/2017\/03\/MHM3792.jpg 531w\" sizes=\"auto, (max-width: 412px) 100vw, 412px\" \/><\/p>\n<p>En di\u00e1logo con el programa El Pulso, que se emite de lunes a viernes por FM La Tribuna, habl\u00f3 del pr\u00f3ximo rival: \u00abTuve mis primeras experiencias como t\u00e9cnico dirigiendo la Liga de Luj\u00e1n y tambi\u00e9n formo parte del proyecto Castelar FC donde dirijo la Sub 17 y lo vi en varios partidos, estuve en la final con Alt\u00e9tico Luj\u00e1n. Lo conozco un poco, sus fortalezas y virtudes, pero despu\u00e9s en el partido puede servirte o no, pod\u00e9s saber qu\u00e9 propone el rival o una caracter\u00edstica de alg\u00fan jugador\u00bb.<\/p>\n<p>Adem\u00e1s, agreg\u00f3 que \u00abllegamos a San Miguel en el momento de menor confianza del torneo, as\u00ed que, no se cu\u00e1nto puede influir ahora. Creo que siempre es positivo tener confianza en uno porque es cuando el jugador saca lo mejor que tiene. Contra San Miguel lleg\u00e1bamos con la confianza por el piso porque no se nos daban las cosas y sin embargo se revirti\u00f3 porque fue buen\u00edsimo lo que hicieron los muchachos y espero que contra SATSAID podamos hacer lo mismo y manejar el partido\u00bb.<\/p>\n<p>Por otra parte, habl\u00f3 sobre la vuelta de Lucas Falcone a Trocha: \u00abun d\u00eda vino al predio, se acerc\u00f3 a hablar con nosotros, le preguntamos qu\u00e9 hacer, nos dijo que estaba pasando por una situaci\u00f3n personal bastante delicada y lo que hicimos fue invitarlo y decirle que fue muy importante para lograr el ascenso y que si estaba con ganas de pelear un lugar, que se incorpore, porque sab\u00edamos lo que nos pod\u00eda dar dentro de la cancha, pero el futbol\u00edsta no es s\u00f3lo lo que da en la cancha sino tambi\u00e9n lo que hace en la semana y evaluamos con el cuerpo t\u00e9cnico que \u00e9l estaba para jugar y consideramos que reci\u00e9n contra San Miguel estaba para jugar\u00bb.<\/p>\n<p>En cuanto al partido contra Quilmes, uno de los que jug\u00f3 el Federal y repiti\u00f3 en el debut en la Liga fue Hern\u00e1n Bruno y sobre esto detall\u00f3: \u00abnuestra idea era darlo descanso a Hern\u00e1n Bruno y como ten\u00edamos que jugar el mismo d\u00eda con Primera y Reserva, y algunos jugadores el viernes no pudieron entrenar bien, Hern\u00e1n cubri\u00f3 un puesto que ni siquiera en Reserva lo pudimos armar como quer\u00edamos porque tuvimos las bajas de Milo, Helvio Figueroa, de Alan G\u00f3mez, pero le vino bien sumar minutos, por eso lo reemplac\u00e9 en el segundo tiempo\u00bb.<\/p>\n<p>Respecto a la victoria en la fecha 3 de la Liga, dijo que \u00abQuilmes tiene jugadores j\u00f3venes, creo que nosotros hicimos un buen primer tiempo y encontramos los goles que te facilitan el juego, pero es un equipo que si uno no le concreta, los partidos cuando se terminan te empiezan a emparejar y si ellos te achican la ventaja, empieza otro partido, porque empieza a entregar un plus porque sabe que puede empatarlo\u00bb.<\/p>\n<p>Tambi\u00e9n se le pregunt\u00f3 sobre la continuidad de Marcos Camargo: \u00abtengo entendido que el pase de Camargo tiene fecha de finalizaci\u00f3n del Federal, por lo cual no podr\u00eda jugar en la Liga. Tenemos una charla pendiente con \u00e9l. En un principio se pidi\u00f3 vacaciones en su trabajo para poder hacer la pretemporada con nosotros y ahora est\u00e1 en una situaci\u00f3n en la que no puede venir a entrenar a Moreno y eso lo tiene mal a \u00e9l. Como es un jugador muy responsable, me gustar\u00eda que si \u00e9l empez\u00f3 con nosotros, tiene que terminar con nosotros, y si yo considero que lo considero que tiene que estar entre los 11 o los 16 que van el fin de semana, bien, y si no, tiene que estar con el grupo porque aporta mucho y los compa\u00f1eros lo quieren, as\u00ed que, hablar\u00e9 con \u00e9l para ver c\u00f3mo seguimos\u00bb.<\/p>\n<p>Por \u00faltimo, habl\u00f3 sobre las llegadas de Erik Brance, Alexis Longobuco y Franco Piemonte\u00bbtiene que ver con la organizaci\u00f3n de horarios. Nosotros en CIFA entrenamos por la ma\u00f1ana y ellos ten\u00edan libre por la tarde. Creo que les ofrecieron entrenar por la tarde y seguro m\u00e1s continuidad y entonces ahora est\u00e1n ah\u00ed. El \u00fanico que estaba en la lista del Federal y que estaba considerado para integrar la Liga era Erik Brance. Pero \u00e9l quer\u00eda progresar y tener continuidad y en buena hora que lo pueda hacer, porque en definitiva el objetivo de CIFA es el de reinsertar a los chicos en los clubes. Longobuco ya no estaba con nosotros desde el inicio por problemas de horario de trabajo y lo de Piemonte no se c\u00f3mo fue\u00bb.<\/p>\n<p>&nbsp;<\/p>\n","protected":false},"excerpt":{"rendered":"<p>Mat\u00edas M\u00f3dolo ya prepara su equipo para enfrentar a Sindicato de la Televisi\u00f3n por los octavos del final del Federal &#8230; <a title=\"Mat\u00edas M\u00f3dolo: \u00abContra San Miguel sab\u00edamos que era a matar o morir\u00bb\" class=\"read-more\" href=\"https:\/\/www.hoymercedes.com.ar\/principal\/2017\/03\/22\/matias-modolo-contra-san-miguel-sabiamos-que-era-a-matar-o-morir\/\" aria-label=\"Leer m\u00e1s sobre Mat\u00edas M\u00f3dolo: \u00abContra San Miguel sab\u00edamos que era a matar o morir\u00bb\">Leer m\u00e1s<\/a><\/p>\n","protected":false},"author":1,"featured_media":60951,"comment_status":"closed","ping_status":"open","sticky":false,"template":"","format":"standard","meta":{"_monsterinsights_skip_tracking":false,"_monsterinsights_sitenote_active":false,"_monsterinsights_sitenote_note":"","_monsterinsights_sitenote_category":0,"jetpack_post_was_ever_published":false,"_jetpack_newsletter_access":"","_jetpack_dont_email_post_to_subs":true,"_jetpack_newsletter_tier_id":0,"_jetpack_memberships_contains_paywalled_content":false,"_jetpack_memberships_contains_paid_content":false,"footnotes":"","jetpack_publicize_message":"","jetpack_publicize_feature_enabled":true,"jetpack_social_post_already_shared":true,"jetpack_social_options":{"image_generator_settings":{"template":"highway","default_image_id":0,"font":"","enabled":false},"version":2},"_wpas_customize_per_network":false},"categories":[21],"tags":[204,8412,1003,10580],"class_list":["post-60950","post","type-post","status-publish","format-standard","has-post-thumbnail","hentry","category-deportes","tag-deportes-2","tag-federal-c","tag-futbol","tag-matias-modolo","generate-columns","tablet-grid-50","mobile-grid-100","grid-parent","grid-50"],"jetpack_publicize_connections":[],"jetpack_featured_media_url":"https:\/\/www.hoymercedes.com.ar\/principal\/wp-content\/uploads\/2017\/03\/MHM3792.jpg","wps_subtitle":"Federal C","jetpack_sharing_enabled":true,"_links":{"self":[{"href":"https:\/\/www.hoymercedes.com.ar\/principal\/wp-json\/wp\/v2\/posts\/60950","targetHints":{"allow":["GET"]}}],"collection":[{"href":"https:\/\/www.hoymercedes.com.ar\/principal\/wp-json\/wp\/v2\/posts"}],"about":[{"href":"https:\/\/www.hoymercedes.com.ar\/principal\/wp-json\/wp\/v2\/types\/post"}],"author":[{"embeddable":true,"href":"https:\/\/www.hoymercedes.com.ar\/principal\/wp-json\/wp\/v2\/users\/1"}],"replies":[{"embeddable":true,"href":"https:\/\/www.hoymercedes.com.ar\/principal\/wp-json\/wp\/v2\/comments?post=60950"}],"version-history":[{"count":0,"href":"https:\/\/www.hoymercedes.com.ar\/principal\/wp-json\/wp\/v2\/posts\/60950\/revisions"}],"wp:featuredmedia":[{"embeddable":true,"href":"https:\/\/www.hoymercedes.com.ar\/principal\/wp-json\/wp\/v2\/media\/60951"}],"wp:attachment":[{"href":"https:\/\/www.hoymercedes.com.ar\/principal\/wp-json\/wp\/v2\/media?parent=60950"}],"wp:term":[{"taxonomy":"category","embeddable":true,"href":"https:\/\/www.hoymercedes.com.ar\/principal\/wp-json\/wp\/v2\/categories?post=60950"},{"taxonomy":"post_tag","embeddable":true,"href":"https:\/\/www.hoymercedes.com.ar\/principal\/wp-json\/wp\/v2\/tags?post=60950"}],"curies":[{"name":"wp","href":"https:\/\/api.w.org\/{rel}","templated":true}]}}