{"id":60964,"date":"2017-03-23T12:31:05","date_gmt":"2017-03-23T15:31:05","guid":{"rendered":"http:\/\/www.hoymercedes.com.ar\/principal\/?p=60964"},"modified":"2017-03-23T14:16:18","modified_gmt":"2017-03-23T17:16:18","slug":"marcelo-rementeria-creo-que-en-cinco-partidos-mas-vamos-a-tener-el-verdadero-equipo-que-tenemos","status":"publish","type":"post","link":"https:\/\/www.hoymercedes.com.ar\/principal\/2017\/03\/23\/marcelo-rementeria-creo-que-en-cinco-partidos-mas-vamos-a-tener-el-verdadero-equipo-que-tenemos\/","title":{"rendered":"Marcelo Rementer\u00eda: \u00abCreo que en cinco partidos m\u00e1s vamos a tener el verdadero equipo que tenemos\u00bb"},"content":{"rendered":"<p><strong><em>Marcelo Rementer\u00eda es uno de los ayudantes que tiene Jorge Camargo en AMEFIP &#8211; Barrio San Mart\u00edn, uno de los nuevos clubes que tiene la Primera Divisi\u00f3n de la Liga Mercedina y en di\u00e1logo con el programa El Pulso, que se emite de lunes a viernes de 10 a 12 por FM La Tribuna dijo que lleg\u00f3 \u00abpor una atenci\u00f3n de Jorge Camargo, que me llam\u00f3 para estar en el cuerpo t\u00e9cnico, me pareci\u00f3 una linda propuesta para estar en la Liga. Me llam\u00f3 a principio de a\u00f1o, me gust\u00f3 la idea y arrancamos\u00bb.<\/em><\/strong><\/p>\n<p><img loading=\"lazy\" decoding=\"async\" data-attachment-id=\"60965\" data-permalink=\"https:\/\/www.hoymercedes.com.ar\/principal\/2017\/03\/23\/marcelo-rementeria-creo-que-en-cinco-partidos-mas-vamos-a-tener-el-verdadero-equipo-que-tenemos\/marcelo-rementeria\/#main\" data-orig-file=\"https:\/\/www.hoymercedes.com.ar\/principal\/wp-content\/uploads\/2017\/03\/Marcelo-Rementer\u00eda.jpg\" data-orig-size=\"960,960\" data-comments-opened=\"0\" data-image-meta=\"{&quot;aperture&quot;:&quot;0&quot;,&quot;credit&quot;:&quot;&quot;,&quot;camera&quot;:&quot;&quot;,&quot;caption&quot;:&quot;&quot;,&quot;created_timestamp&quot;:&quot;0&quot;,&quot;copyright&quot;:&quot;&quot;,&quot;focal_length&quot;:&quot;0&quot;,&quot;iso&quot;:&quot;0&quot;,&quot;shutter_speed&quot;:&quot;0&quot;,&quot;title&quot;:&quot;&quot;,&quot;orientation&quot;:&quot;0&quot;}\" data-image-title=\"Marcelo Rementer\u00eda\" data-image-description=\"\" data-image-caption=\"\" data-large-file=\"https:\/\/www.hoymercedes.com.ar\/principal\/wp-content\/uploads\/2017\/03\/Marcelo-Rementer\u00eda.jpg\" class=\"aligncenter size-medium wp-image-60965\" src=\"https:\/\/www.hoymercedes.com.ar\/principal\/wp-content\/uploads\/2017\/03\/Marcelo-Rementer\u00eda-620x620.jpg\" alt=\"\" width=\"620\" height=\"620\" srcset=\"https:\/\/www.hoymercedes.com.ar\/principal\/wp-content\/uploads\/2017\/03\/Marcelo-Rementer\u00eda-620x620.jpg 620w, https:\/\/www.hoymercedes.com.ar\/principal\/wp-content\/uploads\/2017\/03\/Marcelo-Rementer\u00eda-150x150.jpg 150w, https:\/\/www.hoymercedes.com.ar\/principal\/wp-content\/uploads\/2017\/03\/Marcelo-Rementer\u00eda.jpg 960w\" sizes=\"auto, (max-width: 620px) 100vw, 620px\" \/><\/p>\n<p>En cuanto a la conformaci\u00f3n del plantel, se\u00f1al\u00f3 que \u00abse vinieron unos cuantos chicos de Comunicaciones y desde que empezamos a entrenar el 15 de enero, vinieron chicos de otros clubes, como de Estudiantes y Trocha\u00bb y adem\u00e1s, habl\u00f3 sobre la llegada de Marcos Camargo: \u00abest\u00e1 muy complicado con el trabajo, porque ellos entrenan de ma\u00f1ana. Nosotros los queremos ya, pero si tiene que finalizar con Trocha, lo esperaremos y se sumar\u00e1 despu\u00e9s\u00bb.<\/p>\n<p>Tambi\u00e9n dijo que \u00abcon M\u00e1ximo Cazenave jugamos juntos en los torneos libres y le gust\u00f3 la idea de entrenar tres o cuatro veces por semana y est\u00e1 muy entusiasmado, incluso cuando no puede entrenar con nosotros porque sale tarde del trabajo, lo hace solo. A Jorge Bartolomeo tambi\u00e9n lo llam\u00e9 yo, es muy responsable y nos viene muy bien. El campeonato es largo, tenemos dos jugadores por puesto. Creo que estamos muy bien, y sumado a los cuatro refuerzos que vinieron de Trocha, que encima son menores de 23, estamos muy contentos\u00bb.<\/p>\n<p>Adem\u00e1s, agradeci\u00f3 a \u00abJuan Mart\u00edn Andr\u00e9s pudimos entrar, porque tuvimos problemas con otras entidades que nos hab\u00edan dado el nombre, y por distintos motivos se bajaron y Jorge Camargo habl\u00f3 con el \u00abVasco\u00bb y enseguida le dijo que si. La gente que est\u00e1 a la cabeza de esto, con Tito Santana, consigui\u00f3 el sponsor de la camiseta y los fondos para entrenar. Con Trocha vamos a estrenarla en Reserva este fin de semana y en Primera con El Tim\u00f3n\u00bb.<\/p>\n<p>En cuanto al debut sin victorias, destac\u00f3 que \u00abesto reci\u00e9n empieza, hay muchas fechas por delante, no pasa nada con la derrota contra Marcos Paz. Creo que en cinco partidos m\u00e1s vamos a tener el verdadero equipo que tenemos. Hacemos dos veces por semana f\u00fatbol, m\u00e1s lo que hacemos con el profe y cuando no nos toca jugar, los s\u00e1bados nos juntamos a entrenar en la UOM\u00bb.<\/p>\n<p>Por \u00faltimo, detall\u00f3 que \u00abestamos contentos porque la municipalidad nos va a dar la posibilidad de iluminar la cancha de la UOM para que podamos entrenar bien y ojal\u00e1 consigamos un predio que est\u00e1 en nuestro barrio para poder armar todo ah\u00ed. Esto est\u00e1 bien encaminado, se est\u00e1n haciendo las cosas muy bien, estamos muy contentos\u00bb.<\/p>\n<p>&nbsp;<\/p>\n","protected":false},"excerpt":{"rendered":"<p>Marcelo Rementer\u00eda es uno de los ayudantes que tiene Jorge Camargo en AMEFIP &#8211; Barrio San Mart\u00edn, uno de los &#8230; <a title=\"Marcelo Rementer\u00eda: \u00abCreo que en cinco partidos m\u00e1s vamos a tener el verdadero equipo que tenemos\u00bb\" class=\"read-more\" href=\"https:\/\/www.hoymercedes.com.ar\/principal\/2017\/03\/23\/marcelo-rementeria-creo-que-en-cinco-partidos-mas-vamos-a-tener-el-verdadero-equipo-que-tenemos\/\" aria-label=\"Leer m\u00e1s sobre Marcelo Rementer\u00eda: \u00abCreo que en cinco partidos m\u00e1s vamos a tener el verdadero equipo que tenemos\u00bb\">Leer m\u00e1s<\/a><\/p>\n","protected":false},"author":1,"featured_media":60965,"comment_status":"closed","ping_status":"open","sticky":false,"template":"","format":"standard","meta":{"_monsterinsights_skip_tracking":false,"_monsterinsights_sitenote_active":false,"_monsterinsights_sitenote_note":"","_monsterinsights_sitenote_category":0,"jetpack_post_was_ever_published":false,"_jetpack_newsletter_access":"","_jetpack_dont_email_post_to_subs":true,"_jetpack_newsletter_tier_id":0,"_jetpack_memberships_contains_paywalled_content":false,"_jetpack_memberships_contains_paid_content":false,"footnotes":"","jetpack_publicize_message":"","jetpack_publicize_feature_enabled":true,"jetpack_social_post_already_shared":true,"jetpack_social_options":{"image_generator_settings":{"template":"highway","default_image_id":0,"font":"","enabled":false},"version":2},"_wpas_customize_per_network":false},"categories":[21],"tags":[204,1003,10784,10785],"class_list":["post-60964","post","type-post","status-publish","format-standard","has-post-thumbnail","hentry","category-deportes","tag-deportes-2","tag-futbol","tag-liga-mercedinas","tag-marcelo-rementeria","generate-columns","tablet-grid-50","mobile-grid-100","grid-parent","grid-50"],"jetpack_publicize_connections":[],"jetpack_featured_media_url":"https:\/\/www.hoymercedes.com.ar\/principal\/wp-content\/uploads\/2017\/03\/Marcelo-Rementer\u00eda.jpg","wps_subtitle":"Liga Mercedina","jetpack_sharing_enabled":true,"_links":{"self":[{"href":"https:\/\/www.hoymercedes.com.ar\/principal\/wp-json\/wp\/v2\/posts\/60964","targetHints":{"allow":["GET"]}}],"collection":[{"href":"https:\/\/www.hoymercedes.com.ar\/principal\/wp-json\/wp\/v2\/posts"}],"about":[{"href":"https:\/\/www.hoymercedes.com.ar\/principal\/wp-json\/wp\/v2\/types\/post"}],"author":[{"embeddable":true,"href":"https:\/\/www.hoymercedes.com.ar\/principal\/wp-json\/wp\/v2\/users\/1"}],"replies":[{"embeddable":true,"href":"https:\/\/www.hoymercedes.com.ar\/principal\/wp-json\/wp\/v2\/comments?post=60964"}],"version-history":[{"count":0,"href":"https:\/\/www.hoymercedes.com.ar\/principal\/wp-json\/wp\/v2\/posts\/60964\/revisions"}],"wp:featuredmedia":[{"embeddable":true,"href":"https:\/\/www.hoymercedes.com.ar\/principal\/wp-json\/wp\/v2\/media\/60965"}],"wp:attachment":[{"href":"https:\/\/www.hoymercedes.com.ar\/principal\/wp-json\/wp\/v2\/media?parent=60964"}],"wp:term":[{"taxonomy":"category","embeddable":true,"href":"https:\/\/www.hoymercedes.com.ar\/principal\/wp-json\/wp\/v2\/categories?post=60964"},{"taxonomy":"post_tag","embeddable":true,"href":"https:\/\/www.hoymercedes.com.ar\/principal\/wp-json\/wp\/v2\/tags?post=60964"}],"curies":[{"name":"wp","href":"https:\/\/api.w.org\/{rel}","templated":true}]}}