{"id":60999,"date":"2017-03-24T01:34:03","date_gmt":"2017-03-24T04:34:03","guid":{"rendered":"http:\/\/www.hoymercedes.com.ar\/principal\/?p=60999"},"modified":"2017-03-25T10:10:47","modified_gmt":"2017-03-25T13:10:47","slug":"asistida-vigilia-del-24-de-marzo-en-plaza-san-martin","status":"publish","type":"post","link":"https:\/\/www.hoymercedes.com.ar\/principal\/2017\/03\/24\/asistida-vigilia-del-24-de-marzo-en-plaza-san-martin\/","title":{"rendered":"Asistida vigilia del 24 de marzo en Plaza San Mart\u00edn"},"content":{"rendered":"<p><img loading=\"lazy\" decoding=\"async\" data-attachment-id=\"61001\" data-permalink=\"https:\/\/www.hoymercedes.com.ar\/principal\/2017\/03\/24\/asistida-vigilia-del-24-de-marzo-en-plaza-san-martin\/vigilia-1\/#main\" data-orig-file=\"https:\/\/www.hoymercedes.com.ar\/principal\/wp-content\/uploads\/2017\/03\/vigilia-1.jpg\" data-orig-size=\"630,473\" data-comments-opened=\"0\" data-image-meta=\"{&quot;aperture&quot;:&quot;0&quot;,&quot;credit&quot;:&quot;&quot;,&quot;camera&quot;:&quot;&quot;,&quot;caption&quot;:&quot;&quot;,&quot;created_timestamp&quot;:&quot;0&quot;,&quot;copyright&quot;:&quot;&quot;,&quot;focal_length&quot;:&quot;0&quot;,&quot;iso&quot;:&quot;0&quot;,&quot;shutter_speed&quot;:&quot;0&quot;,&quot;title&quot;:&quot;&quot;,&quot;orientation&quot;:&quot;0&quot;}\" data-image-title=\"vigilia-1\" data-image-description=\"\" data-image-caption=\"\" data-large-file=\"https:\/\/www.hoymercedes.com.ar\/principal\/wp-content\/uploads\/2017\/03\/vigilia-1.jpg\" class=\"aligncenter size-medium wp-image-61001\" src=\"https:\/\/www.hoymercedes.com.ar\/principal\/wp-content\/uploads\/2017\/03\/vigilia-1-630x473.jpg\" alt=\"\" width=\"630\" height=\"473\" srcset=\"https:\/\/www.hoymercedes.com.ar\/principal\/wp-content\/uploads\/2017\/03\/vigilia-1.jpg 630w, https:\/\/www.hoymercedes.com.ar\/principal\/wp-content\/uploads\/2017\/03\/vigilia-1-150x113.jpg 150w\" sizes=\"auto, (max-width: 630px) 100vw, 630px\" \/><\/p>\n<p>Durante la noche de este jueves se vivi\u00f3 en Mercedes una nueva \u00abvigilia\u00bb del 24 de marzo, fecha clave en la historia del pa\u00eds. En esta ocasi\u00f3n con m\u00e1s de 200 vecinos que se hicieron presentes para o\u00edr los relatos y canciones que integraron la propuesta de la Direcci\u00f3n de Cultura, junto a Derechos Humanos y artistas que desinteresadamente fueron parte de la velada.<\/p>\n<p>En plaza San Mart\u00edn la noche encontr\u00f3 a un importante n\u00famero de vecinos bajo la consigna de Memoria, Verdad y Justicia.<\/p>\n<div id=\"yui_3_16_0_ym19_1_1490447264853_7665\">\n<p id=\"yui_3_16_0_ym19_1_1490447264853_7749\" class=\"yiv7389179574MsoNormal\">La propuesta tuvo un nutrido cronograma para todos los gustos con Juan Habermann, Chori Perruolo, Virginia Altube, ADN Mar\u00eda Elena, Lucas Maidana, \u00a0L\u00f3pez Heredia, Nico Laurino y Cia, Oscar Rosello, Santiago Hern\u00e1ndez &#8211; Libertad Villalba, \u00a0Santiago Respuela, Gustavo Florella y el Coro Municipal contando con la coordinaci\u00f3n de Patricia Boffi y con la lectura de cuentos de Luc\u00eda Lascano y pintura y dibujos de Ver\u00f3nica Durand.<\/p>\n<\/div>\n<div id=\"yui_3_16_0_ym19_1_1490447264853_9075\">La noche finaliz\u00f3 con\u00a0con la interpretaci\u00f3n de \u00abTe recuerdo Amanda\u00bb de Victor Jara y el Himno Nacional Argentino a instancias del Coro Municipal.<\/div>\n<p>&nbsp;<\/p>\n<p><img loading=\"lazy\" decoding=\"async\" data-attachment-id=\"61000\" data-permalink=\"https:\/\/www.hoymercedes.com.ar\/principal\/2017\/03\/24\/asistida-vigilia-del-24-de-marzo-en-plaza-san-martin\/vigilia-2\/#main\" data-orig-file=\"https:\/\/www.hoymercedes.com.ar\/principal\/wp-content\/uploads\/2017\/03\/vigilia-2.jpg\" data-orig-size=\"630,473\" data-comments-opened=\"0\" data-image-meta=\"{&quot;aperture&quot;:&quot;0&quot;,&quot;credit&quot;:&quot;&quot;,&quot;camera&quot;:&quot;&quot;,&quot;caption&quot;:&quot;&quot;,&quot;created_timestamp&quot;:&quot;0&quot;,&quot;copyright&quot;:&quot;&quot;,&quot;focal_length&quot;:&quot;0&quot;,&quot;iso&quot;:&quot;0&quot;,&quot;shutter_speed&quot;:&quot;0&quot;,&quot;title&quot;:&quot;&quot;,&quot;orientation&quot;:&quot;0&quot;}\" data-image-title=\"vigilia-2\" data-image-description=\"\" data-image-caption=\"\" data-large-file=\"https:\/\/www.hoymercedes.com.ar\/principal\/wp-content\/uploads\/2017\/03\/vigilia-2.jpg\" class=\"aligncenter size-medium wp-image-61000\" src=\"https:\/\/www.hoymercedes.com.ar\/principal\/wp-content\/uploads\/2017\/03\/vigilia-2-630x473.jpg\" alt=\"\" width=\"630\" height=\"473\" srcset=\"https:\/\/www.hoymercedes.com.ar\/principal\/wp-content\/uploads\/2017\/03\/vigilia-2.jpg 630w, https:\/\/www.hoymercedes.com.ar\/principal\/wp-content\/uploads\/2017\/03\/vigilia-2-150x113.jpg 150w\" sizes=\"auto, (max-width: 630px) 100vw, 630px\" \/><\/p>\n<p>&nbsp;<\/p>\n<p><img loading=\"lazy\" decoding=\"async\" data-attachment-id=\"61003\" data-permalink=\"https:\/\/www.hoymercedes.com.ar\/principal\/2017\/03\/24\/asistida-vigilia-del-24-de-marzo-en-plaza-san-martin\/vigilia-3\/#main\" data-orig-file=\"https:\/\/www.hoymercedes.com.ar\/principal\/wp-content\/uploads\/2017\/03\/vigilia-3.jpg\" data-orig-size=\"630,354\" data-comments-opened=\"0\" data-image-meta=\"{&quot;aperture&quot;:&quot;0&quot;,&quot;credit&quot;:&quot;&quot;,&quot;camera&quot;:&quot;&quot;,&quot;caption&quot;:&quot;&quot;,&quot;created_timestamp&quot;:&quot;0&quot;,&quot;copyright&quot;:&quot;&quot;,&quot;focal_length&quot;:&quot;0&quot;,&quot;iso&quot;:&quot;0&quot;,&quot;shutter_speed&quot;:&quot;0&quot;,&quot;title&quot;:&quot;&quot;,&quot;orientation&quot;:&quot;0&quot;}\" data-image-title=\"vigilia-3\" data-image-description=\"\" data-image-caption=\"\" data-large-file=\"https:\/\/www.hoymercedes.com.ar\/principal\/wp-content\/uploads\/2017\/03\/vigilia-3.jpg\" class=\"aligncenter size-medium wp-image-61003\" src=\"https:\/\/www.hoymercedes.com.ar\/principal\/wp-content\/uploads\/2017\/03\/vigilia-3-630x354.jpg\" alt=\"\" width=\"630\" height=\"354\" srcset=\"https:\/\/www.hoymercedes.com.ar\/principal\/wp-content\/uploads\/2017\/03\/vigilia-3.jpg 630w, https:\/\/www.hoymercedes.com.ar\/principal\/wp-content\/uploads\/2017\/03\/vigilia-3-150x84.jpg 150w\" sizes=\"auto, (max-width: 630px) 100vw, 630px\" \/><\/p>\n","protected":false},"excerpt":{"rendered":"<p>Durante la noche de este jueves se vivi\u00f3 en Mercedes una nueva \u00abvigilia\u00bb del 24 de marzo, fecha clave en &#8230; <a title=\"Asistida vigilia del 24 de marzo en Plaza San Mart\u00edn\" class=\"read-more\" href=\"https:\/\/www.hoymercedes.com.ar\/principal\/2017\/03\/24\/asistida-vigilia-del-24-de-marzo-en-plaza-san-martin\/\" aria-label=\"Leer m\u00e1s sobre Asistida vigilia del 24 de marzo en Plaza San Mart\u00edn\">Leer m\u00e1s<\/a><\/p>\n","protected":false},"author":1,"featured_media":61000,"comment_status":"closed","ping_status":"open","sticky":false,"template":"","format":"standard","meta":{"_monsterinsights_skip_tracking":false,"_monsterinsights_sitenote_active":false,"_monsterinsights_sitenote_note":"","_monsterinsights_sitenote_category":0,"jetpack_post_was_ever_published":false,"_jetpack_newsletter_access":"","_jetpack_dont_email_post_to_subs":true,"_jetpack_newsletter_tier_id":0,"_jetpack_memberships_contains_paywalled_content":false,"_jetpack_memberships_contains_paid_content":false,"footnotes":"","jetpack_publicize_message":"","jetpack_publicize_feature_enabled":true,"jetpack_social_post_already_shared":true,"jetpack_social_options":{"image_generator_settings":{"template":"highway","default_image_id":0,"font":"","enabled":false},"version":2},"_wpas_customize_per_network":false},"categories":[8],"tags":[4935,615,739,8256,10791],"class_list":["post-60999","post","type-post","status-publish","format-standard","has-post-thumbnail","hentry","category-sociedad","tag-memoria","tag-derechos-humanos","tag-direccion-de-cultura","tag-verdad-y-justicia","tag-vigilia-24-de-marzo","generate-columns","tablet-grid-50","mobile-grid-100","grid-parent","grid-50"],"jetpack_publicize_connections":[],"jetpack_featured_media_url":"https:\/\/www.hoymercedes.com.ar\/principal\/wp-content\/uploads\/2017\/03\/vigilia-2.jpg","wps_subtitle":"Memoria, verdad y justicia","jetpack_sharing_enabled":true,"_links":{"self":[{"href":"https:\/\/www.hoymercedes.com.ar\/principal\/wp-json\/wp\/v2\/posts\/60999","targetHints":{"allow":["GET"]}}],"collection":[{"href":"https:\/\/www.hoymercedes.com.ar\/principal\/wp-json\/wp\/v2\/posts"}],"about":[{"href":"https:\/\/www.hoymercedes.com.ar\/principal\/wp-json\/wp\/v2\/types\/post"}],"author":[{"embeddable":true,"href":"https:\/\/www.hoymercedes.com.ar\/principal\/wp-json\/wp\/v2\/users\/1"}],"replies":[{"embeddable":true,"href":"https:\/\/www.hoymercedes.com.ar\/principal\/wp-json\/wp\/v2\/comments?post=60999"}],"version-history":[{"count":0,"href":"https:\/\/www.hoymercedes.com.ar\/principal\/wp-json\/wp\/v2\/posts\/60999\/revisions"}],"wp:featuredmedia":[{"embeddable":true,"href":"https:\/\/www.hoymercedes.com.ar\/principal\/wp-json\/wp\/v2\/media\/61000"}],"wp:attachment":[{"href":"https:\/\/www.hoymercedes.com.ar\/principal\/wp-json\/wp\/v2\/media?parent=60999"}],"wp:term":[{"taxonomy":"category","embeddable":true,"href":"https:\/\/www.hoymercedes.com.ar\/principal\/wp-json\/wp\/v2\/categories?post=60999"},{"taxonomy":"post_tag","embeddable":true,"href":"https:\/\/www.hoymercedes.com.ar\/principal\/wp-json\/wp\/v2\/tags?post=60999"}],"curies":[{"name":"wp","href":"https:\/\/api.w.org\/{rel}","templated":true}]}}