{"id":6105,"date":"2011-08-06T15:32:12","date_gmt":"2011-08-06T15:32:12","guid":{"rendered":"http:\/\/www.hoymercedes.com.ar\/principal\/?p=6105"},"modified":"2011-08-06T15:32:12","modified_gmt":"2011-08-06T15:32:12","slug":"pablo-vera-%e2%80%9cde-pedro-solo-sabe-amenazar-a-la-gente%e2%80%9d","status":"publish","type":"post","link":"https:\/\/www.hoymercedes.com.ar\/principal\/2011\/08\/06\/pablo-vera-%e2%80%9cde-pedro-solo-sabe-amenazar-a-la-gente%e2%80%9d\/","title":{"rendered":"Pablo Vera: \u201cDe Pedro solo sabe amenazar a la gente\u201d"},"content":{"rendered":"<figure id=\"attachment_6107\" aria-describedby=\"caption-attachment-6107\" style=\"width: 159px\" class=\"wp-caption alignleft\"><a href=\"https:\/\/www.hoymercedes.com.ar\/principal\/wp-content\/uploads\/2011\/08\/pabloveradebonis.jpg\"><img loading=\"lazy\" decoding=\"async\" data-attachment-id=\"6107\" data-permalink=\"https:\/\/www.hoymercedes.com.ar\/principal\/2011\/08\/06\/pablo-vera-%e2%80%9cde-pedro-solo-sabe-amenazar-a-la-gente%e2%80%9d\/pabloveradebonis\/#main\" data-orig-file=\"https:\/\/www.hoymercedes.com.ar\/principal\/wp-content\/uploads\/2011\/08\/pabloveradebonis.jpg\" data-orig-size=\"169,231\" data-comments-opened=\"1\" data-image-meta=\"{&quot;aperture&quot;:&quot;0&quot;,&quot;credit&quot;:&quot;&quot;,&quot;camera&quot;:&quot;&quot;,&quot;caption&quot;:&quot;&quot;,&quot;created_timestamp&quot;:&quot;0&quot;,&quot;copyright&quot;:&quot;&quot;,&quot;focal_length&quot;:&quot;0&quot;,&quot;iso&quot;:&quot;0&quot;,&quot;shutter_speed&quot;:&quot;0&quot;,&quot;title&quot;:&quot;&quot;}\" data-image-title=\"pabloveradebonis\" data-image-description=\"&lt;p&gt;Pablo Vera, vicepresidente Partido de la Victoria Mercedes&lt;\/p&gt;\n\" data-image-caption=\"\" data-large-file=\"https:\/\/www.hoymercedes.com.ar\/principal\/wp-content\/uploads\/2011\/08\/pabloveradebonis.jpg\" class=\"size-full wp-image-6107\" title=\"pabloveradebonis\" src=\"https:\/\/www.hoymercedes.com.ar\/principal\/wp-content\/uploads\/2011\/08\/pabloveradebonis.jpg\" alt=\"\" width=\"169\" height=\"231\" \/><\/a><figcaption id=\"caption-attachment-6107\" class=\"wp-caption-text\">Pablo Vera, vicepresidente del Partido de la Victoria Mercedes<\/figcaption><\/figure>\n<p>Lo dijo el vicepresidente del Partido de la Victoria, Pablo Vera en referencia a varios hechos vividos con \u201cWado\u201d. \u201cRepresentamos a la misma fuerza pol\u00edtica, deber\u00eda tener m\u00e1s respeto\u201d. \u201cUstarroz le mienten al pueblo cuando dice que es peronista\u201d sostuvo.<\/p>\n<p>Cuando faltan pocos d\u00edas para los comicios, algunos candidatos \u201cpierden el horizonte, porque representamos la misma fuerza pol\u00edtica y deber\u00eda tener m\u00e1s respeto\u201d dijo el vicepresidente del Partido de la Victoria de Mercedes, Pablo Vera De Bonis.<\/p>\n<p>En este sentido el joven militante que forma parte de una fuerza pol\u00edtica que integra el Partido Justicialista de Mercedes denunci\u00f3 que \u201cDe Pedro solo sabe amenazar a la gente\u201d en referencia a \u201cvarios hechos sufridos con el candidato a Diputado Nacional y otros de sus colaboradores, los cuales no fueron gratos, sobre todo porque fueron en p\u00fablico y no estamos acostumbrados a manejarnos de esa manera; igualmente intente que se disculpar\u00e1n y fue imposible. Con todos los referentes de la oposici\u00f3n, Ben\u00edtez, Colao, Cesteri, Retegui, Torres y otros tenemos dialogo, trabajamos juntos por el bien de la ciudad, no entiendo porque Ustarroz y De Pedro tienen una forma de ser tan autoritaria ante la gente\u201d.<\/p>\n<p>Adem\u00e1s sostuvo que \u201cUstarroz le miente al pueblo cuando dice que es peronista\u201d y remarc\u00f3 que \u201cdesde hace varios a\u00f1os el PJ local est\u00e1 unido bajo la conducci\u00f3n de Carlos Selva y Mart\u00edn Zubeldia, dejando de lado las diferencias personales y sobre todo trabajando por el Partido con las agrupaciones m\u00e1s importantes de la ciudad y contando con el apoyo del movimiento obrero\u201d.<\/p>\n<p>Entrando en el an\u00e1lisis de las venideras elecciones, el joven dirigente pol\u00edtico se\u00f1alo que \u201chay que tener m\u00e1s respeto por el electorado, hacen promesas que son imposibles y otras que ya son realidades en la ciudad\u201d. \u201cEn un nuevo mandato convocaremos a quienes ocupan los cargos a Diputado Nacional y al Provincial por la secci\u00f3n elecotral de nuestra lista para trabajar por los mercedinos limando las asperezas\u201d coment\u00f3.<\/p>\n<p>\u201cDesde el Partido de la Victoria estamos haciendo un gran trabajo junto a una cantidad de j\u00f3venes que participan de las actividades, arrancando por el Presidente (Marcelo Melo) hasta el \u00faltimo de los integrantes de la Comisi\u00f3n y colaboradores tienen opini\u00f3n en los proyectos, somos muy abiertos e invitamos a sumarse\u201d manifest\u00f3 el Vice.<\/p>\n","protected":false},"excerpt":{"rendered":"<p>Lo dijo el vicepresidente del Partido de la Victoria, Pablo Vera en referencia a varios hechos vividos con \u201cWado\u201d. \u201cRepresentamos &#8230; <a title=\"Pablo Vera: \u201cDe Pedro solo sabe amenazar a la gente\u201d\" class=\"read-more\" href=\"https:\/\/www.hoymercedes.com.ar\/principal\/2011\/08\/06\/pablo-vera-%e2%80%9cde-pedro-solo-sabe-amenazar-a-la-gente%e2%80%9d\/\" aria-label=\"Leer m\u00e1s sobre Pablo Vera: \u201cDe Pedro solo sabe amenazar a la gente\u201d\">Leer m\u00e1s<\/a><\/p>\n","protected":false},"author":1,"featured_media":0,"comment_status":"open","ping_status":"open","sticky":false,"template":"","format":"standard","meta":{"_monsterinsights_skip_tracking":false,"_monsterinsights_sitenote_active":false,"_monsterinsights_sitenote_note":"","_monsterinsights_sitenote_category":0,"jetpack_post_was_ever_published":false,"_jetpack_newsletter_access":"","_jetpack_dont_email_post_to_subs":false,"_jetpack_newsletter_tier_id":0,"_jetpack_memberships_contains_paywalled_content":false,"_jetpack_memberships_contains_paid_content":false,"footnotes":"","jetpack_publicize_message":"","jetpack_publicize_feature_enabled":true,"jetpack_social_post_already_shared":false,"jetpack_social_options":{"image_generator_settings":{"template":"highway","default_image_id":0,"font":"","enabled":false},"version":2},"_wpas_customize_per_network":false},"categories":[5],"tags":[1113,1112,281],"class_list":["post-6105","post","type-post","status-publish","format-standard","hentry","category-politica","tag-pablo-vera","tag-partido-de-la-victoria-mercedes","tag-wado-de-pedro","generate-columns","tablet-grid-50","mobile-grid-100","grid-parent","grid-50"],"jetpack_publicize_connections":[],"jetpack_featured_media_url":"","wps_subtitle":"","jetpack_sharing_enabled":true,"_links":{"self":[{"href":"https:\/\/www.hoymercedes.com.ar\/principal\/wp-json\/wp\/v2\/posts\/6105","targetHints":{"allow":["GET"]}}],"collection":[{"href":"https:\/\/www.hoymercedes.com.ar\/principal\/wp-json\/wp\/v2\/posts"}],"about":[{"href":"https:\/\/www.hoymercedes.com.ar\/principal\/wp-json\/wp\/v2\/types\/post"}],"author":[{"embeddable":true,"href":"https:\/\/www.hoymercedes.com.ar\/principal\/wp-json\/wp\/v2\/users\/1"}],"replies":[{"embeddable":true,"href":"https:\/\/www.hoymercedes.com.ar\/principal\/wp-json\/wp\/v2\/comments?post=6105"}],"version-history":[{"count":0,"href":"https:\/\/www.hoymercedes.com.ar\/principal\/wp-json\/wp\/v2\/posts\/6105\/revisions"}],"wp:attachment":[{"href":"https:\/\/www.hoymercedes.com.ar\/principal\/wp-json\/wp\/v2\/media?parent=6105"}],"wp:term":[{"taxonomy":"category","embeddable":true,"href":"https:\/\/www.hoymercedes.com.ar\/principal\/wp-json\/wp\/v2\/categories?post=6105"},{"taxonomy":"post_tag","embeddable":true,"href":"https:\/\/www.hoymercedes.com.ar\/principal\/wp-json\/wp\/v2\/tags?post=6105"}],"curies":[{"name":"wp","href":"https:\/\/api.w.org\/{rel}","templated":true}]}}