{"id":61055,"date":"2017-03-25T15:06:31","date_gmt":"2017-03-25T18:06:31","guid":{"rendered":"http:\/\/www.hoymercedes.com.ar\/principal\/?p=61055"},"modified":"2017-03-25T15:07:09","modified_gmt":"2017-03-25T18:07:09","slug":"juana-solo-quiere-jugar-con-los-varones-o-con-las-nenas","status":"publish","type":"post","link":"https:\/\/www.hoymercedes.com.ar\/principal\/2017\/03\/25\/juana-solo-quiere-jugar-con-los-varones-o-con-las-nenas\/","title":{"rendered":"\u201cJuana s\u00f3lo quiere jugar, con los varones o con las nenas\u201d"},"content":{"rendered":"<p>En los \u00faltimos d\u00edas, en las redes sociales se inici\u00f3 una campa\u00f1a para que la Liga Mercedina de F\u00fatbol, organizadora de las competencias del f\u00fatbol infantil, le permitan jugar a una nena de 11 a\u00f1os, Juana, que integra el equipo del Club Mercedes. El debate est\u00e1 latente y es as\u00ed que en la tarde de este s\u00e1bado 25 de marzo, vecinos se congregar\u00e1n en el Mart\u00edn Rodr\u00edguez a juntar firmas para pedirle al Consejo Federal de la AFA para que le permita competir a Juana con su equipo y no s\u00f3lo lo haga en los partidos amistosos.<\/p>\n<p><img loading=\"lazy\" decoding=\"async\" data-attachment-id=\"61056\" data-permalink=\"https:\/\/www.hoymercedes.com.ar\/principal\/2017\/03\/25\/juana-solo-quiere-jugar-con-los-varones-o-con-las-nenas\/25-juana-futbol\/#main\" data-orig-file=\"https:\/\/www.hoymercedes.com.ar\/principal\/wp-content\/uploads\/2017\/03\/25-juana-futbol.jpg\" data-orig-size=\"630,420\" data-comments-opened=\"0\" data-image-meta=\"{&quot;aperture&quot;:&quot;0&quot;,&quot;credit&quot;:&quot;&quot;,&quot;camera&quot;:&quot;&quot;,&quot;caption&quot;:&quot;&quot;,&quot;created_timestamp&quot;:&quot;0&quot;,&quot;copyright&quot;:&quot;&quot;,&quot;focal_length&quot;:&quot;0&quot;,&quot;iso&quot;:&quot;0&quot;,&quot;shutter_speed&quot;:&quot;0&quot;,&quot;title&quot;:&quot;&quot;,&quot;orientation&quot;:&quot;0&quot;}\" data-image-title=\"25 juana futbol\" data-image-description=\"\" data-image-caption=\"\" data-large-file=\"https:\/\/www.hoymercedes.com.ar\/principal\/wp-content\/uploads\/2017\/03\/25-juana-futbol.jpg\" class=\"aligncenter size-medium wp-image-61056\" src=\"https:\/\/www.hoymercedes.com.ar\/principal\/wp-content\/uploads\/2017\/03\/25-juana-futbol-630x420.jpg\" alt=\"\" width=\"630\" height=\"420\" srcset=\"https:\/\/www.hoymercedes.com.ar\/principal\/wp-content\/uploads\/2017\/03\/25-juana-futbol.jpg 630w, https:\/\/www.hoymercedes.com.ar\/principal\/wp-content\/uploads\/2017\/03\/25-juana-futbol-150x100.jpg 150w, https:\/\/www.hoymercedes.com.ar\/principal\/wp-content\/uploads\/2017\/03\/25-juana-futbol-300x200.jpg 300w\" sizes=\"auto, (max-width: 630px) 100vw, 630px\" \/><\/p>\n<p>La madre de Juana, Mercedes, explic\u00f3 la situaci\u00f3n de su hija en distintos medios radiales. Ella ante distintos micr\u00f3fonos explic\u00f3 que la ni\u00f1a juega desde los 6 a\u00f1os y que el a\u00f1o pasado jug\u00f3 en Estudiantes para luego pasar al Club Mercedes. En uno de los \u00faltimos partidos, ella jug\u00f3 con sus compa\u00f1eros de equipo, pero hubo\u00a0\u201cquejas\u201d y \u201cconsultas\u201d de parte de otros clubes para conocer si podr\u00eda suceder que la competencia sea mixta.<\/p>\n<p>Este a\u00f1o, el Club Mercedes intent\u00f3 fichar a Juana para la competencia de f\u00fatbol infantil. Sin embargo, desde la Liga Mercedina de F\u00fatbol les comunicaron que no podr\u00edan aceptarla puesto que el Consejo Federal de la AFA les dijo que el reglamento no lo permite.<\/p>\n<p>Mercedes destac\u00f3 que \u201cJuana s\u00f3lo quiere jugar, con los varones o con las nenas\u201d, pero que en la ciudad no hay una liga femenina de f\u00fatbol infantil y por lo tanto, quer\u00eda participar con su equipo en la ya existente, puesto que se recomienda que lo hagan antes de los 12 a\u00f1os. Precedentes en el pa\u00eds hay, aunque algunos de ellos fueron tras el pedido de amparo de las familias.<\/p>\n<p>\u201cEl s\u00e1bado pasado Juana jug\u00f3 un amistoso. El coordinador de f\u00fatbol del Club Mercedes nos informa que en la reuni\u00f3n del martes 14 hab\u00edan hablado de tema de Juana puntualmente y que hab\u00edan decidido que no pod\u00eda jugar. S\u00ed pod\u00eda jugar amistosos, pero no pod\u00eda jugar por la Liga. Motivos. Supuestamente no la cubre el seguro. Nosotros en todo momento dijimos que nos hac\u00edamos cargo y que lo firm\u00e1bamos ante Escribano P\u00fablico si ellos quer\u00edan para estar tranquilos\u201d, agreg\u00f3 Mercedes en una entrevista radial.<\/p>\n<p>\u201cCuando surge todo esto empiezo a investigar casos de nenas que hayan jugado o est\u00e9n jugando en ligas. Hablo con una mam\u00e1 de mellizas que jugaban en GEBA durante varios a\u00f1os, pero de un a\u00f1o para el otro le dijeron que no pod\u00edan jugar m\u00e1s. La mam\u00e1 interpuso un recurso de amparo y logr\u00f3 que las nenas jugaran. As\u00ed otros casos que recurrieron al recurso de amparo y lo lograron. No queremos llegar a eso. Queremos hacerlo por las v\u00edas normales y sin que se arme tanto l\u00edo\u201d, agreg\u00f3.<\/p>\n<p>\u201cSi en su momento me hubiesen dicho \u2018ac\u00e1 est\u00e1 el estatuto y lo proh\u00edbe\u2019 yo no hubiese hecho nada porque hay algo que lo proh\u00edbe. Pero no hay ning\u00fan estatuto que lo diga. El estatuto habla de f\u00fatbol infantil, no de femenino o masculino. Y si no es as\u00ed que me muestren d\u00f3nde est\u00e1 esa reglamentaci\u00f3n\u2026. No quiero estar en contra de la Liga. Si no se puede, no se puede, pero que me den los fundamentos escritos de por qu\u00e9 no se puede. No de palabra y, peor, sabiendo que votaron a mano alzada los delegados de los clubes\u201d, concluy\u00f3 Mercedes la madre de Juana.<\/p>\n","protected":false},"excerpt":{"rendered":"<p>En los \u00faltimos d\u00edas, en las redes sociales se inici\u00f3 una campa\u00f1a para que la Liga Mercedina de F\u00fatbol, organizadora &#8230; <a title=\"\u201cJuana s\u00f3lo quiere jugar, con los varones o con las nenas\u201d\" class=\"read-more\" href=\"https:\/\/www.hoymercedes.com.ar\/principal\/2017\/03\/25\/juana-solo-quiere-jugar-con-los-varones-o-con-las-nenas\/\" aria-label=\"Leer m\u00e1s sobre \u201cJuana s\u00f3lo quiere jugar, con los varones o con las nenas\u201d\">Leer m\u00e1s<\/a><\/p>\n","protected":false},"author":1,"featured_media":61056,"comment_status":"closed","ping_status":"open","sticky":false,"template":"","format":"standard","meta":{"_monsterinsights_skip_tracking":false,"_monsterinsights_sitenote_active":false,"_monsterinsights_sitenote_note":"","_monsterinsights_sitenote_category":0,"jetpack_post_was_ever_published":false,"_jetpack_newsletter_access":"","_jetpack_dont_email_post_to_subs":true,"_jetpack_newsletter_tier_id":0,"_jetpack_memberships_contains_paywalled_content":false,"_jetpack_memberships_contains_paid_content":false,"footnotes":"","jetpack_publicize_message":"","jetpack_publicize_feature_enabled":true,"jetpack_social_post_already_shared":true,"jetpack_social_options":{"image_generator_settings":{"template":"highway","default_image_id":0,"font":"","enabled":false},"version":2},"_wpas_customize_per_network":false},"categories":[21],"tags":[10799,204,717,10798],"class_list":["post-61055","post","type-post","status-publish","format-standard","has-post-thumbnail","hentry","category-deportes","tag-dejen-jugar-a-juana","tag-deportes-2","tag-futbol-infantil","tag-juana","generate-columns","tablet-grid-50","mobile-grid-100","grid-parent","grid-50"],"jetpack_publicize_connections":[],"jetpack_featured_media_url":"https:\/\/www.hoymercedes.com.ar\/principal\/wp-content\/uploads\/2017\/03\/25-juana-futbol.jpg","wps_subtitle":"\u201cDejen jugar a Juana\u201d","jetpack_sharing_enabled":true,"_links":{"self":[{"href":"https:\/\/www.hoymercedes.com.ar\/principal\/wp-json\/wp\/v2\/posts\/61055","targetHints":{"allow":["GET"]}}],"collection":[{"href":"https:\/\/www.hoymercedes.com.ar\/principal\/wp-json\/wp\/v2\/posts"}],"about":[{"href":"https:\/\/www.hoymercedes.com.ar\/principal\/wp-json\/wp\/v2\/types\/post"}],"author":[{"embeddable":true,"href":"https:\/\/www.hoymercedes.com.ar\/principal\/wp-json\/wp\/v2\/users\/1"}],"replies":[{"embeddable":true,"href":"https:\/\/www.hoymercedes.com.ar\/principal\/wp-json\/wp\/v2\/comments?post=61055"}],"version-history":[{"count":0,"href":"https:\/\/www.hoymercedes.com.ar\/principal\/wp-json\/wp\/v2\/posts\/61055\/revisions"}],"wp:featuredmedia":[{"embeddable":true,"href":"https:\/\/www.hoymercedes.com.ar\/principal\/wp-json\/wp\/v2\/media\/61056"}],"wp:attachment":[{"href":"https:\/\/www.hoymercedes.com.ar\/principal\/wp-json\/wp\/v2\/media?parent=61055"}],"wp:term":[{"taxonomy":"category","embeddable":true,"href":"https:\/\/www.hoymercedes.com.ar\/principal\/wp-json\/wp\/v2\/categories?post=61055"},{"taxonomy":"post_tag","embeddable":true,"href":"https:\/\/www.hoymercedes.com.ar\/principal\/wp-json\/wp\/v2\/tags?post=61055"}],"curies":[{"name":"wp","href":"https:\/\/api.w.org\/{rel}","templated":true}]}}