{"id":6109,"date":"2011-08-06T23:09:45","date_gmt":"2011-08-06T23:09:45","guid":{"rendered":"http:\/\/www.hoymercedes.com.ar\/principal\/?p=6109"},"modified":"2011-08-07T19:47:26","modified_gmt":"2011-08-07T19:47:26","slug":"la-sociedad-rural-inauguro-la-balanza-publica","status":"publish","type":"post","link":"https:\/\/www.hoymercedes.com.ar\/principal\/2011\/08\/06\/la-sociedad-rural-inauguro-la-balanza-publica\/","title":{"rendered":"La Sociedad Rural inaugur\u00f3 la balanza p\u00fablica"},"content":{"rendered":"<p><a href=\"https:\/\/www.hoymercedes.com.ar\/principal\/wp-content\/uploads\/2011\/08\/BalanzaFM.jpg\"><img loading=\"lazy\" decoding=\"async\" data-attachment-id=\"6114\" data-permalink=\"https:\/\/www.hoymercedes.com.ar\/principal\/2011\/08\/06\/la-sociedad-rural-inauguro-la-balanza-publica\/balanzafm\/#main\" data-orig-file=\"https:\/\/www.hoymercedes.com.ar\/principal\/wp-content\/uploads\/2011\/08\/BalanzaFM.jpg\" data-orig-size=\"605,402\" data-comments-opened=\"1\" data-image-meta=\"{&quot;aperture&quot;:&quot;4&quot;,&quot;credit&quot;:&quot;Moreira Mario Hugo    FOTOGRAFIA&quot;,&quot;camera&quot;:&quot;NIKON D300&quot;,&quot;caption&quot;:&quot;AW:Fotografia  Moreira Mario Hugo&quot;,&quot;created_timestamp&quot;:&quot;1312560067&quot;,&quot;copyright&quot;:&quot;AW Fotografia   Moreira Mario Hugo&quot;,&quot;focal_length&quot;:&quot;18&quot;,&quot;iso&quot;:&quot;0&quot;,&quot;shutter_speed&quot;:&quot;0.005&quot;,&quot;title&quot;:&quot;&quot;}\" data-image-title=\"BalanzaFM\" data-image-description=\"&lt;p&gt;Fotografia  Moreira Mario Hugo&lt;\/p&gt;\n\" data-image-caption=\"\" data-large-file=\"https:\/\/www.hoymercedes.com.ar\/principal\/wp-content\/uploads\/2011\/08\/BalanzaFM.jpg\" class=\"aligncenter size-full wp-image-6114\" title=\"BalanzaFM\" src=\"https:\/\/www.hoymercedes.com.ar\/principal\/wp-content\/uploads\/2011\/08\/BalanzaFM.jpg\" alt=\"\" width=\"605\" height=\"402\" \/><\/a><\/p>\n<p>La balanza que gestion\u00f3 Juan Ustarroz a trav\u00e9s del ministro de Agricultura, Ganader\u00eda y Pesca de la Naci\u00f3n, Juli\u00e1n Dom\u00ednguez, fue inaugurada por la Sociedad Rural el viernes por la tarde.<\/p>\n<p>La balanza se oficializ\u00f3 el viernes a la prensa en horas de la tarde, luego del almuerzo en el q estuvieron dirigentes de la entidad junto a Alejandro Lotti, subsecretario de Ganader\u00eda del Ministerio de Agricultura, Ganader\u00eda y Pesca de la Naci\u00f3n y a Juan Ignacio Ustarroz, candidato a Intendente por el Frente Mercedino Para la Victoria.<\/p>\n<p>Adem\u00e1s de la balanza, tambi\u00e9n se dio a conocer la combi que se hab\u00eda gestionado meses atras para el CEPT N\u00ba4. Estas cosas hab\u00edan sido anunciadas por Juli\u00e1n Dom\u00ednguez, ministro de Agricultura de la Naci\u00f3n en su visita a Mercedes, invitado por Juan Ustarroz, a principios de mayo. De esta forma, se cumple una vez m\u00e1s una propuesta de Juani.<\/p>\n<p>En un breve discurso, al mostrarse el funcionamiento de la balanza, del que particip\u00f3 el intendente Carlos Selva, Jos\u00e9 Luis Casaretto, presidente de la Sociedad Rural Mercedes, cont\u00f3, en forma resumida, la historia de la SRM y, dijo que en su af\u00e1n por trabajar en pos del sector agr\u00edcola-ganadero, \u201cnos reunimos con la Comisi\u00f3n agropecuaria del Frente Mercedino y nos manifestaron su apoyo para colaborar con la instituci\u00f3n, en beneficio de nuestro sector\u201d y agradeci\u00f3 la posibilidad de gestionar la balanza, tan necesitada por la Sociedad Rural \u201cpara el bien de los mercedinos\u201d, dijo Casaretto.<\/p>\n<p><a href=\"https:\/\/www.hoymercedes.com.ar\/principal\/wp-content\/uploads\/2011\/08\/BalanzaFM2.jpg\"><img loading=\"lazy\" decoding=\"async\" data-attachment-id=\"6115\" data-permalink=\"https:\/\/www.hoymercedes.com.ar\/principal\/2011\/08\/06\/la-sociedad-rural-inauguro-la-balanza-publica\/balanzafm2\/#main\" data-orig-file=\"https:\/\/www.hoymercedes.com.ar\/principal\/wp-content\/uploads\/2011\/08\/BalanzaFM2.jpg\" data-orig-size=\"605,402\" data-comments-opened=\"1\" data-image-meta=\"{&quot;aperture&quot;:&quot;8&quot;,&quot;credit&quot;:&quot;Moreira Mario Hugo    FOTOGRAFIA&quot;,&quot;camera&quot;:&quot;NIKON D300&quot;,&quot;caption&quot;:&quot;AW:Fotografia  Moreira Mario Hugo&quot;,&quot;created_timestamp&quot;:&quot;1312558500&quot;,&quot;copyright&quot;:&quot;AW Fotografia   Moreira Mario Hugo&quot;,&quot;focal_length&quot;:&quot;18&quot;,&quot;iso&quot;:&quot;200&quot;,&quot;shutter_speed&quot;:&quot;0.004&quot;,&quot;title&quot;:&quot;&quot;}\" data-image-title=\"BalanzaFM2\" data-image-description=\"&lt;p&gt;Fotografia  Moreira Mario Hugo&lt;\/p&gt;\n\" data-image-caption=\"\" data-large-file=\"https:\/\/www.hoymercedes.com.ar\/principal\/wp-content\/uploads\/2011\/08\/BalanzaFM2.jpg\" class=\"aligncenter size-full wp-image-6115\" title=\"BalanzaFM2\" src=\"https:\/\/www.hoymercedes.com.ar\/principal\/wp-content\/uploads\/2011\/08\/BalanzaFM2.jpg\" alt=\"\" width=\"605\" height=\"402\" srcset=\"https:\/\/www.hoymercedes.com.ar\/principal\/wp-content\/uploads\/2011\/08\/BalanzaFM2.jpg 605w, https:\/\/www.hoymercedes.com.ar\/principal\/wp-content\/uploads\/2011\/08\/BalanzaFM2-300x199.jpg 300w\" sizes=\"auto, (max-width: 605px) 100vw, 605px\" \/><\/a><\/p>\n<p>\u201cAgradezco a la Comisi\u00f3n de Agricultura del Frente Mercedino, a Juani y a Wado y a Eduardo R\u00e9vora, que tanto ha hecho por nuestra entidad y al Ministro de Agricultura, Ganader\u00eda y Pesca\u201d, cerr\u00f3 Casaretto.<\/p>\n<p>Qui\u00e9n tambi\u00e9n pidi\u00f3 decir unas palabras fue Alejandro Lotti, que dijo que \u201cesto que vemos ac\u00e1 es la punta de un iceberg, porque no se ve el trabajo que hubo detr\u00e1s, hecho por la Sociedad Rural, la gente de Juani, del Ministerio y de la Subsecretar\u00eda\u201d, remarc\u00f3.<\/p>\n","protected":false},"excerpt":{"rendered":"<p>La balanza que gestion\u00f3 Juan Ustarroz a trav\u00e9s del ministro de Agricultura, Ganader\u00eda y Pesca de la Naci\u00f3n, Juli\u00e1n Dom\u00ednguez, &#8230; <a title=\"La Sociedad Rural inaugur\u00f3 la balanza p\u00fablica\" class=\"read-more\" href=\"https:\/\/www.hoymercedes.com.ar\/principal\/2011\/08\/06\/la-sociedad-rural-inauguro-la-balanza-publica\/\" aria-label=\"Leer m\u00e1s sobre La Sociedad Rural inaugur\u00f3 la balanza p\u00fablica\">Leer m\u00e1s<\/a><\/p>\n","protected":false},"author":1,"featured_media":0,"comment_status":"open","ping_status":"open","sticky":false,"template":"","format":"standard","meta":{"_monsterinsights_skip_tracking":false,"_monsterinsights_sitenote_active":false,"_monsterinsights_sitenote_note":"","_monsterinsights_sitenote_category":0,"jetpack_post_was_ever_published":false,"_jetpack_newsletter_access":"","_jetpack_dont_email_post_to_subs":false,"_jetpack_newsletter_tier_id":0,"_jetpack_memberships_contains_paywalled_content":false,"_jetpack_memberships_contains_paid_content":false,"footnotes":"","jetpack_publicize_message":"","jetpack_publicize_feature_enabled":true,"jetpack_social_post_already_shared":false,"jetpack_social_options":{"image_generator_settings":{"template":"highway","default_image_id":0,"font":"","enabled":false},"version":2},"_wpas_customize_per_network":false},"categories":[5],"tags":[1007,424,281],"class_list":["post-6109","post","type-post","status-publish","format-standard","hentry","category-politica","tag-frente-mercedino","tag-ustarroz","tag-wado-de-pedro","generate-columns","tablet-grid-50","mobile-grid-100","grid-parent","grid-50"],"jetpack_publicize_connections":[],"jetpack_featured_media_url":"","wps_subtitle":"","jetpack_sharing_enabled":true,"_links":{"self":[{"href":"https:\/\/www.hoymercedes.com.ar\/principal\/wp-json\/wp\/v2\/posts\/6109","targetHints":{"allow":["GET"]}}],"collection":[{"href":"https:\/\/www.hoymercedes.com.ar\/principal\/wp-json\/wp\/v2\/posts"}],"about":[{"href":"https:\/\/www.hoymercedes.com.ar\/principal\/wp-json\/wp\/v2\/types\/post"}],"author":[{"embeddable":true,"href":"https:\/\/www.hoymercedes.com.ar\/principal\/wp-json\/wp\/v2\/users\/1"}],"replies":[{"embeddable":true,"href":"https:\/\/www.hoymercedes.com.ar\/principal\/wp-json\/wp\/v2\/comments?post=6109"}],"version-history":[{"count":0,"href":"https:\/\/www.hoymercedes.com.ar\/principal\/wp-json\/wp\/v2\/posts\/6109\/revisions"}],"wp:attachment":[{"href":"https:\/\/www.hoymercedes.com.ar\/principal\/wp-json\/wp\/v2\/media?parent=6109"}],"wp:term":[{"taxonomy":"category","embeddable":true,"href":"https:\/\/www.hoymercedes.com.ar\/principal\/wp-json\/wp\/v2\/categories?post=6109"},{"taxonomy":"post_tag","embeddable":true,"href":"https:\/\/www.hoymercedes.com.ar\/principal\/wp-json\/wp\/v2\/tags?post=6109"}],"curies":[{"name":"wp","href":"https:\/\/api.w.org\/{rel}","templated":true}]}}