{"id":61108,"date":"2017-03-28T13:00:04","date_gmt":"2017-03-28T16:00:04","guid":{"rendered":"http:\/\/www.hoymercedes.com.ar\/principal\/?p=61108"},"modified":"2017-03-28T10:24:12","modified_gmt":"2017-03-28T13:24:12","slug":"en-cortines-se-corrio-la-maraton-por-la-memoria","status":"publish","type":"post","link":"https:\/\/www.hoymercedes.com.ar\/principal\/2017\/03\/28\/en-cortines-se-corrio-la-maraton-por-la-memoria\/","title":{"rendered":"En Cortines, se corri\u00f3 la marat\u00f3n por la Memoria"},"content":{"rendered":"<p><em><strong>El domingo se llev\u00f3 a cabo la s\u00e9ptima edici\u00f3n de la marat\u00f3n por la Memoria Verdad y Justicia en Cortines. Fue organizada por la agrupaci\u00f3n La C\u00e1mpora.<\/strong><\/em><\/p>\n<p><img loading=\"lazy\" decoding=\"async\" data-attachment-id=\"61109\" data-permalink=\"https:\/\/www.hoymercedes.com.ar\/principal\/2017\/03\/28\/en-cortines-se-corrio-la-maraton-por-la-memoria\/dmemoria-1\/#main\" data-orig-file=\"https:\/\/www.hoymercedes.com.ar\/principal\/wp-content\/uploads\/2017\/03\/dmemoria-1.jpg\" data-orig-size=\"800,546\" data-comments-opened=\"0\" data-image-meta=\"{&quot;aperture&quot;:&quot;0&quot;,&quot;credit&quot;:&quot;&quot;,&quot;camera&quot;:&quot;&quot;,&quot;caption&quot;:&quot;&quot;,&quot;created_timestamp&quot;:&quot;0&quot;,&quot;copyright&quot;:&quot;&quot;,&quot;focal_length&quot;:&quot;0&quot;,&quot;iso&quot;:&quot;0&quot;,&quot;shutter_speed&quot;:&quot;0&quot;,&quot;title&quot;:&quot;&quot;,&quot;orientation&quot;:&quot;0&quot;}\" data-image-title=\"dmemoria-1\" data-image-description=\"\" data-image-caption=\"\" data-large-file=\"https:\/\/www.hoymercedes.com.ar\/principal\/wp-content\/uploads\/2017\/03\/dmemoria-1.jpg\" class=\"aligncenter size-medium wp-image-61109\" src=\"https:\/\/www.hoymercedes.com.ar\/principal\/wp-content\/uploads\/2017\/03\/dmemoria-1-630x430.jpg\" alt=\"\" width=\"630\" height=\"430\" srcset=\"https:\/\/www.hoymercedes.com.ar\/principal\/wp-content\/uploads\/2017\/03\/dmemoria-1-630x430.jpg 630w, https:\/\/www.hoymercedes.com.ar\/principal\/wp-content\/uploads\/2017\/03\/dmemoria-1-150x102.jpg 150w, https:\/\/www.hoymercedes.com.ar\/principal\/wp-content\/uploads\/2017\/03\/dmemoria-1.jpg 800w\" sizes=\"auto, (max-width: 630px) 100vw, 630px\" \/><\/p>\n<p>Un importante n\u00fameros de mercedinos se hicieron presentes en la misma, entre ellos el presidente del Concejo Deliberante, Mat\u00edas Demattei, el director de Deportes Chino Silvestre, y en categor\u00eda especial compiti\u00f3 Fito Borda con su lazarillo Marcelo Z\u00e1rate, entre otros.<\/p>\n<p>La competencia se desarroll\u00f3 cerca del mediod\u00eda, en una distancia de 7K y de 3 kil\u00f3metros y medio. El encuentro tambi\u00e9n fue propicio para recordar a los 16 desaparecidos del pueblo.<\/p>\n<p>La inscripci\u00f3n fue un alimento no perecedero.<\/p>\n<p><strong>Clasificaci\u00f3n 3K<\/strong><\/p>\n<p><strong>Damas<\/strong><\/p>\n<p>1\u00ba Andrea Toloza<\/p>\n<p>2\u00ba Delfina Ratto<\/p>\n<p>3\u00ba Brisa Lemos<\/p>\n<p><strong>Caballeros<\/strong><\/p>\n<p>1\u00ba Gonzalo Orieta<\/p>\n<p>2\u00ba Adri\u00e1n Corbal\u00e1n<\/p>\n<p>3\u00ba Javier Molina<\/p>\n<p>&nbsp;<\/p>\n<p><strong>Clasificaci\u00f3n 7K<\/strong><\/p>\n<p><strong>Damas hasta 19 a\u00f1os<\/strong><\/p>\n<p>1\u00ba Milagros Salinas<\/p>\n<p>2\u00ba Carolina P\u00e9rez<\/p>\n<p>3\u00ba Brenda Di Santo<\/p>\n<p><strong>Caballeros hasta 19 a\u00f1os<\/strong><\/p>\n<p>1\u00ba Ignacio Fitero<\/p>\n<p>2\u00ba Gonzalo Scarnatto<\/p>\n<p>3\u00ba Lucas Salinas<\/p>\n<p><strong>Damas 20 a 29 a\u00f1os<\/strong><\/p>\n<p>1\u00ba Andrea S\u00e1nchez<\/p>\n<p>2\u00ba Julieta Keilis<\/p>\n<p>3\u00ba \u00c1ngeles R\u00edos<\/p>\n<p><strong>Caballeros de 20 a 29 a\u00f1os<\/strong><\/p>\n<p>1\u00ba Juan Ortiz<\/p>\n<p>2\u00ba Maxi Prino<\/p>\n<p>3\u00ba Leandro Milocco<\/p>\n<p><strong>Damas 30 a 39 a\u00f1os<\/strong><\/p>\n<p>1\u00ba Karina Arguello<\/p>\n<p>2\u00ba Blanca Franco<\/p>\n<p>3\u00ba Evangelina N\u00fa\u00f1ez<\/p>\n<p><strong>Caballeros de 30 a 39 a\u00f1os<\/strong><\/p>\n<p>1\u00ba Javier Posdeley<\/p>\n<p>2\u00ba Nicol\u00e1s Garc\u00eda<\/p>\n<p>3\u00ba Facundo Ortiz<\/p>\n<p><strong>Damas de 40 a 49 a\u00f1os<\/strong><\/p>\n<p>1\u00ba Marina Fern\u00e1ndez<\/p>\n<p>2\u00ba Elizabeth Chaira<\/p>\n<p>3\u00ba Daniel Ram\u00edrez<\/p>\n<p><strong>Caballero de 40 a 49 a\u00f1os<\/strong><\/p>\n<p>1\u00ba Ram\u00f3n Cardozo<\/p>\n<p>2\u00ba Luis Perroud<\/p>\n<p>3\u00ba Gustavo Charino<\/p>\n<p><strong>Damas de 50 a 59 a\u00f1os<\/strong><\/p>\n<p>1\u00ba Adriana Furl\u00e1n<\/p>\n<p>2\u00ba Alejandra Guin<\/p>\n<p>3\u00ba \u00c1ngela Didifico<\/p>\n<p><strong>Caballeros 50 a 59 a\u00f1os<\/strong><\/p>\n<p>1\u00ba Pedro Ortiz<\/p>\n<p>2\u00ba Marcelo Dom\u00ednguez<\/p>\n<p>3\u00ba Dar\u00edo Gallo<\/p>\n<p><strong>En Categor\u00eda Especial<\/strong><\/p>\n<p>1\u00ba Natalio \u201cPapato\u201d V\u00e1zquez<\/p>\n<p>2\u00ba Adolfo Borne<\/p>\n<p>3\u00ba Mario Reyes<\/p>\n","protected":false},"excerpt":{"rendered":"<p>El domingo se llev\u00f3 a cabo la s\u00e9ptima edici\u00f3n de la marat\u00f3n por la Memoria Verdad y Justicia en Cortines. &#8230; <a title=\"En Cortines, se corri\u00f3 la marat\u00f3n por la Memoria\" class=\"read-more\" href=\"https:\/\/www.hoymercedes.com.ar\/principal\/2017\/03\/28\/en-cortines-se-corrio-la-maraton-por-la-memoria\/\" aria-label=\"Leer m\u00e1s sobre En Cortines, se corri\u00f3 la marat\u00f3n por la Memoria\">Leer m\u00e1s<\/a><\/p>\n","protected":false},"author":1,"featured_media":61109,"comment_status":"closed","ping_status":"open","sticky":false,"template":"","format":"standard","meta":{"_monsterinsights_skip_tracking":false,"_monsterinsights_sitenote_active":false,"_monsterinsights_sitenote_note":"","_monsterinsights_sitenote_category":0,"jetpack_post_was_ever_published":false,"_jetpack_newsletter_access":"","_jetpack_dont_email_post_to_subs":false,"_jetpack_newsletter_tier_id":0,"_jetpack_memberships_contains_paywalled_content":false,"_jetpack_memberships_contains_paid_content":false,"footnotes":"","jetpack_publicize_message":"","jetpack_publicize_feature_enabled":true,"jetpack_social_post_already_shared":true,"jetpack_social_options":{"image_generator_settings":{"template":"highway","default_image_id":0,"font":"","enabled":false},"version":2},"_wpas_customize_per_network":false},"categories":[21],"tags":[803,10803,204,86,10],"class_list":["post-61108","post","type-post","status-publish","format-standard","has-post-thumbnail","hentry","category-deportes","tag-atletismo","tag-cortines","tag-deportes-2","tag-lujan","tag-mercedes","generate-columns","tablet-grid-50","mobile-grid-100","grid-parent","grid-50"],"jetpack_publicize_connections":[],"jetpack_featured_media_url":"https:\/\/www.hoymercedes.com.ar\/principal\/wp-content\/uploads\/2017\/03\/dmemoria-1.jpg","wps_subtitle":"Atletismo","jetpack_sharing_enabled":true,"_links":{"self":[{"href":"https:\/\/www.hoymercedes.com.ar\/principal\/wp-json\/wp\/v2\/posts\/61108","targetHints":{"allow":["GET"]}}],"collection":[{"href":"https:\/\/www.hoymercedes.com.ar\/principal\/wp-json\/wp\/v2\/posts"}],"about":[{"href":"https:\/\/www.hoymercedes.com.ar\/principal\/wp-json\/wp\/v2\/types\/post"}],"author":[{"embeddable":true,"href":"https:\/\/www.hoymercedes.com.ar\/principal\/wp-json\/wp\/v2\/users\/1"}],"replies":[{"embeddable":true,"href":"https:\/\/www.hoymercedes.com.ar\/principal\/wp-json\/wp\/v2\/comments?post=61108"}],"version-history":[{"count":0,"href":"https:\/\/www.hoymercedes.com.ar\/principal\/wp-json\/wp\/v2\/posts\/61108\/revisions"}],"wp:featuredmedia":[{"embeddable":true,"href":"https:\/\/www.hoymercedes.com.ar\/principal\/wp-json\/wp\/v2\/media\/61109"}],"wp:attachment":[{"href":"https:\/\/www.hoymercedes.com.ar\/principal\/wp-json\/wp\/v2\/media?parent=61108"}],"wp:term":[{"taxonomy":"category","embeddable":true,"href":"https:\/\/www.hoymercedes.com.ar\/principal\/wp-json\/wp\/v2\/categories?post=61108"},{"taxonomy":"post_tag","embeddable":true,"href":"https:\/\/www.hoymercedes.com.ar\/principal\/wp-json\/wp\/v2\/tags?post=61108"}],"curies":[{"name":"wp","href":"https:\/\/api.w.org\/{rel}","templated":true}]}}