{"id":61116,"date":"2017-03-27T11:33:52","date_gmt":"2017-03-27T14:33:52","guid":{"rendered":"http:\/\/www.hoymercedes.com.ar\/principal\/?p=61116"},"modified":"2017-03-27T11:33:52","modified_gmt":"2017-03-27T14:33:52","slug":"reserva-del-balta-area-protegida-o-basural","status":"publish","type":"post","link":"https:\/\/www.hoymercedes.com.ar\/principal\/2017\/03\/27\/reserva-del-balta-area-protegida-o-basural\/","title":{"rendered":"Reserva del Balta, \u00bf\u00e1rea protegida o basural?"},"content":{"rendered":"<p><em>Por Asociaci\u00f3n Civil S.O.S. H\u00e1bitat<\/em> &#8211; El d\u00eda viernes 24 de marzo junto con la Directora del Museo de Ciencias Naturales \u201cCarlos Ameghino\u201d y la Bot\u00e1nica D\u00e9bora Pedemonte, realizamos un recorrido por el predio ya conocido como Reserva Natural Arroyo Balta para verificar las condiciones en las que se encuentra. Pudimos observar diversas especies vegetales, as\u00ed como alguna variedad de insectos.<\/p>\n<p><img loading=\"lazy\" decoding=\"async\" data-attachment-id=\"61117\" data-permalink=\"https:\/\/www.hoymercedes.com.ar\/principal\/2017\/03\/27\/reserva-del-balta-area-protegida-o-basural\/27-arroyo-balta-1\/#main\" data-orig-file=\"https:\/\/www.hoymercedes.com.ar\/principal\/wp-content\/uploads\/2017\/03\/27-arroyo-balta-1.jpg\" data-orig-size=\"630,420\" data-comments-opened=\"0\" data-image-meta=\"{&quot;aperture&quot;:&quot;0&quot;,&quot;credit&quot;:&quot;&quot;,&quot;camera&quot;:&quot;&quot;,&quot;caption&quot;:&quot;&quot;,&quot;created_timestamp&quot;:&quot;0&quot;,&quot;copyright&quot;:&quot;&quot;,&quot;focal_length&quot;:&quot;0&quot;,&quot;iso&quot;:&quot;0&quot;,&quot;shutter_speed&quot;:&quot;0&quot;,&quot;title&quot;:&quot;&quot;,&quot;orientation&quot;:&quot;0&quot;}\" data-image-title=\"27 arroyo balta 1\" data-image-description=\"\" data-image-caption=\"\" data-large-file=\"https:\/\/www.hoymercedes.com.ar\/principal\/wp-content\/uploads\/2017\/03\/27-arroyo-balta-1.jpg\" class=\"aligncenter size-medium wp-image-61117\" src=\"https:\/\/www.hoymercedes.com.ar\/principal\/wp-content\/uploads\/2017\/03\/27-arroyo-balta-1-630x420.jpg\" alt=\"\" width=\"630\" height=\"420\" srcset=\"https:\/\/www.hoymercedes.com.ar\/principal\/wp-content\/uploads\/2017\/03\/27-arroyo-balta-1.jpg 630w, https:\/\/www.hoymercedes.com.ar\/principal\/wp-content\/uploads\/2017\/03\/27-arroyo-balta-1-150x100.jpg 150w, https:\/\/www.hoymercedes.com.ar\/principal\/wp-content\/uploads\/2017\/03\/27-arroyo-balta-1-300x200.jpg 300w\" sizes=\"auto, (max-width: 630px) 100vw, 630px\" \/><\/p>\n<p>Lamentablemente nos topamos con residuos desde el comienzo, ropa, bolsas con basura principalmente dom\u00e9stica, pl\u00e1sticos de todos los tipos e incluso restos de alguna fogata, lo que es muy peligroso para el lugar, ya que puede no haber un control del fuego y comenzar el incendio de todo el predio.<\/p>\n<p>Este lugar fue declarado Reserva conforme la Ordenanza 6308\/07 por, entre otras cosas, la importancia paleontol\u00f3gica de los restos f\u00f3siles encontrados all\u00ed por el Museo de Ciencias Naturales. Asimismo, la diversidad biol\u00f3gica que habita le otorga un mayor potencial para su conservaci\u00f3n.<\/p>\n<p>Uno de los temas por los cuales hemos llamado la atenci\u00f3n a los mercedinos a lo largo de esta d\u00e9cada es la disposici\u00f3n de basura. De m\u00e1s est\u00e1 decir que si es un espacio protegido, y el prop\u00f3sito de ello fue y es la de preservar y conservar la riqueza paleontol\u00f3gica y de biodiversidad correspondiente a esta regi\u00f3n, no se est\u00e1 respetando con la acumulaci\u00f3n de residuos no s\u00f3lo dom\u00e9sticos, sino tambi\u00e9n de construcci\u00f3n, y restos de residuos peligrosos que contaminar\u00e1n la napa de agua que tenemos en la zona.<\/p>\n<p>El viernes nos encontramos con un movimiento producido por grandes m\u00e1quinas donde se encuentra el basural. La descarada acci\u00f3n condujo a arrastrar todos los residuos hacia la cava que se encuentra detr\u00e1s, por esto podemos inferir que se ha hecho espacio para seguir arrojando m\u00e1s y rellenar esta depresi\u00f3n con ello.<\/p>\n<p>Esperamos que luego de habernos reunidos con los representantes ediles del municipio, junto con el proyecto de reserva ya emitido hacia el ejecutivo y el legislativo, y toda la documentaci\u00f3n que comunicamos por los medios locales y regionales podamos, de una vez por todas, concretar el convenio para que estas tierras puedan protegerse como se debe.<\/p>\n","protected":false},"excerpt":{"rendered":"<p>Por Asociaci\u00f3n Civil S.O.S. H\u00e1bitat &#8211; El d\u00eda viernes 24 de marzo junto con la Directora del Museo de Ciencias &#8230; <a title=\"Reserva del Balta, \u00bf\u00e1rea protegida o basural?\" class=\"read-more\" href=\"https:\/\/www.hoymercedes.com.ar\/principal\/2017\/03\/27\/reserva-del-balta-area-protegida-o-basural\/\" aria-label=\"Leer m\u00e1s sobre Reserva del Balta, \u00bf\u00e1rea protegida o basural?\">Leer m\u00e1s<\/a><\/p>\n","protected":false},"author":1,"featured_media":61117,"comment_status":"closed","ping_status":"open","sticky":false,"template":"","format":"standard","meta":{"_monsterinsights_skip_tracking":false,"_monsterinsights_sitenote_active":false,"_monsterinsights_sitenote_note":"","_monsterinsights_sitenote_category":0,"jetpack_post_was_ever_published":false,"_jetpack_newsletter_access":"","_jetpack_dont_email_post_to_subs":false,"_jetpack_newsletter_tier_id":0,"_jetpack_memberships_contains_paywalled_content":false,"_jetpack_memberships_contains_paid_content":false,"footnotes":"","jetpack_publicize_message":"","jetpack_publicize_feature_enabled":true,"jetpack_social_post_already_shared":true,"jetpack_social_options":{"image_generator_settings":{"template":"highway","default_image_id":0,"font":"","enabled":false},"version":2},"_wpas_customize_per_network":false},"categories":[5485,8],"tags":[103,10811,1056,10,10812],"class_list":["post-61116","post","type-post","status-publish","format-standard","has-post-thumbnail","hentry","category-comunidad","category-sociedad","tag-arroyo-balta","tag-asociacion-civil-s-o-s-habitat","tag-basural","tag-mercedes","tag-reserva-natural","generate-columns","tablet-grid-50","mobile-grid-100","grid-parent","grid-50"],"jetpack_publicize_connections":[],"jetpack_featured_media_url":"https:\/\/www.hoymercedes.com.ar\/principal\/wp-content\/uploads\/2017\/03\/27-arroyo-balta-1.jpg","wps_subtitle":"","jetpack_sharing_enabled":true,"_links":{"self":[{"href":"https:\/\/www.hoymercedes.com.ar\/principal\/wp-json\/wp\/v2\/posts\/61116","targetHints":{"allow":["GET"]}}],"collection":[{"href":"https:\/\/www.hoymercedes.com.ar\/principal\/wp-json\/wp\/v2\/posts"}],"about":[{"href":"https:\/\/www.hoymercedes.com.ar\/principal\/wp-json\/wp\/v2\/types\/post"}],"author":[{"embeddable":true,"href":"https:\/\/www.hoymercedes.com.ar\/principal\/wp-json\/wp\/v2\/users\/1"}],"replies":[{"embeddable":true,"href":"https:\/\/www.hoymercedes.com.ar\/principal\/wp-json\/wp\/v2\/comments?post=61116"}],"version-history":[{"count":0,"href":"https:\/\/www.hoymercedes.com.ar\/principal\/wp-json\/wp\/v2\/posts\/61116\/revisions"}],"wp:featuredmedia":[{"embeddable":true,"href":"https:\/\/www.hoymercedes.com.ar\/principal\/wp-json\/wp\/v2\/media\/61117"}],"wp:attachment":[{"href":"https:\/\/www.hoymercedes.com.ar\/principal\/wp-json\/wp\/v2\/media?parent=61116"}],"wp:term":[{"taxonomy":"category","embeddable":true,"href":"https:\/\/www.hoymercedes.com.ar\/principal\/wp-json\/wp\/v2\/categories?post=61116"},{"taxonomy":"post_tag","embeddable":true,"href":"https:\/\/www.hoymercedes.com.ar\/principal\/wp-json\/wp\/v2\/tags?post=61116"}],"curies":[{"name":"wp","href":"https:\/\/api.w.org\/{rel}","templated":true}]}}