{"id":61148,"date":"2017-03-29T06:45:05","date_gmt":"2017-03-29T09:45:05","guid":{"rendered":"http:\/\/www.hoymercedes.com.ar\/principal\/?p=61148"},"modified":"2017-03-28T11:54:44","modified_gmt":"2017-03-28T14:54:44","slug":"robo-en-una-finca-y-preocupacion-del-propietario","status":"publish","type":"post","link":"https:\/\/www.hoymercedes.com.ar\/principal\/2017\/03\/29\/robo-en-una-finca-y-preocupacion-del-propietario\/","title":{"rendered":"Robo en una finca y preocupaci\u00f3n del propietario"},"content":{"rendered":"<p>Entre la noche del martes y la madrugada del mi\u00e9rcoles, desconocidos ingresaron a una finca ubicada en la ruta 5 a la altura del kil\u00f3metro 113.<\/p>\n<p>Ingresaron a la vivienda de los caseros que afortunadamente no estaban en el lugar. Los malechores realizaron algunos destrozos en el lugar y se llevaron algunos elementos de la vivienda.<\/p>\n<p>El due\u00f1o del lugar debi\u00f3 acercarse a realizar la denuncia correspondiente.<\/p>\n<p>El propietario, de apellido Pedaci se\u00f1al\u00f3 que no fue la primera vez que padec\u00eda un robo en el lugar, aunque no hab\u00eda efectuado la denuncia.<\/p>\n<p>Adem\u00e1s, se manifest\u00f3 preocupado ya que el lugar se est\u00e1 acondicionando con la finalidad de efectuar retiros espirituales para j\u00f3venes evang\u00e9licos, y donde ya se han llevado a cabo otras actividades con miembros de la iglesia.<\/p>\n<p>&nbsp;<\/p>\n","protected":false},"excerpt":{"rendered":"<p>Entre la noche del martes y la madrugada del mi\u00e9rcoles, desconocidos ingresaron a una finca ubicada en la ruta 5 &#8230; <a title=\"Robo en una finca y preocupaci\u00f3n del propietario\" class=\"read-more\" href=\"https:\/\/www.hoymercedes.com.ar\/principal\/2017\/03\/29\/robo-en-una-finca-y-preocupacion-del-propietario\/\" aria-label=\"Leer m\u00e1s sobre Robo en una finca y preocupaci\u00f3n del propietario\">Leer m\u00e1s<\/a><\/p>\n","protected":false},"author":1,"featured_media":56144,"comment_status":"closed","ping_status":"open","sticky":false,"template":"","format":"standard","meta":{"_monsterinsights_skip_tracking":false,"_monsterinsights_sitenote_active":false,"_monsterinsights_sitenote_note":"","_monsterinsights_sitenote_category":0,"jetpack_post_was_ever_published":false,"_jetpack_newsletter_access":"","_jetpack_dont_email_post_to_subs":false,"_jetpack_newsletter_tier_id":0,"_jetpack_memberships_contains_paywalled_content":false,"_jetpack_memberships_contains_paid_content":false,"footnotes":"","jetpack_publicize_message":"","jetpack_publicize_feature_enabled":true,"jetpack_social_post_already_shared":true,"jetpack_social_options":{"image_generator_settings":{"template":"highway","default_image_id":0,"font":"","enabled":false},"version":2},"_wpas_customize_per_network":false},"categories":[85],"tags":[96,889],"class_list":["post-61148","post","type-post","status-publish","format-standard","has-post-thumbnail","hentry","category-policial","tag-policial-2","tag-robo","generate-columns","tablet-grid-50","mobile-grid-100","grid-parent","grid-50"],"jetpack_publicize_connections":[],"jetpack_featured_media_url":"https:\/\/www.hoymercedes.com.ar\/principal\/wp-content\/uploads\/2016\/10\/poli-2.jpg","wps_subtitle":"","jetpack_sharing_enabled":true,"_links":{"self":[{"href":"https:\/\/www.hoymercedes.com.ar\/principal\/wp-json\/wp\/v2\/posts\/61148","targetHints":{"allow":["GET"]}}],"collection":[{"href":"https:\/\/www.hoymercedes.com.ar\/principal\/wp-json\/wp\/v2\/posts"}],"about":[{"href":"https:\/\/www.hoymercedes.com.ar\/principal\/wp-json\/wp\/v2\/types\/post"}],"author":[{"embeddable":true,"href":"https:\/\/www.hoymercedes.com.ar\/principal\/wp-json\/wp\/v2\/users\/1"}],"replies":[{"embeddable":true,"href":"https:\/\/www.hoymercedes.com.ar\/principal\/wp-json\/wp\/v2\/comments?post=61148"}],"version-history":[{"count":0,"href":"https:\/\/www.hoymercedes.com.ar\/principal\/wp-json\/wp\/v2\/posts\/61148\/revisions"}],"wp:featuredmedia":[{"embeddable":true,"href":"https:\/\/www.hoymercedes.com.ar\/principal\/wp-json\/wp\/v2\/media\/56144"}],"wp:attachment":[{"href":"https:\/\/www.hoymercedes.com.ar\/principal\/wp-json\/wp\/v2\/media?parent=61148"}],"wp:term":[{"taxonomy":"category","embeddable":true,"href":"https:\/\/www.hoymercedes.com.ar\/principal\/wp-json\/wp\/v2\/categories?post=61148"},{"taxonomy":"post_tag","embeddable":true,"href":"https:\/\/www.hoymercedes.com.ar\/principal\/wp-json\/wp\/v2\/tags?post=61148"}],"curies":[{"name":"wp","href":"https:\/\/api.w.org\/{rel}","templated":true}]}}