{"id":61150,"date":"2017-03-28T14:18:47","date_gmt":"2017-03-28T17:18:47","guid":{"rendered":"http:\/\/www.hoymercedes.com.ar\/principal\/?p=61150"},"modified":"2017-03-29T00:21:21","modified_gmt":"2017-03-29T03:21:21","slug":"comenzaron-las-cases-en-el-jardin-escuela-sol-de-invierno","status":"publish","type":"post","link":"https:\/\/www.hoymercedes.com.ar\/principal\/2017\/03\/28\/comenzaron-las-cases-en-el-jardin-escuela-sol-de-invierno\/","title":{"rendered":"Comenzaron las clases en el Jard\u00edn Escuela \u00abSol de Invierno\u00bb"},"content":{"rendered":"<p>Gracias al esfuerzo y al trabajo de padres, docentes y amigos de este impulso,\u00a0el Jard\u00edn\/Escuela \u201cSol de Invierno\u201d, comenz\u00f3 un nuevo ciclo lectivo de los niveles inicial y primario contando con la apertura del 2\u00ba a\u00f1o de este \u00faltimo nivel.<\/p>\n<p><img loading=\"lazy\" decoding=\"async\" data-attachment-id=\"61151\" data-permalink=\"https:\/\/www.hoymercedes.com.ar\/principal\/2017\/03\/28\/comenzaron-las-cases-en-el-jardin-escuela-sol-de-invierno\/28-sol-de-invierno\/#main\" data-orig-file=\"https:\/\/www.hoymercedes.com.ar\/principal\/wp-content\/uploads\/2017\/03\/28-sol-de-invierno.png\" data-orig-size=\"630,367\" data-comments-opened=\"0\" data-image-meta=\"{&quot;aperture&quot;:&quot;0&quot;,&quot;credit&quot;:&quot;&quot;,&quot;camera&quot;:&quot;&quot;,&quot;caption&quot;:&quot;&quot;,&quot;created_timestamp&quot;:&quot;0&quot;,&quot;copyright&quot;:&quot;&quot;,&quot;focal_length&quot;:&quot;0&quot;,&quot;iso&quot;:&quot;0&quot;,&quot;shutter_speed&quot;:&quot;0&quot;,&quot;title&quot;:&quot;&quot;,&quot;orientation&quot;:&quot;0&quot;}\" data-image-title=\"28 sol de invierno\" data-image-description=\"\" data-image-caption=\"\" data-large-file=\"https:\/\/www.hoymercedes.com.ar\/principal\/wp-content\/uploads\/2017\/03\/28-sol-de-invierno.png\" class=\"aligncenter size-medium wp-image-61151\" src=\"https:\/\/www.hoymercedes.com.ar\/principal\/wp-content\/uploads\/2017\/03\/28-sol-de-invierno-630x367.png\" alt=\"\" width=\"630\" height=\"367\" srcset=\"https:\/\/www.hoymercedes.com.ar\/principal\/wp-content\/uploads\/2017\/03\/28-sol-de-invierno.png 630w, https:\/\/www.hoymercedes.com.ar\/principal\/wp-content\/uploads\/2017\/03\/28-sol-de-invierno-150x87.png 150w\" sizes=\"auto, (max-width: 630px) 100vw, 630px\" \/><\/p>\n<p>Como es costumbre de esta instituci\u00f3n, ofrecer a la comunidad charlas orientadoras para acompa\u00f1ar a nuestros ni\u00f1os, el pasado viernes 10 de marzo se llev\u00f3 a cabo el primer taller para docentes y padres del jard\u00edn\/escuela titulado \u201cLos primeros siete a\u00f1os: \u00bfDe qu\u00e9 se ocupan los ni\u00f1os? \u00bfDe qu\u00e9 nos ocupamos los adultos?\u201d<\/p>\n<p>El mismo fue coordinado por la Licenciada Ignacia Gonz\u00e1lez Rena (psicopedagoga, maestra de inicial y superior, maestra waldorf) y el profesor de m\u00fasica y director de coro Alejandro Aranda. Gracias a la colaboraci\u00f3n, de la Societ\u00e1 Italiana di mutuo soccorso di Mercedes (B) el mismo se realiz\u00f3 en las instalaciones del Circolo Italiano.<\/p>\n<p>Sol de Invierno tiene como anhelo ofrecer una propuesta educativa que nos oriente en el camino hacia un cambio social basado en los principios de libertad cultural, igualdad jur\u00eddica y fraternidad econ\u00f3mica.<\/p>\n<p>La instituci\u00f3n hace expreso su agradecimiento a la Societ\u00e1 Italiana di mutuo soccorso di Mercedes, que por intermedio de su presidente Sr. Ernesto Rissola adem\u00e1s ha donado el mobiliario necesario para la nueva aula de 2\u00b0 a\u00f1o.<\/p>\n<p>A quienes est\u00e9n interesados en conocer la propuesta educativa de \u201cSol de Invierno\u201d, los invitamos a calle 14 N\u00b0 173, los d\u00edas martes y jueves de 10.30 hs a 12.30 hs. o a los siguientes contactos:<\/p>\n<ul>\n<li>Email: jardinsoldeinvierno@hotmail.com<\/li>\n<li>Facebook: facebook.com\/waldorf.mercedes<\/li>\n<\/ul>\n<p>&nbsp;<\/p>\n<p>Fuente: Vamos Mercedes Prensa<\/p>\n","protected":false},"excerpt":{"rendered":"<p>Gracias al esfuerzo y al trabajo de padres, docentes y amigos de este impulso,\u00a0el Jard\u00edn\/Escuela \u201cSol de Invierno\u201d, comenz\u00f3 un &#8230; <a title=\"Comenzaron las clases en el Jard\u00edn Escuela \u00abSol de Invierno\u00bb\" class=\"read-more\" href=\"https:\/\/www.hoymercedes.com.ar\/principal\/2017\/03\/28\/comenzaron-las-cases-en-el-jardin-escuela-sol-de-invierno\/\" aria-label=\"Leer m\u00e1s sobre Comenzaron las clases en el Jard\u00edn Escuela \u00abSol de Invierno\u00bb\">Leer m\u00e1s<\/a><\/p>\n","protected":false},"author":1,"featured_media":61151,"comment_status":"closed","ping_status":"open","sticky":false,"template":"","format":"standard","meta":{"_monsterinsights_skip_tracking":false,"_monsterinsights_sitenote_active":false,"_monsterinsights_sitenote_note":"","_monsterinsights_sitenote_category":0,"jetpack_post_was_ever_published":false,"_jetpack_newsletter_access":"","_jetpack_dont_email_post_to_subs":true,"_jetpack_newsletter_tier_id":0,"_jetpack_memberships_contains_paywalled_content":false,"_jetpack_memberships_contains_paid_content":false,"footnotes":"","jetpack_publicize_message":"","jetpack_publicize_feature_enabled":true,"jetpack_social_post_already_shared":true,"jetpack_social_options":{"image_generator_settings":{"template":"highway","default_image_id":0,"font":"","enabled":false},"version":2},"_wpas_customize_per_network":false},"categories":[23],"tags":[47,6985,10821,10822,10820],"class_list":["post-61150","post","type-post","status-publish","format-standard","has-post-thumbnail","hentry","category-educacion","tag-educacion-2","tag-inicio-de-clases","tag-nivel-inicial","tag-nivel-primario","tag-pedagogia-waldorf","generate-columns","tablet-grid-50","mobile-grid-100","grid-parent","grid-50"],"jetpack_publicize_connections":[],"jetpack_featured_media_url":"https:\/\/www.hoymercedes.com.ar\/principal\/wp-content\/uploads\/2017\/03\/28-sol-de-invierno.png","wps_subtitle":"Pedagog\u00eda Waldorf","jetpack_sharing_enabled":true,"_links":{"self":[{"href":"https:\/\/www.hoymercedes.com.ar\/principal\/wp-json\/wp\/v2\/posts\/61150","targetHints":{"allow":["GET"]}}],"collection":[{"href":"https:\/\/www.hoymercedes.com.ar\/principal\/wp-json\/wp\/v2\/posts"}],"about":[{"href":"https:\/\/www.hoymercedes.com.ar\/principal\/wp-json\/wp\/v2\/types\/post"}],"author":[{"embeddable":true,"href":"https:\/\/www.hoymercedes.com.ar\/principal\/wp-json\/wp\/v2\/users\/1"}],"replies":[{"embeddable":true,"href":"https:\/\/www.hoymercedes.com.ar\/principal\/wp-json\/wp\/v2\/comments?post=61150"}],"version-history":[{"count":0,"href":"https:\/\/www.hoymercedes.com.ar\/principal\/wp-json\/wp\/v2\/posts\/61150\/revisions"}],"wp:featuredmedia":[{"embeddable":true,"href":"https:\/\/www.hoymercedes.com.ar\/principal\/wp-json\/wp\/v2\/media\/61151"}],"wp:attachment":[{"href":"https:\/\/www.hoymercedes.com.ar\/principal\/wp-json\/wp\/v2\/media?parent=61150"}],"wp:term":[{"taxonomy":"category","embeddable":true,"href":"https:\/\/www.hoymercedes.com.ar\/principal\/wp-json\/wp\/v2\/categories?post=61150"},{"taxonomy":"post_tag","embeddable":true,"href":"https:\/\/www.hoymercedes.com.ar\/principal\/wp-json\/wp\/v2\/tags?post=61150"}],"curies":[{"name":"wp","href":"https:\/\/api.w.org\/{rel}","templated":true}]}}