{"id":61233,"date":"2017-03-31T12:05:43","date_gmt":"2017-03-31T15:05:43","guid":{"rendered":"http:\/\/www.hoymercedes.com.ar\/principal\/?p=61233"},"modified":"2017-03-31T13:20:54","modified_gmt":"2017-03-31T16:20:54","slug":"marcos-benavidez-el-rival-se-respeta-por-los-jugadores-que-tiene","status":"publish","type":"post","link":"https:\/\/www.hoymercedes.com.ar\/principal\/2017\/03\/31\/marcos-benavidez-el-rival-se-respeta-por-los-jugadores-que-tiene\/","title":{"rendered":"Marcos Benavidez: \u00abEl rival se respeta por los jugadores que tiene\u00bb"},"content":{"rendered":"<p><em><strong>Marcos Benavidez, delantero de Trocha, coment\u00f3: \u00abnos cost\u00f3 encontrar el equipo, pero lo llevamos bastante bien. Hay un grupo muy sano, con una competencia muy sana y nos estamos preparando muy bien, analizando el partido\u00bb, al programa El Pulso, por FM La Tribuna.<\/strong><\/em><\/p>\n<p><img loading=\"lazy\" decoding=\"async\" data-attachment-id=\"61234\" data-permalink=\"https:\/\/www.hoymercedes.com.ar\/principal\/2017\/03\/31\/marcos-benavidez-el-rival-se-respeta-por-los-jugadores-que-tiene\/dscn9215-4\/#main\" data-orig-file=\"https:\/\/www.hoymercedes.com.ar\/principal\/wp-content\/uploads\/2017\/03\/DSCN9215-1.jpg\" data-orig-size=\"650,487\" data-comments-opened=\"0\" data-image-meta=\"{&quot;aperture&quot;:&quot;4.9&quot;,&quot;credit&quot;:&quot;&quot;,&quot;camera&quot;:&quot;COOLPIX L310&quot;,&quot;caption&quot;:&quot;&quot;,&quot;created_timestamp&quot;:&quot;1486323919&quot;,&quot;copyright&quot;:&quot;&quot;,&quot;focal_length&quot;:&quot;27&quot;,&quot;iso&quot;:&quot;400&quot;,&quot;shutter_speed&quot;:&quot;0.005&quot;,&quot;title&quot;:&quot;&quot;,&quot;orientation&quot;:&quot;1&quot;}\" data-image-title=\"DSCN9215\" data-image-description=\"\" data-image-caption=\"\" data-large-file=\"https:\/\/www.hoymercedes.com.ar\/principal\/wp-content\/uploads\/2017\/03\/DSCN9215-1.jpg\" class=\"aligncenter size-medium wp-image-61234\" src=\"https:\/\/www.hoymercedes.com.ar\/principal\/wp-content\/uploads\/2017\/03\/DSCN9215-1-630x472.jpg\" alt=\"\" width=\"630\" height=\"472\" srcset=\"https:\/\/www.hoymercedes.com.ar\/principal\/wp-content\/uploads\/2017\/03\/DSCN9215-1-630x472.jpg 630w, https:\/\/www.hoymercedes.com.ar\/principal\/wp-content\/uploads\/2017\/03\/DSCN9215-1-150x112.jpg 150w, https:\/\/www.hoymercedes.com.ar\/principal\/wp-content\/uploads\/2017\/03\/DSCN9215-1.jpg 650w\" sizes=\"auto, (max-width: 630px) 100vw, 630px\" \/><\/p>\n<p>Sobre SATSAID, equipo con el que juega los octavos de final del Federal C, dijo que \u00abes un rival grande en la categor\u00eda, que se respeta por los jugadores que tiene. En el primer tiempo hicimos la diferencia. Creo que no nos lastimaron y nos empataron por un gol de pelota parada tras una mala salida nuestra que nos dej\u00f3 mal parado. No corrimos con suerte. Son jugadores con mucha experiencia, tanto Portillo como Tavio. Creo que con Axel Reyne los supimos llevar y pudimos sacar ventaja. Un 2 a 0 arriba con un equipo tan grande es dif\u00edcil mantenerlo, pero no es un sabor amargo el empate porque dejamos todo en la cancha y ellos nos van a respetar porque se llevaron un resultado que no se merec\u00edan\u00bb.<\/p>\n<p>Por \u00faltimo dijo que \u00absab\u00edamos que iba a ser un partido intenso, en el que si presion\u00e1bamos ibamos a poder lastimar al rival y lo hicimos bien. Despu\u00e9s ellos pusieron mucha gente arriba y en el \u00faltimo minuto lo empataron con una pelota de otro partido. Fueron eficaces, ganaron las pelotas divididas y pusieron mucha gente adelante y eso les permiti\u00f3 tener esa \u00faltima pelota parada\u00bb.<\/p>\n","protected":false},"excerpt":{"rendered":"<p>Marcos Benavidez, delantero de Trocha, coment\u00f3: \u00abnos cost\u00f3 encontrar el equipo, pero lo llevamos bastante bien. Hay un grupo muy &#8230; <a title=\"Marcos Benavidez: \u00abEl rival se respeta por los jugadores que tiene\u00bb\" class=\"read-more\" href=\"https:\/\/www.hoymercedes.com.ar\/principal\/2017\/03\/31\/marcos-benavidez-el-rival-se-respeta-por-los-jugadores-que-tiene\/\" aria-label=\"Leer m\u00e1s sobre Marcos Benavidez: \u00abEl rival se respeta por los jugadores que tiene\u00bb\">Leer m\u00e1s<\/a><\/p>\n","protected":false},"author":1,"featured_media":61234,"comment_status":"closed","ping_status":"open","sticky":false,"template":"","format":"standard","meta":{"_monsterinsights_skip_tracking":false,"_monsterinsights_sitenote_active":false,"_monsterinsights_sitenote_note":"","_monsterinsights_sitenote_category":0,"jetpack_post_was_ever_published":false,"_jetpack_newsletter_access":"","_jetpack_dont_email_post_to_subs":false,"_jetpack_newsletter_tier_id":0,"_jetpack_memberships_contains_paywalled_content":false,"_jetpack_memberships_contains_paid_content":false,"footnotes":"","jetpack_publicize_message":"","jetpack_publicize_feature_enabled":true,"jetpack_social_post_already_shared":false,"jetpack_social_options":{"image_generator_settings":{"template":"highway","default_image_id":0,"font":"","enabled":false},"version":2},"_wpas_customize_per_network":false},"categories":[21],"tags":[204,8412,1003,10840],"class_list":["post-61233","post","type-post","status-publish","format-standard","has-post-thumbnail","hentry","category-deportes","tag-deportes-2","tag-federal-c","tag-futbol","tag-marcos-benavidez","generate-columns","tablet-grid-50","mobile-grid-100","grid-parent","grid-50"],"jetpack_publicize_connections":[],"jetpack_featured_media_url":"https:\/\/www.hoymercedes.com.ar\/principal\/wp-content\/uploads\/2017\/03\/DSCN9215-1.jpg","wps_subtitle":"Federal C","jetpack_sharing_enabled":true,"_links":{"self":[{"href":"https:\/\/www.hoymercedes.com.ar\/principal\/wp-json\/wp\/v2\/posts\/61233","targetHints":{"allow":["GET"]}}],"collection":[{"href":"https:\/\/www.hoymercedes.com.ar\/principal\/wp-json\/wp\/v2\/posts"}],"about":[{"href":"https:\/\/www.hoymercedes.com.ar\/principal\/wp-json\/wp\/v2\/types\/post"}],"author":[{"embeddable":true,"href":"https:\/\/www.hoymercedes.com.ar\/principal\/wp-json\/wp\/v2\/users\/1"}],"replies":[{"embeddable":true,"href":"https:\/\/www.hoymercedes.com.ar\/principal\/wp-json\/wp\/v2\/comments?post=61233"}],"version-history":[{"count":0,"href":"https:\/\/www.hoymercedes.com.ar\/principal\/wp-json\/wp\/v2\/posts\/61233\/revisions"}],"wp:featuredmedia":[{"embeddable":true,"href":"https:\/\/www.hoymercedes.com.ar\/principal\/wp-json\/wp\/v2\/media\/61234"}],"wp:attachment":[{"href":"https:\/\/www.hoymercedes.com.ar\/principal\/wp-json\/wp\/v2\/media?parent=61233"}],"wp:term":[{"taxonomy":"category","embeddable":true,"href":"https:\/\/www.hoymercedes.com.ar\/principal\/wp-json\/wp\/v2\/categories?post=61233"},{"taxonomy":"post_tag","embeddable":true,"href":"https:\/\/www.hoymercedes.com.ar\/principal\/wp-json\/wp\/v2\/tags?post=61233"}],"curies":[{"name":"wp","href":"https:\/\/api.w.org\/{rel}","templated":true}]}}