{"id":61279,"date":"2017-03-31T16:00:12","date_gmt":"2017-03-31T19:00:12","guid":{"rendered":"http:\/\/www.hoymercedes.com.ar\/principal\/?p=61279"},"modified":"2017-03-31T23:00:29","modified_gmt":"2017-04-01T02:00:29","slug":"el-selvismo-comenzo-su-trabajo-previo-a-las-elecciones","status":"publish","type":"post","link":"https:\/\/www.hoymercedes.com.ar\/principal\/2017\/03\/31\/el-selvismo-comenzo-su-trabajo-previo-a-las-elecciones\/","title":{"rendered":"El Selvismo comenz\u00f3 su trabajo previo a las elecciones"},"content":{"rendered":"<p>En la noche del jueves, la Agrupaci\u00f3n Pol\u00edtica \u201c17 de Octubre\u201d que encabeza el, ahora, Diputado Nacional Carlos Selva, comenz\u00f3 las reuniones semanales con el fin de trabajar para las elecciones del corriente a\u00f1o.\u00a0Propusieron trabajar en las comisiones de Deportes, Acci\u00f3n Social y Territorio, Salud y Medio Ambiente, Cultura y Educaci\u00f3n, Seguridad, y Comunicaciones. Ver Video<\/p>\n<p><img loading=\"lazy\" decoding=\"async\" data-attachment-id=\"61253\" data-permalink=\"https:\/\/www.hoymercedes.com.ar\/principal\/2017\/03\/31\/festival-por-la-educacion-publica-y-de-calidad\/31-selvismo-1-copia\/#main\" data-orig-file=\"https:\/\/www.hoymercedes.com.ar\/principal\/wp-content\/uploads\/2017\/03\/31-selvismo-1-copia.jpg\" data-orig-size=\"630,420\" data-comments-opened=\"0\" data-image-meta=\"{&quot;aperture&quot;:&quot;4&quot;,&quot;credit&quot;:&quot;&quot;,&quot;camera&quot;:&quot;NIKON D3100&quot;,&quot;caption&quot;:&quot;????????????????????????????????????&quot;,&quot;created_timestamp&quot;:&quot;1490907858&quot;,&quot;copyright&quot;:&quot;&quot;,&quot;focal_length&quot;:&quot;26&quot;,&quot;iso&quot;:&quot;1250&quot;,&quot;shutter_speed&quot;:&quot;0.016666666666667&quot;,&quot;title&quot;:&quot;&quot;,&quot;orientation&quot;:&quot;1&quot;}\" data-image-title=\"31 selvismo 1 copia\" data-image-description=\"\" data-image-caption=\"\" data-large-file=\"https:\/\/www.hoymercedes.com.ar\/principal\/wp-content\/uploads\/2017\/03\/31-selvismo-1-copia.jpg\" class=\"aligncenter size-medium wp-image-61253\" src=\"https:\/\/www.hoymercedes.com.ar\/principal\/wp-content\/uploads\/2017\/03\/31-selvismo-1-copia-630x420.jpg\" alt=\"\" width=\"630\" height=\"420\" srcset=\"https:\/\/www.hoymercedes.com.ar\/principal\/wp-content\/uploads\/2017\/03\/31-selvismo-1-copia.jpg 630w, https:\/\/www.hoymercedes.com.ar\/principal\/wp-content\/uploads\/2017\/03\/31-selvismo-1-copia-150x100.jpg 150w, https:\/\/www.hoymercedes.com.ar\/principal\/wp-content\/uploads\/2017\/03\/31-selvismo-1-copia-300x200.jpg 300w\" sizes=\"auto, (max-width: 630px) 100vw, 630px\" \/><\/p>\n<p>En la presentaci\u00f3n formal de las reuniones, el ex intendente Selva, junto a los tres concejales que integran el bloque del Frente Renovador Partido Justicialista, Carlos Milhomme, Sabrina Selva y Ricardo Bozzini, invitaron a los presentes, militantes y no de la agrupaci\u00f3n a integrar algunas de las comisiones de trabajo.<\/p>\n<p>\u201cEstamos convencidos de que la herramienta pol\u00edtica es la que permitir\u00e1 mejorar la vida de cada uno de todos nosotros\u201d, resalt\u00f3 el concejal Milhomme instando a que los asistentes se hagan presente cada jueves y que cada semana sumen a m\u00e1s personas.<\/p>\n<p><img loading=\"lazy\" decoding=\"async\" data-attachment-id=\"61254\" data-permalink=\"https:\/\/www.hoymercedes.com.ar\/principal\/2017\/03\/31\/festival-por-la-educacion-publica-y-de-calidad\/31-selvismo-2-copia\/#main\" data-orig-file=\"https:\/\/www.hoymercedes.com.ar\/principal\/wp-content\/uploads\/2017\/03\/31-selvismo-2-copia.jpg\" data-orig-size=\"630,420\" data-comments-opened=\"0\" data-image-meta=\"{&quot;aperture&quot;:&quot;3.5&quot;,&quot;credit&quot;:&quot;&quot;,&quot;camera&quot;:&quot;NIKON D3100&quot;,&quot;caption&quot;:&quot;????????????????????????????????????&quot;,&quot;created_timestamp&quot;:&quot;1490908516&quot;,&quot;copyright&quot;:&quot;&quot;,&quot;focal_length&quot;:&quot;18&quot;,&quot;iso&quot;:&quot;1000&quot;,&quot;shutter_speed&quot;:&quot;0.016666666666667&quot;,&quot;title&quot;:&quot;&quot;,&quot;orientation&quot;:&quot;1&quot;}\" data-image-title=\"31 selvismo 2 copia\" data-image-description=\"\" data-image-caption=\"\" data-large-file=\"https:\/\/www.hoymercedes.com.ar\/principal\/wp-content\/uploads\/2017\/03\/31-selvismo-2-copia.jpg\" class=\"aligncenter size-medium wp-image-61254\" src=\"https:\/\/www.hoymercedes.com.ar\/principal\/wp-content\/uploads\/2017\/03\/31-selvismo-2-copia-630x420.jpg\" alt=\"\" width=\"630\" height=\"420\" srcset=\"https:\/\/www.hoymercedes.com.ar\/principal\/wp-content\/uploads\/2017\/03\/31-selvismo-2-copia.jpg 630w, https:\/\/www.hoymercedes.com.ar\/principal\/wp-content\/uploads\/2017\/03\/31-selvismo-2-copia-150x100.jpg 150w, https:\/\/www.hoymercedes.com.ar\/principal\/wp-content\/uploads\/2017\/03\/31-selvismo-2-copia-300x200.jpg 300w\" sizes=\"auto, (max-width: 630px) 100vw, 630px\" \/><\/p>\n<p>Fue Sabrina Selva la que invit\u00f3 a los presentes a sumarse a las comisiones de trabajo. \u201cQueremos seguir apostando a este proyecto. Decidimos armar comisiones de trabajo para generar contenidos y visualizar de una manera m\u00e1s certera lo que trabajamos desde el Concejo y desde Diputados. Los ejes tienen que ver con lo que somos a nivel local, donde hacemos una fuerte oposici\u00f3n, y lo mismo a nivel provincial y nacional, y lo que hacemos es constructivo\u201d, resalt\u00f3 y anunci\u00f3 las posibilidades que ten\u00edan los presentes para trabajar en las comisiones de Deportes, Acci\u00f3n Social y Territorio, Salud y Medio Ambiente, Cultura y Educaci\u00f3n, Seguridad, y Comunicaciones.<\/p>\n<p><img loading=\"lazy\" decoding=\"async\" data-attachment-id=\"61255\" data-permalink=\"https:\/\/www.hoymercedes.com.ar\/principal\/2017\/03\/31\/festival-por-la-educacion-publica-y-de-calidad\/31-selvismo-3-copia\/#main\" data-orig-file=\"https:\/\/www.hoymercedes.com.ar\/principal\/wp-content\/uploads\/2017\/03\/31-selvismo-3-copia.jpg\" data-orig-size=\"630,420\" data-comments-opened=\"0\" data-image-meta=\"{&quot;aperture&quot;:&quot;4&quot;,&quot;credit&quot;:&quot;&quot;,&quot;camera&quot;:&quot;NIKON D3100&quot;,&quot;caption&quot;:&quot;????????????????????????????????????&quot;,&quot;created_timestamp&quot;:&quot;1490908928&quot;,&quot;copyright&quot;:&quot;&quot;,&quot;focal_length&quot;:&quot;26&quot;,&quot;iso&quot;:&quot;2500&quot;,&quot;shutter_speed&quot;:&quot;0.016666666666667&quot;,&quot;title&quot;:&quot;&quot;,&quot;orientation&quot;:&quot;1&quot;}\" data-image-title=\"31 selvismo 3 copia\" data-image-description=\"\" data-image-caption=\"\" data-large-file=\"https:\/\/www.hoymercedes.com.ar\/principal\/wp-content\/uploads\/2017\/03\/31-selvismo-3-copia.jpg\" class=\"aligncenter size-medium wp-image-61255\" src=\"https:\/\/www.hoymercedes.com.ar\/principal\/wp-content\/uploads\/2017\/03\/31-selvismo-3-copia-630x420.jpg\" alt=\"\" width=\"630\" height=\"420\" srcset=\"https:\/\/www.hoymercedes.com.ar\/principal\/wp-content\/uploads\/2017\/03\/31-selvismo-3-copia.jpg 630w, https:\/\/www.hoymercedes.com.ar\/principal\/wp-content\/uploads\/2017\/03\/31-selvismo-3-copia-150x100.jpg 150w, https:\/\/www.hoymercedes.com.ar\/principal\/wp-content\/uploads\/2017\/03\/31-selvismo-3-copia-300x200.jpg 300w\" sizes=\"auto, (max-width: 630px) 100vw, 630px\" \/><\/p>\n<p>El cierre del acto estuvo a cargo del Diputado Nacional Carlos Selva que habl\u00f3 de la pol\u00edtica partidaria y de las pol\u00edticas gubernamentales. Record\u00f3 sus doce a\u00f1os como Intendente Municipal, como sus a\u00f1os de concejal.\u00a0Tambi\u00e9n evoc\u00f3 sus a\u00f1os de disputa con Julio C\u00e9sar Gioscio previa al 2004, como con La C\u00e1mpora desde el 2011. Habl\u00f3 de Sergio Massa y de c\u00f3mo lo quieren \u201csacar\u201d de la escena, pero tambi\u00e9n de la recorrida que hace el Diputado por el interior de la provincia, dando a entender que podr\u00eda ser Massa el candidato a Senador por la provincia de Buenos Aires.<\/p>\n<p><span class=\"embed-youtube\" style=\"text-align:center; display: block;\"><iframe loading=\"lazy\" class=\"youtube-player\" width=\"1200\" height=\"675\" src=\"https:\/\/www.youtube.com\/embed\/_-xB720zEjA?version=3&#038;rel=1&#038;showsearch=0&#038;showinfo=1&#038;iv_load_policy=1&#038;fs=1&#038;hl=es-ES&#038;autohide=2&#038;wmode=transparent\" allowfullscreen=\"true\" style=\"border:0;\" sandbox=\"allow-scripts allow-same-origin allow-popups allow-presentation allow-popups-to-escape-sandbox\"><\/iframe><\/span><\/p>\n","protected":false},"excerpt":{"rendered":"<p>En la noche del jueves, la Agrupaci\u00f3n Pol\u00edtica \u201c17 de Octubre\u201d que encabeza el, ahora, Diputado Nacional Carlos Selva, comenz\u00f3 &#8230; <a title=\"El Selvismo comenz\u00f3 su trabajo previo a las elecciones\" class=\"read-more\" href=\"https:\/\/www.hoymercedes.com.ar\/principal\/2017\/03\/31\/el-selvismo-comenzo-su-trabajo-previo-a-las-elecciones\/\" aria-label=\"Leer m\u00e1s sobre El Selvismo comenz\u00f3 su trabajo previo a las elecciones\">Leer m\u00e1s<\/a><\/p>\n","protected":false},"author":1,"featured_media":61253,"comment_status":"closed","ping_status":"open","sticky":false,"template":"","format":"standard","meta":{"_monsterinsights_skip_tracking":false,"_monsterinsights_sitenote_active":false,"_monsterinsights_sitenote_note":"","_monsterinsights_sitenote_category":0,"jetpack_post_was_ever_published":false,"_jetpack_newsletter_access":"","_jetpack_dont_email_post_to_subs":true,"_jetpack_newsletter_tier_id":0,"_jetpack_memberships_contains_paywalled_content":false,"_jetpack_memberships_contains_paid_content":false,"footnotes":"","jetpack_publicize_message":"","jetpack_publicize_feature_enabled":true,"jetpack_social_post_already_shared":true,"jetpack_social_options":{"image_generator_settings":{"template":"highway","default_image_id":0,"font":"","enabled":false},"version":2},"_wpas_customize_per_network":false},"categories":[5],"tags":[552,4364,39,5319,3648,2854],"class_list":["post-61279","post","type-post","status-publish","format-standard","has-post-thumbnail","hentry","category-politica","tag-agrupacion-17-de-octubre","tag-carlos-milhomme","tag-carlos-selva","tag-politica-2","tag-ricardo-bozzini","tag-sabrina-selva","generate-columns","tablet-grid-50","mobile-grid-100","grid-parent","grid-50"],"jetpack_publicize_connections":[],"jetpack_featured_media_url":"https:\/\/www.hoymercedes.com.ar\/principal\/wp-content\/uploads\/2017\/03\/31-selvismo-1-copia.jpg","wps_subtitle":"Distribuidos en comisi\u00f3n","jetpack_sharing_enabled":true,"jetpack-related-posts":[{"id":63862,"url":"https:\/\/www.hoymercedes.com.ar\/principal\/2017\/06\/15\/mirta-tundis-y-carlos-selva-presentaran-proyectos-para-discapacitados-y-jubilados\/","url_meta":{"origin":61279,"position":0},"title":"Mirta Tundis y Carlos Selva presentar\u00e1n proyectos para discapacitados y jubilados","author":"hoymercedes","date":"15 junio, 2017","format":false,"excerpt":"Este viernes 16 de junio, a partir de la hora 17, estar\u00e1n presentes en la ciudad para hablar con los vecinos los diputados nacionales Mirta Tundis y el local Carlos Selva. La disertaci\u00f3n se har\u00e1 en la sede de la Agrupaci\u00f3n \"17 de Octubre\" (30, entre 25 y 23). Los\u2026","rel":"","context":"En \u00abPol\u00edtica\u00bb","block_context":{"text":"Pol\u00edtica","link":"https:\/\/www.hoymercedes.com.ar\/principal\/category\/politica\/"},"img":{"alt_text":"","src":"https:\/\/i0.wp.com\/www.hoymercedes.com.ar\/principal\/wp-content\/uploads\/2017\/06\/15-selva-tundis.jpg?resize=350%2C200&ssl=1","width":350,"height":200,"srcset":"https:\/\/i0.wp.com\/www.hoymercedes.com.ar\/principal\/wp-content\/uploads\/2017\/06\/15-selva-tundis.jpg?resize=350%2C200&ssl=1 1x, https:\/\/i0.wp.com\/www.hoymercedes.com.ar\/principal\/wp-content\/uploads\/2017\/06\/15-selva-tundis.jpg?resize=525%2C300&ssl=1 1.5x"},"classes":[]},{"id":58356,"url":"https:\/\/www.hoymercedes.com.ar\/principal\/2016\/12\/23\/militantes-selvistas-brindaron-por-el-nuevo-ano\/","url_meta":{"origin":61279,"position":1},"title":"Militantes Selvistas brindaron por el nuevo a\u00f1o","author":"hoymercedes","date":"23 diciembre, 2016","format":false,"excerpt":"En la noche del \u00faltimo jueves, la Agrupaci\u00f3n 17 de Octubre del Frente Renovador-PJ \u00a0que conduce el Diputado Nacional Carlos Selva, realiz\u00f3 el tradicional brindis de fin de a\u00f1o para agasajar a sus militantes. El evento se realiz\u00f3 en la sede de esa agrupaci\u00f3n\u00a0con la\u00a0participaci\u00f3n de m\u00e1s de un centenar\u2026","rel":"","context":"En \u00abPol\u00edtica\u00bb","block_context":{"text":"Pol\u00edtica","link":"https:\/\/www.hoymercedes.com.ar\/principal\/category\/politica\/"},"img":{"alt_text":"","src":"https:\/\/i0.wp.com\/www.hoymercedes.com.ar\/principal\/wp-content\/uploads\/2016\/12\/23-brindis-selva.jpg?resize=350%2C200&ssl=1","width":350,"height":200,"srcset":"https:\/\/i0.wp.com\/www.hoymercedes.com.ar\/principal\/wp-content\/uploads\/2016\/12\/23-brindis-selva.jpg?resize=350%2C200&ssl=1 1x, https:\/\/i0.wp.com\/www.hoymercedes.com.ar\/principal\/wp-content\/uploads\/2016\/12\/23-brindis-selva.jpg?resize=525%2C300&ssl=1 1.5x"},"classes":[]},{"id":134871,"url":"https:\/\/www.hoymercedes.com.ar\/principal\/2021\/08\/07\/frente-renovador-presento-a-sus-candidatos-que-integran-la-lista-local-de-frente-de-todos\/","url_meta":{"origin":61279,"position":2},"title":"Frente Renovador present\u00f3 a sus candidatos que integran la lista local de Frente de Todos","author":"hoymercedes","date":"7 agosto, 2021","format":false,"excerpt":"Se trata de los docentes Ramiro Piccone, que est\u00e1 en cuarto t\u00e9rmino para ocupar una banca en el HCD, y de Ver\u00f3nica Durand, que est\u00e1 en segundo t\u00e9rmino en la lista de Consejeros Escolares. El dirigente de la Agrupaci\u00f3n \"17 de Octubre\", el Diputado Carlos Selva, estuvo acompa\u00f1ado de los\u2026","rel":"","context":"En \u00abPASO 2021\u00bb","block_context":{"text":"PASO 2021","link":"https:\/\/www.hoymercedes.com.ar\/principal\/category\/paso-2021\/"},"img":{"alt_text":"","src":"https:\/\/i0.wp.com\/www.hoymercedes.com.ar\/principal\/wp-content\/uploads\/2021\/08\/Selva-1.jpg?resize=350%2C200&ssl=1","width":350,"height":200,"srcset":"https:\/\/i0.wp.com\/www.hoymercedes.com.ar\/principal\/wp-content\/uploads\/2021\/08\/Selva-1.jpg?resize=350%2C200&ssl=1 1x, https:\/\/i0.wp.com\/www.hoymercedes.com.ar\/principal\/wp-content\/uploads\/2021\/08\/Selva-1.jpg?resize=525%2C300&ssl=1 1.5x, https:\/\/i0.wp.com\/www.hoymercedes.com.ar\/principal\/wp-content\/uploads\/2021\/08\/Selva-1.jpg?resize=700%2C400&ssl=1 2x"},"classes":[]},{"id":66406,"url":"https:\/\/www.hoymercedes.com.ar\/principal\/2017\/08\/26\/referente-locales-de-1-pais-analizaron-panorama-electoral-de-cara-a-octubre\/","url_meta":{"origin":61279,"position":3},"title":"Referente locales de 1 Pa\u00eds analizaron panorama electoral de cara a octubre","author":"hoymercedes","date":"26 agosto, 2017","format":false,"excerpt":"Los m\u00e1ximos referente locales del Frente 1Pa\u00eds participaron de una cumbre de candidatos y referentes de ese espacio pol\u00edtico, para analizar los resultados electorales de las PASO y diagramar el trabajo de cara a las elecciones generales del pr\u00f3ximo 22 de octubre. El Diputado Nacional Carlos Selva, el Presidente del\u2026","rel":"","context":"En \u00abPol\u00edtica\u00bb","block_context":{"text":"Pol\u00edtica","link":"https:\/\/www.hoymercedes.com.ar\/principal\/category\/politica\/"},"img":{"alt_text":"","src":"https:\/\/i0.wp.com\/www.hoymercedes.com.ar\/principal\/wp-content\/uploads\/2017\/08\/26-1pais.jpg?resize=350%2C200&ssl=1","width":350,"height":200,"srcset":"https:\/\/i0.wp.com\/www.hoymercedes.com.ar\/principal\/wp-content\/uploads\/2017\/08\/26-1pais.jpg?resize=350%2C200&ssl=1 1x, https:\/\/i0.wp.com\/www.hoymercedes.com.ar\/principal\/wp-content\/uploads\/2017\/08\/26-1pais.jpg?resize=525%2C300&ssl=1 1.5x"},"classes":[]},{"id":87223,"url":"https:\/\/www.hoymercedes.com.ar\/principal\/2019\/01\/23\/selva-sobre-milhomme-es-un-muy-buen-candidato\/","url_meta":{"origin":61279,"position":4},"title":"Selva sobre Milhomme: \u201cEs un muy buen candidato\u201d","author":"hoymercedes","date":"23 enero, 2019","format":false,"excerpt":"En primer lugar, ante la requisitoria \u2013 y ante el inminente final de su periodo en la C\u00e1mara el pr\u00f3ximo 10 de diciembre \u2013 indic\u00f3: \u201ca\u00fan no tengo decidido que voy a hacer\u201d. Tras las declaraciones de Carlos Milhomme sobre sus intenciones de ser candidato por nuestra ciudad, el referente\u2026","rel":"","context":"En \u00abPol\u00edtica\u00bb","block_context":{"text":"Pol\u00edtica","link":"https:\/\/www.hoymercedes.com.ar\/principal\/category\/politica\/"},"img":{"alt_text":"","src":"https:\/\/i0.wp.com\/www.hoymercedes.com.ar\/principal\/wp-content\/uploads\/2018\/10\/24-selvaenyou.jpg?resize=350%2C200&ssl=1","width":350,"height":200},"classes":[]},{"id":19075,"url":"https:\/\/www.hoymercedes.com.ar\/principal\/2012\/12\/28\/selva-tenemos-una-forma-distinta-de-hacer-politica-con-identidad-y-respeto\/","url_meta":{"origin":61279,"position":5},"title":"Selva: \u00abTenemos una forma distinta de hacer pol\u00edtica, con identidad y respeto\u00bb","author":"hoymercedes","date":"28 diciembre, 2012","format":false,"excerpt":"agrupaci \"Tenemos una forma distinta de hacer\u00a0pol\u00edtica, con identidad y respeto\", fueron las palabras del intendente Carlos Selva en la despedida del a\u00f1o que llevaron adelante en la sede partidaria de calle 29 entre 20 y 22 con un importante marco de p\u00fablico que particip\u00f3 del brindes con miras al\u2026","rel":"","context":"En \u00abPol\u00edtica\u00bb","block_context":{"text":"Pol\u00edtica","link":"https:\/\/www.hoymercedes.com.ar\/principal\/category\/politica\/"},"img":{"alt_text":"Agrupacion-17deOctubre","src":"https:\/\/i0.wp.com\/www.hoymercedes.com.ar\/principal\/wp-content\/uploads\/2012\/12\/Agrupacion-17deOctubre.jpg?resize=350%2C200","width":350,"height":200,"srcset":"https:\/\/i0.wp.com\/www.hoymercedes.com.ar\/principal\/wp-content\/uploads\/2012\/12\/Agrupacion-17deOctubre.jpg?resize=350%2C200 1x, https:\/\/i0.wp.com\/www.hoymercedes.com.ar\/principal\/wp-content\/uploads\/2012\/12\/Agrupacion-17deOctubre.jpg?resize=525%2C300 1.5x"},"classes":[]}],"_links":{"self":[{"href":"https:\/\/www.hoymercedes.com.ar\/principal\/wp-json\/wp\/v2\/posts\/61279","targetHints":{"allow":["GET"]}}],"collection":[{"href":"https:\/\/www.hoymercedes.com.ar\/principal\/wp-json\/wp\/v2\/posts"}],"about":[{"href":"https:\/\/www.hoymercedes.com.ar\/principal\/wp-json\/wp\/v2\/types\/post"}],"author":[{"embeddable":true,"href":"https:\/\/www.hoymercedes.com.ar\/principal\/wp-json\/wp\/v2\/users\/1"}],"replies":[{"embeddable":true,"href":"https:\/\/www.hoymercedes.com.ar\/principal\/wp-json\/wp\/v2\/comments?post=61279"}],"version-history":[{"count":0,"href":"https:\/\/www.hoymercedes.com.ar\/principal\/wp-json\/wp\/v2\/posts\/61279\/revisions"}],"wp:featuredmedia":[{"embeddable":true,"href":"https:\/\/www.hoymercedes.com.ar\/principal\/wp-json\/wp\/v2\/media\/61253"}],"wp:attachment":[{"href":"https:\/\/www.hoymercedes.com.ar\/principal\/wp-json\/wp\/v2\/media?parent=61279"}],"wp:term":[{"taxonomy":"category","embeddable":true,"href":"https:\/\/www.hoymercedes.com.ar\/principal\/wp-json\/wp\/v2\/categories?post=61279"},{"taxonomy":"post_tag","embeddable":true,"href":"https:\/\/www.hoymercedes.com.ar\/principal\/wp-json\/wp\/v2\/tags?post=61279"}],"curies":[{"name":"wp","href":"https:\/\/api.w.org\/{rel}","templated":true}]}}