{"id":61297,"date":"2017-04-01T10:15:57","date_gmt":"2017-04-01T13:15:57","guid":{"rendered":"http:\/\/www.hoymercedes.com.ar\/principal\/?p=61297"},"modified":"2017-03-31T22:58:04","modified_gmt":"2017-04-01T01:58:04","slug":"recordaron-a-raul-alfonsin-a-ocho-anos-de-su-fallecimiento","status":"publish","type":"post","link":"https:\/\/www.hoymercedes.com.ar\/principal\/2017\/04\/01\/recordaron-a-raul-alfonsin-a-ocho-anos-de-su-fallecimiento\/","title":{"rendered":"Recordaron a Ra\u00fal Alfons\u00edn a ocho a\u00f1os de su fallecimiento"},"content":{"rendered":"<p>En el monumento que los recuerda, la UCR Mercedes record\u00f3 al primer presidente del per\u00edodo democr\u00e1tico actual. Guillermo San Mart\u00edn, habl\u00f3 ante los presentes y destac\u00f3 diferentes dichos del ex presidente fallecido en 2009.<\/p>\n<p><img loading=\"lazy\" decoding=\"async\" data-attachment-id=\"61285\" data-permalink=\"https:\/\/www.hoymercedes.com.ar\/principal\/2017\/03\/31\/repudio-de-ustarroz-y-concejales-del-fmpv-por-pintadas-a-espacio-politico\/31-alfonsin-3-2\/#main\" data-orig-file=\"https:\/\/www.hoymercedes.com.ar\/principal\/wp-content\/uploads\/2017\/03\/31-Alfonsin-3.jpg\" data-orig-size=\"630,420\" data-comments-opened=\"0\" data-image-meta=\"{&quot;aperture&quot;:&quot;7.1&quot;,&quot;credit&quot;:&quot;&quot;,&quot;camera&quot;:&quot;NIKON D3100&quot;,&quot;caption&quot;:&quot;&quot;,&quot;created_timestamp&quot;:&quot;1490957446&quot;,&quot;copyright&quot;:&quot;&quot;,&quot;focal_length&quot;:&quot;18&quot;,&quot;iso&quot;:&quot;100&quot;,&quot;shutter_speed&quot;:&quot;0.00625&quot;,&quot;title&quot;:&quot;&quot;,&quot;orientation&quot;:&quot;1&quot;}\" data-image-title=\"31 Alfonsin 3\" data-image-description=\"\" data-image-caption=\"\" data-large-file=\"https:\/\/www.hoymercedes.com.ar\/principal\/wp-content\/uploads\/2017\/03\/31-Alfonsin-3.jpg\" class=\"aligncenter size-medium wp-image-61285\" src=\"https:\/\/www.hoymercedes.com.ar\/principal\/wp-content\/uploads\/2017\/03\/31-Alfonsin-3-630x420.jpg\" alt=\"\" width=\"630\" height=\"420\" srcset=\"https:\/\/www.hoymercedes.com.ar\/principal\/wp-content\/uploads\/2017\/03\/31-Alfonsin-3.jpg 630w, https:\/\/www.hoymercedes.com.ar\/principal\/wp-content\/uploads\/2017\/03\/31-Alfonsin-3-150x100.jpg 150w, https:\/\/www.hoymercedes.com.ar\/principal\/wp-content\/uploads\/2017\/03\/31-Alfonsin-3-300x200.jpg 300w\" sizes=\"auto, (max-width: 630px) 100vw, 630px\" \/><\/p>\n<p>\u201cEn el octavo aniversario del fallecimiento de qui\u00e9n fuera uno de los m\u00e1s grandes pol\u00edticos que tuvo el pa\u00eds, nos reunimos aqu\u00ed, en el monumento que recuerda a Ra\u00fal Alfons\u00edn\u201d, expres\u00f3 el titular de la UCR Mercedes Edgard Killmeatte que agradeci\u00f3 la presencia de correligionarios, funcionarios y concejales de la ciudad en el monumento del boulevard 30, entre 15 y 17.<\/p>\n<p>Ante los presentes, Guillermo San Mart\u00edn evoc\u00f3 a Alfons\u00edn citando muchos de sus dichos, y record\u00f3 a los dirigentes radicales fallecidos en el \u00faltimo a\u00f1o, Lucas Fal y Roberto Bigatti. \u201cEstamos triste porque se suceden hechos, actitudes, palabras, que a mi manera de pensar est\u00e1n poniendo en riesgo la rep\u00fablica\u201d, dijo San Mart\u00edn.<\/p>\n<p>\u201cTenemos que reaccionar. Hay que hacer todo lo que se pueda para mantener la unidad, para mantener la Rep\u00fablica Argentina que cost\u00f3 tantas luchas, desde la Independencia, y antes, para adelante. Tenemos que rescatar valores esenciales: di\u00e1logo, tolerancia, no violencia, uni\u00f3n nacional, y amor entre los argentinos. A d\u00f3nde encontramos las mayores ense\u00f1anzas para mantener, sostener, y hacer carne esos valores en las palabras de Don Ra\u00fal\u201d, dijo San Mart\u00edn para leer extractos de diferentes discursos de Alfons\u00edn en cuanto al \u201cdi\u00e1logo\u201d y cont\u00f3 el trabajo que est\u00e1 llevando adelante el radicalismo nacional para dialogar con la oposici\u00f3n y el gobierno.<\/p>\n<p><img loading=\"lazy\" decoding=\"async\" data-attachment-id=\"61283\" data-permalink=\"https:\/\/www.hoymercedes.com.ar\/principal\/2017\/03\/31\/repudio-de-ustarroz-y-concejales-del-fmpv-por-pintadas-a-espacio-politico\/31-alfonsin-1-2\/#main\" data-orig-file=\"https:\/\/www.hoymercedes.com.ar\/principal\/wp-content\/uploads\/2017\/03\/31-Alfonsin-1.jpg\" data-orig-size=\"630,420\" data-comments-opened=\"0\" data-image-meta=\"{&quot;aperture&quot;:&quot;8&quot;,&quot;credit&quot;:&quot;&quot;,&quot;camera&quot;:&quot;NIKON D3100&quot;,&quot;caption&quot;:&quot;&quot;,&quot;created_timestamp&quot;:&quot;1490957501&quot;,&quot;copyright&quot;:&quot;&quot;,&quot;focal_length&quot;:&quot;55&quot;,&quot;iso&quot;:&quot;100&quot;,&quot;shutter_speed&quot;:&quot;0.004&quot;,&quot;title&quot;:&quot;&quot;,&quot;orientation&quot;:&quot;1&quot;}\" data-image-title=\"31 Alfonsin 1\" data-image-description=\"\" data-image-caption=\"\" data-large-file=\"https:\/\/www.hoymercedes.com.ar\/principal\/wp-content\/uploads\/2017\/03\/31-Alfonsin-1.jpg\" class=\"aligncenter size-medium wp-image-61283\" src=\"https:\/\/www.hoymercedes.com.ar\/principal\/wp-content\/uploads\/2017\/03\/31-Alfonsin-1-630x420.jpg\" alt=\"\" width=\"630\" height=\"420\" srcset=\"https:\/\/www.hoymercedes.com.ar\/principal\/wp-content\/uploads\/2017\/03\/31-Alfonsin-1.jpg 630w, https:\/\/www.hoymercedes.com.ar\/principal\/wp-content\/uploads\/2017\/03\/31-Alfonsin-1-150x100.jpg 150w, https:\/\/www.hoymercedes.com.ar\/principal\/wp-content\/uploads\/2017\/03\/31-Alfonsin-1-300x200.jpg 300w\" sizes=\"auto, (max-width: 630px) 100vw, 630px\" \/><\/p>\n<p>\u201cLos dichos de Alfons\u00edn son palabras que sirven para siempre. Siendo nuestro partido oposici\u00f3n, hubo oficialismo y hemos dialogado. En el discurso de la 9 de Julio en 1983 donde un mill\u00f3n de personas estuvieron presentes, Alfons\u00edn habl\u00f3 de la exposici\u00f3n de ideas y de la predisposici\u00f3n de convencer y que nos convenzan, para as\u00ed asegurar la libertad y la tolerancia, bases de la democracia. Si tolerancia, no hay democracia. Alfons\u00edn tambi\u00e9n habl\u00f3 de la tolerancia en el discurso de 1983\u201d, agreg\u00f3 San Mart\u00edn y ley\u00f3 el p\u00e1rrafo que habla del tema y record\u00f3 cuando Cristina Fern\u00e1ndez inaugur\u00f3 el busto y el mismo Alfons\u00edn habl\u00f3 de la intolerancia y el manique\u00edsmo.<\/p>\n<p>Tambi\u00e9n San Mart\u00edn, hizo referencia de los actos del 24 de marzo de la semana pasada y a los dichos de los discursos de ese d\u00eda, para luego citar a Alfons\u00edn en su discurso de octubre de 1983: \u201ccuando denunciemos a quienes proponen de uno u otro modo, perpetuar la violencia, la prepotencia o la intolerancia como m\u00e9todo de gobierno, lo haremos. Lo que nos preocupa es que este m\u00e9todo destructivo sigue imperando en nuestra patria. Sigue aniquilando los esfuerzos de todos los argentinos, que siga conden\u00e1ndonos como nos condena hasta ahora a ser un pa\u00eds en guerra con nosotros mismos\u201d. Mientras que en otro discurso posterior, Alfons\u00edn dijo que \u201cel radicalismo siempre se opuso a que una peque\u00f1a minor\u00eda de la poblaci\u00f3n, considerada a s\u00ed misma como combatientes se erigiera en gobierno en remplazo del pueblo\u201d.<\/p>\n<p>&nbsp;<\/p>\n<p>Textos: Clarisa Altieri<\/p>\n","protected":false},"excerpt":{"rendered":"<p>En el monumento que los recuerda, la UCR Mercedes record\u00f3 al primer presidente del per\u00edodo democr\u00e1tico actual. Guillermo San Mart\u00edn, &#8230; <a title=\"Recordaron a Ra\u00fal Alfons\u00edn a ocho a\u00f1os de su fallecimiento\" class=\"read-more\" href=\"https:\/\/www.hoymercedes.com.ar\/principal\/2017\/04\/01\/recordaron-a-raul-alfonsin-a-ocho-anos-de-su-fallecimiento\/\" aria-label=\"Leer m\u00e1s sobre Recordaron a Ra\u00fal Alfons\u00edn a ocho a\u00f1os de su fallecimiento\">Leer m\u00e1s<\/a><\/p>\n","protected":false},"author":1,"featured_media":61284,"comment_status":"closed","ping_status":"open","sticky":false,"template":"","format":"standard","meta":{"_monsterinsights_skip_tracking":false,"_monsterinsights_sitenote_active":false,"_monsterinsights_sitenote_note":"","_monsterinsights_sitenote_category":0,"jetpack_post_was_ever_published":false,"_jetpack_newsletter_access":"","_jetpack_dont_email_post_to_subs":false,"_jetpack_newsletter_tier_id":0,"_jetpack_memberships_contains_paywalled_content":false,"_jetpack_memberships_contains_paid_content":false,"footnotes":"","jetpack_publicize_message":"","jetpack_publicize_feature_enabled":true,"jetpack_social_post_already_shared":true,"jetpack_social_options":{"image_generator_settings":{"template":"highway","default_image_id":0,"font":"","enabled":false},"version":2},"_wpas_customize_per_network":false},"categories":[5],"tags":[8834,5319,5774,4961,217],"class_list":["post-61297","post","type-post","status-publish","format-standard","has-post-thumbnail","hentry","category-politica","tag-homenaje","tag-politica-2","tag-radicalismo","tag-raul-alfonsin","tag-ucr-mercedes","generate-columns","tablet-grid-50","mobile-grid-100","grid-parent","grid-50"],"jetpack_publicize_connections":[],"jetpack_featured_media_url":"https:\/\/www.hoymercedes.com.ar\/principal\/wp-content\/uploads\/2017\/03\/31-Alfonsin-2.jpg","wps_subtitle":"Acto de la UCR Mercedes","jetpack_sharing_enabled":true,"jetpack-related-posts":[{"id":127340,"url":"https:\/\/www.hoymercedes.com.ar\/principal\/2021\/04\/01\/ucr-homenajeo-a-alfonsin-a-12-anos-de-su-fallecimiento\/","url_meta":{"origin":61297,"position":0},"title":"UCR homenaje\u00f3 a Alfons\u00edn a 12 a\u00f1os de su fallecimiento","author":"hoymercedes","date":"1 abril, 2021","format":false,"excerpt":"En el mediod\u00eda del d\u00eda mi\u00e9rcoles, un grupo de radicales de Mercedes se hicieron presentes en el monumento para hacer un breve y sencillo homenaje al ex presidente Ra\u00fal R. Alfons\u00edn. Durante el acto, qui\u00e9n tom\u00f3 la palabra fue el concejal Esteban Biagini que enfatiz\u00f3 en la continuidad del legado\u2026","rel":"","context":"En \u00abPol\u00edtica\u00bb","block_context":{"text":"Pol\u00edtica","link":"https:\/\/www.hoymercedes.com.ar\/principal\/category\/politica\/"},"img":{"alt_text":"","src":"https:\/\/i0.wp.com\/www.hoymercedes.com.ar\/principal\/wp-content\/uploads\/2021\/04\/01-ucr-alfonsin-1.jpg?resize=350%2C200&ssl=1","width":350,"height":200,"srcset":"https:\/\/i0.wp.com\/www.hoymercedes.com.ar\/principal\/wp-content\/uploads\/2021\/04\/01-ucr-alfonsin-1.jpg?resize=350%2C200&ssl=1 1x, https:\/\/i0.wp.com\/www.hoymercedes.com.ar\/principal\/wp-content\/uploads\/2021\/04\/01-ucr-alfonsin-1.jpg?resize=525%2C300&ssl=1 1.5x, https:\/\/i0.wp.com\/www.hoymercedes.com.ar\/principal\/wp-content\/uploads\/2021\/04\/01-ucr-alfonsin-1.jpg?resize=700%2C400&ssl=1 2x"},"classes":[]},{"id":126891,"url":"https:\/\/www.hoymercedes.com.ar\/principal\/2021\/03\/24\/ucr-mercedes-planto-memoria-en-el-monumento-a-alfonsin\/","url_meta":{"origin":61297,"position":1},"title":"UCR Mercedes plant\u00f3 memoria en el monumento a Alfons\u00edn","author":"hoymercedes","date":"24 marzo, 2021","format":false,"excerpt":"Acto UCR Mercedes. Plantan un \u00e1rbol a la memoria de Ra\u00fal R. Alfons\u00edn, a metros del monumento que lo recuerda. Las palabras del presidente de la UCR Mercedes, Juan Navarro. Est\u00e1n presentes entre otros el Senador Provincial Roberto Costa y el historiador y director del CBC de la UBA Jorge\u2026","rel":"","context":"En \u00abPol\u00edtica\u00bb","block_context":{"text":"Pol\u00edtica","link":"https:\/\/www.hoymercedes.com.ar\/principal\/category\/politica\/"},"img":{"alt_text":"","src":"https:\/\/i0.wp.com\/www.hoymercedes.com.ar\/principal\/wp-content\/uploads\/2021\/03\/24-UCR-Memoria-1.jpg?resize=350%2C200&ssl=1","width":350,"height":200,"srcset":"https:\/\/i0.wp.com\/www.hoymercedes.com.ar\/principal\/wp-content\/uploads\/2021\/03\/24-UCR-Memoria-1.jpg?resize=350%2C200&ssl=1 1x, https:\/\/i0.wp.com\/www.hoymercedes.com.ar\/principal\/wp-content\/uploads\/2021\/03\/24-UCR-Memoria-1.jpg?resize=525%2C300&ssl=1 1.5x, https:\/\/i0.wp.com\/www.hoymercedes.com.ar\/principal\/wp-content\/uploads\/2021\/03\/24-UCR-Memoria-1.jpg?resize=700%2C400&ssl=1 2x"},"classes":[]},{"id":146027,"url":"https:\/\/www.hoymercedes.com.ar\/principal\/2022\/03\/31\/recordaron-a-raul-alfonsin-a-13-anos-de-su-fallecimiento\/","url_meta":{"origin":61297,"position":2},"title":"Recordaron a Ra\u00fal Alfons\u00edn a 13 a\u00f1os de su fallecimiento","author":"hoymercedes","date":"31 marzo, 2022","format":false,"excerpt":"Pasado el mediod\u00eda, la UCR Mercedes realiz\u00f3 un acto conmemorativo en el 13\u00b0 aniversario del fallecimiento del ex presidente Ra\u00fal Ricardo Alfons\u00edn. En el monumento que recuerda al \"gran padre de la democracia\" en el bulevar de 30, entre 17 y 15, el recuerdo se centr\u00f3 en las palabras de\u2026","rel":"","context":"En \u00abPol\u00edtica\u00bb","block_context":{"text":"Pol\u00edtica","link":"https:\/\/www.hoymercedes.com.ar\/principal\/category\/politica\/"},"img":{"alt_text":"","src":"https:\/\/i0.wp.com\/www.hoymercedes.com.ar\/principal\/wp-content\/uploads\/2022\/03\/2022-03-31-6.png?resize=350%2C200&ssl=1","width":350,"height":200,"srcset":"https:\/\/i0.wp.com\/www.hoymercedes.com.ar\/principal\/wp-content\/uploads\/2022\/03\/2022-03-31-6.png?resize=350%2C200&ssl=1 1x, https:\/\/i0.wp.com\/www.hoymercedes.com.ar\/principal\/wp-content\/uploads\/2022\/03\/2022-03-31-6.png?resize=525%2C300&ssl=1 1.5x, https:\/\/i0.wp.com\/www.hoymercedes.com.ar\/principal\/wp-content\/uploads\/2022\/03\/2022-03-31-6.png?resize=700%2C400&ssl=1 2x"},"classes":[]},{"id":121583,"url":"https:\/\/www.hoymercedes.com.ar\/principal\/2020\/12\/11\/homanaje-a-raul-alfonsin-a-37-anos-de-su-asuncion-como-presidente\/","url_meta":{"origin":61297,"position":3},"title":"Homanaje a Ra\u00fal Alfons\u00edn a 37 a\u00f1os de su asunci\u00f3n como presidente","author":"hoymercedes","date":"11 diciembre, 2020","format":false,"excerpt":"El Comit\u00e9 de Distrito de la UCR organiz\u00f3 un acto frente a su monumento. Se\u00f1alaron la importancia de su figura equipar\u00e1ndola a los grandes pr\u00f3ceres que tuvo la Argentina Este jueves, pasadas las 19.30 varios integrantes del Comit\u00e9 de la UCR de Mercedes se congregaron frente al monumento que recuerda\u2026","rel":"","context":"En \u00abPol\u00edtica\u00bb","block_context":{"text":"Pol\u00edtica","link":"https:\/\/www.hoymercedes.com.ar\/principal\/category\/politica\/"},"img":{"alt_text":"","src":"https:\/\/i0.wp.com\/www.hoymercedes.com.ar\/principal\/wp-content\/uploads\/2020\/12\/11-ucr-alfonsin-1.jpeg?resize=350%2C200&ssl=1","width":350,"height":200,"srcset":"https:\/\/i0.wp.com\/www.hoymercedes.com.ar\/principal\/wp-content\/uploads\/2020\/12\/11-ucr-alfonsin-1.jpeg?resize=350%2C200&ssl=1 1x, https:\/\/i0.wp.com\/www.hoymercedes.com.ar\/principal\/wp-content\/uploads\/2020\/12\/11-ucr-alfonsin-1.jpeg?resize=525%2C300&ssl=1 1.5x, https:\/\/i0.wp.com\/www.hoymercedes.com.ar\/principal\/wp-content\/uploads\/2020\/12\/11-ucr-alfonsin-1.jpeg?resize=700%2C400&ssl=1 2x"},"classes":[]},{"id":193946,"url":"https:\/\/www.hoymercedes.com.ar\/principal\/2026\/03\/31\/ucr-mercedes-homenajeo-a-raul-alfonsin-y-reafirmo-su-compromiso-democratico\/","url_meta":{"origin":61297,"position":4},"title":"UCR Mercedes homenaje\u00f3 a Ra\u00fal Alfons\u00edn y reafirm\u00f3 su compromiso democr\u00e1tico","author":"hoymercedes","date":"31 marzo, 2026","format":false,"excerpt":"La Uni\u00f3n C\u00edvica Radical de Mercedes llev\u00f3 adelante un acto conmemorativo en homenaje al expresidente Ra\u00fal Alfons\u00edn, en el marco de un nuevo aniversario del golpe de Estado de 1976 y a 50 a\u00f1os del quiebre institucional en el pa\u00eds. La actividad se desarroll\u00f3 en el monumento dedicado al l\u00edder\u2026","rel":"","context":"En \u00abPol\u00edtica\u00bb","block_context":{"text":"Pol\u00edtica","link":"https:\/\/www.hoymercedes.com.ar\/principal\/category\/politica\/"},"img":{"alt_text":"","src":"https:\/\/i0.wp.com\/www.hoymercedes.com.ar\/principal\/wp-content\/uploads\/2026\/03\/image-108.png?resize=350%2C200&ssl=1","width":350,"height":200,"srcset":"https:\/\/i0.wp.com\/www.hoymercedes.com.ar\/principal\/wp-content\/uploads\/2026\/03\/image-108.png?resize=350%2C200&ssl=1 1x, https:\/\/i0.wp.com\/www.hoymercedes.com.ar\/principal\/wp-content\/uploads\/2026\/03\/image-108.png?resize=525%2C300&ssl=1 1.5x, https:\/\/i0.wp.com\/www.hoymercedes.com.ar\/principal\/wp-content\/uploads\/2026\/03\/image-108.png?resize=700%2C400&ssl=1 2x, https:\/\/i0.wp.com\/www.hoymercedes.com.ar\/principal\/wp-content\/uploads\/2026\/03\/image-108.png?resize=1050%2C600&ssl=1 3x"},"classes":[]},{"id":61207,"url":"https:\/\/www.hoymercedes.com.ar\/principal\/2017\/03\/29\/acto-homenaje-a-raul-alfonsin\/","url_meta":{"origin":61297,"position":5},"title":"Acto homenaje a Ra\u00fal Alfons\u00edn","author":"hoymercedes","date":"29 marzo, 2017","format":false,"excerpt":"En el octavo aniversario del fallecimiento del ex presidente Ra\u00fal Alfons\u00edn, la Uni\u00f3n C\u00edvica Radical de Mercedes hace extensiva la invitaci\u00f3n para el acto homenaje que se realizar\u00e1 este viernes 31 de marzo en el monumento que recuerda al primer presidente del per\u00edodo democr\u00e1tico que estamos viviendo. En el bulevar\u2026","rel":"","context":"En \u00abCiudad\u00bb","block_context":{"text":"Ciudad","link":"https:\/\/www.hoymercedes.com.ar\/principal\/category\/ciudad\/"},"img":{"alt_text":"","src":"","width":0,"height":0},"classes":[]}],"_links":{"self":[{"href":"https:\/\/www.hoymercedes.com.ar\/principal\/wp-json\/wp\/v2\/posts\/61297","targetHints":{"allow":["GET"]}}],"collection":[{"href":"https:\/\/www.hoymercedes.com.ar\/principal\/wp-json\/wp\/v2\/posts"}],"about":[{"href":"https:\/\/www.hoymercedes.com.ar\/principal\/wp-json\/wp\/v2\/types\/post"}],"author":[{"embeddable":true,"href":"https:\/\/www.hoymercedes.com.ar\/principal\/wp-json\/wp\/v2\/users\/1"}],"replies":[{"embeddable":true,"href":"https:\/\/www.hoymercedes.com.ar\/principal\/wp-json\/wp\/v2\/comments?post=61297"}],"version-history":[{"count":0,"href":"https:\/\/www.hoymercedes.com.ar\/principal\/wp-json\/wp\/v2\/posts\/61297\/revisions"}],"wp:featuredmedia":[{"embeddable":true,"href":"https:\/\/www.hoymercedes.com.ar\/principal\/wp-json\/wp\/v2\/media\/61284"}],"wp:attachment":[{"href":"https:\/\/www.hoymercedes.com.ar\/principal\/wp-json\/wp\/v2\/media?parent=61297"}],"wp:term":[{"taxonomy":"category","embeddable":true,"href":"https:\/\/www.hoymercedes.com.ar\/principal\/wp-json\/wp\/v2\/categories?post=61297"},{"taxonomy":"post_tag","embeddable":true,"href":"https:\/\/www.hoymercedes.com.ar\/principal\/wp-json\/wp\/v2\/tags?post=61297"}],"curies":[{"name":"wp","href":"https:\/\/api.w.org\/{rel}","templated":true}]}}