{"id":61333,"date":"2017-04-02T16:01:41","date_gmt":"2017-04-02T19:01:41","guid":{"rendered":"http:\/\/www.hoymercedes.com.ar\/principal\/?p=61333"},"modified":"2017-04-02T21:54:19","modified_gmt":"2017-04-03T00:54:19","slug":"trocha-pago-caro-no-definirlo-en-casa-y-quedo-eliminado","status":"publish","type":"post","link":"https:\/\/www.hoymercedes.com.ar\/principal\/2017\/04\/02\/trocha-pago-caro-no-definirlo-en-casa-y-quedo-eliminado\/","title":{"rendered":"Trocha pag\u00f3 caro no definirlo en casa y qued\u00f3 eliminado"},"content":{"rendered":"<p><strong>Texto: La Pelota no Pica. Foto: Juan Dagnino.<\/strong><em><strong> Al SATSAID todo le cuesta un poco mas, ser\u00e1 justamente porque es un Sindicato de trabajadores que todo cuesta un poco m\u00e1s, nunca se gan\u00e1 facil, nunca. No hay partidos que uno pueda sentarse y hablar con el de al lado y comentar: que lindo d\u00eda hace, se sufre hasta el final se\u00f1ores, siempre y hoy no fue la excepci\u00f3n.<\/strong><\/em><\/p>\n<p><img loading=\"lazy\" decoding=\"async\" data-attachment-id=\"61337\" data-permalink=\"https:\/\/www.hoymercedes.com.ar\/principal\/2017\/04\/02\/trocha-pago-caro-no-definirlo-en-casa-y-quedo-eliminado\/img_5238\/#main\" data-orig-file=\"https:\/\/www.hoymercedes.com.ar\/principal\/wp-content\/uploads\/2017\/04\/IMG_5238.jpg\" data-orig-size=\"650,433\" data-comments-opened=\"0\" data-image-meta=\"{&quot;aperture&quot;:&quot;10&quot;,&quot;credit&quot;:&quot;&quot;,&quot;camera&quot;:&quot;Canon EOS DIGITAL REBEL XSi&quot;,&quot;caption&quot;:&quot;&quot;,&quot;created_timestamp&quot;:&quot;1491065503&quot;,&quot;copyright&quot;:&quot;&quot;,&quot;focal_length&quot;:&quot;38&quot;,&quot;iso&quot;:&quot;400&quot;,&quot;shutter_speed&quot;:&quot;0.001&quot;,&quot;title&quot;:&quot;&quot;,&quot;orientation&quot;:&quot;1&quot;}\" data-image-title=\"IMG_5238\" data-image-description=\"\" data-image-caption=\"\" data-large-file=\"https:\/\/www.hoymercedes.com.ar\/principal\/wp-content\/uploads\/2017\/04\/IMG_5238.jpg\" class=\"aligncenter size-medium wp-image-61337\" src=\"https:\/\/www.hoymercedes.com.ar\/principal\/wp-content\/uploads\/2017\/04\/IMG_5238-630x420.jpg\" alt=\"\" width=\"630\" height=\"420\" srcset=\"https:\/\/www.hoymercedes.com.ar\/principal\/wp-content\/uploads\/2017\/04\/IMG_5238-630x420.jpg 630w, https:\/\/www.hoymercedes.com.ar\/principal\/wp-content\/uploads\/2017\/04\/IMG_5238-150x100.jpg 150w, https:\/\/www.hoymercedes.com.ar\/principal\/wp-content\/uploads\/2017\/04\/IMG_5238-300x200.jpg 300w, https:\/\/www.hoymercedes.com.ar\/principal\/wp-content\/uploads\/2017\/04\/IMG_5238.jpg 650w\" sizes=\"auto, (max-width: 630px) 100vw, 630px\" \/><br \/>\nEl partido ya arranc\u00f3 parejo, todo era lucha en la mitad de cancha, eran dos equipos que se estudiaban como dos boxeadores en los dos primeros round. No hay que estar adentro de un vestuario para imaginar el enojo de los tecnicos por las distracciones y errores en el partido de ida por 2 a 2. Porque los dos equipos en aquel partido tuvieron su grado de siesta, el SATSAID durmio en el comienzo y Trocha agarr\u00f3 la almohada despu\u00e9s. Es por esto que el primer tiempo fue parejo, los dos veian a la vaca y lloraban.<br \/>\nSolo algui\u00e9n distinto pod\u00eda cambiar esta realidad y apareci\u00f3 \u00e9l, si el 7 del SAT, Oscar Esquivel, el que hace que la gente se pare de la platea o haga callar el bombo de la popu, porque si la agarra el algo pasa y a los 12 casi 13 minutos del primer tiempo.. la agarr\u00f3 y algo pas\u00f3.. se sac\u00f3 dos jugadores de encima casi en la misma gambeta y sac\u00f3 un tiro divino, esos que si los ves de atr\u00e1s te gustan m\u00e1s, y la puso al \u00e1ngulo.<br \/>\nYa en el segundo tiempo, como todo venia tranquilo y no era normal, una serie de rebotes, palos, pifias y fortuna hizo que la visita empate desde los pies de la pesadilla Rizzo a los 9 del segundo tiempo.<br \/>\nAhora si todo normal, los minutos pasaban, la tensi\u00f3n subia y los penales se acercaban.<br \/>\nCuando el partido transitaba los 20 minutos y el local pasaba el peor momento futbolistico del partido un centro desde la derecha un cabezazo de Mannara dio en la mano del central de Trocha y el arbitro del partido cobr\u00f3 penal que el mismo Mannara, fuerte abajo a la izquierda cambio por gol.<br \/>\nEl partido llegaba a su fin y un tiro libre, penal sin barrera para ser m\u00e1s claro, fue sacado brillantemente por Nico Flores, quien por esto mantuvo el sue\u00f1o del equipo de pasar a la siguiente fase y esperar por Sports Salto. Fue final por 2 a 1 y un global de 4\u00a0a 3.<\/p>\n<p><strong>SATSAID\u00a0 2:<\/strong> Nicol\u00e1s Flores, Cristian Tavio, Iv\u00e1n Portillo, Tom\u00e1s Ojeda, Gabriel Almir\u00f3n, Manuel Rodas, Oscar Esquivel, Federico Maidana, Rodrigo Mannara, Paolo Frangipane y Mat\u00edas Olivera. <strong>DT:<\/strong> Maximiliano Blanco. <strong>Suplentes: <\/strong>Christian Jipes y Juli\u00e1n Garc\u00eda.<br \/>\n<strong>Trocha 1:<\/strong> Nicol\u00e1s Ronsoni, Gerardo Landa, Sebasti\u00e1n G\u00f3mez, Hern\u00e1n Bruno, Lucas Falcone, Joel Frutos, Axel Reyne, Marcelo Gonz\u00e1lez, Marcos Benavidez, Hugo Paniagua y Juan Rizzo. <strong>DT:<\/strong> Mat\u00edas M\u00f3dolo. <strong>Suplentes: <\/strong>Nicol\u00e1s Aveda\u00f1o, Fabricio Paganini y Joel Sergio.<\/p>\n<p><strong>Gol en el PT:<\/strong> A los 12\u2019 Oscar Esquivel para SATSAID.<br \/>\n<strong>Goles en el ST:<\/strong> A los 9\u2019 Joel Frutos y a los 30\u2019 de penal Rodrigo Mannara para SATSAID.<br \/>\n<strong>Cambios:<\/strong> Mauro Pinto por Rodrigo Mannara, Pablo Tevez por Mat\u00edas Olivera y Heber Oviedo por Paolo Frangipane en SATSAID.\u00a0 Luis Arias por Juan Rizzo y Ezequiel Giachello por \u00a0Hugo Paniagua en Trocha.<br \/>\n<strong>Arbitro: <\/strong>Marcos Ortigoza \u2013 Regular &#8211; (Chascom\u00fas).<\/p>\n","protected":false},"excerpt":{"rendered":"<p>Texto: La Pelota no Pica. Foto: Juan Dagnino. Al SATSAID todo le cuesta un poco mas, ser\u00e1 justamente porque es &#8230; <a title=\"Trocha pag\u00f3 caro no definirlo en casa y qued\u00f3 eliminado\" class=\"read-more\" href=\"https:\/\/www.hoymercedes.com.ar\/principal\/2017\/04\/02\/trocha-pago-caro-no-definirlo-en-casa-y-quedo-eliminado\/\" aria-label=\"Leer m\u00e1s sobre Trocha pag\u00f3 caro no definirlo en casa y qued\u00f3 eliminado\">Leer m\u00e1s<\/a><\/p>\n","protected":false},"author":1,"featured_media":61337,"comment_status":"closed","ping_status":"open","sticky":false,"template":"","format":"standard","meta":{"_monsterinsights_skip_tracking":false,"_monsterinsights_sitenote_active":false,"_monsterinsights_sitenote_note":"","_monsterinsights_sitenote_category":0,"jetpack_post_was_ever_published":false,"_jetpack_newsletter_access":"","_jetpack_dont_email_post_to_subs":true,"_jetpack_newsletter_tier_id":0,"_jetpack_memberships_contains_paywalled_content":false,"_jetpack_memberships_contains_paid_content":false,"footnotes":"","jetpack_publicize_message":"","jetpack_publicize_feature_enabled":true,"jetpack_social_post_already_shared":true,"jetpack_social_options":{"image_generator_settings":{"template":"highway","default_image_id":0,"font":"","enabled":false},"version":2},"_wpas_customize_per_network":false},"categories":[21],"tags":[204,8412,1003,1379],"class_list":["post-61333","post","type-post","status-publish","format-standard","has-post-thumbnail","hentry","category-deportes","tag-deportes-2","tag-federal-c","tag-futbol","tag-trocha","generate-columns","tablet-grid-50","mobile-grid-100","grid-parent","grid-50"],"jetpack_publicize_connections":[],"jetpack_featured_media_url":"https:\/\/www.hoymercedes.com.ar\/principal\/wp-content\/uploads\/2017\/04\/IMG_5238.jpg","wps_subtitle":"Federal C","jetpack_sharing_enabled":true,"_links":{"self":[{"href":"https:\/\/www.hoymercedes.com.ar\/principal\/wp-json\/wp\/v2\/posts\/61333","targetHints":{"allow":["GET"]}}],"collection":[{"href":"https:\/\/www.hoymercedes.com.ar\/principal\/wp-json\/wp\/v2\/posts"}],"about":[{"href":"https:\/\/www.hoymercedes.com.ar\/principal\/wp-json\/wp\/v2\/types\/post"}],"author":[{"embeddable":true,"href":"https:\/\/www.hoymercedes.com.ar\/principal\/wp-json\/wp\/v2\/users\/1"}],"replies":[{"embeddable":true,"href":"https:\/\/www.hoymercedes.com.ar\/principal\/wp-json\/wp\/v2\/comments?post=61333"}],"version-history":[{"count":0,"href":"https:\/\/www.hoymercedes.com.ar\/principal\/wp-json\/wp\/v2\/posts\/61333\/revisions"}],"wp:featuredmedia":[{"embeddable":true,"href":"https:\/\/www.hoymercedes.com.ar\/principal\/wp-json\/wp\/v2\/media\/61337"}],"wp:attachment":[{"href":"https:\/\/www.hoymercedes.com.ar\/principal\/wp-json\/wp\/v2\/media?parent=61333"}],"wp:term":[{"taxonomy":"category","embeddable":true,"href":"https:\/\/www.hoymercedes.com.ar\/principal\/wp-json\/wp\/v2\/categories?post=61333"},{"taxonomy":"post_tag","embeddable":true,"href":"https:\/\/www.hoymercedes.com.ar\/principal\/wp-json\/wp\/v2\/tags?post=61333"}],"curies":[{"name":"wp","href":"https:\/\/api.w.org\/{rel}","templated":true}]}}