{"id":6135,"date":"2011-08-09T01:02:10","date_gmt":"2011-08-09T01:02:10","guid":{"rendered":"http:\/\/www.hoymercedes.com.ar\/principal\/?p=6135"},"modified":"2011-08-09T01:03:13","modified_gmt":"2011-08-09T01:03:13","slug":"chiche-duhalde-en-mercedes-y-aparicion-en-medios-nacionales","status":"publish","type":"post","link":"https:\/\/www.hoymercedes.com.ar\/principal\/2011\/08\/09\/chiche-duhalde-en-mercedes-y-aparicion-en-medios-nacionales\/","title":{"rendered":"Chiche Duhalde en Mercedes y aparici\u00f3n en medios nacionales"},"content":{"rendered":"<figure id=\"attachment_6137\" aria-describedby=\"caption-attachment-6137\" style=\"width: 590px\" class=\"wp-caption aligncenter\"><a href=\"https:\/\/www.hoymercedes.com.ar\/principal\/wp-content\/uploads\/2011\/08\/infobar-jcbenitez.jpg\"><img loading=\"lazy\" decoding=\"async\" data-attachment-id=\"6137\" data-permalink=\"https:\/\/www.hoymercedes.com.ar\/principal\/2011\/08\/09\/chiche-duhalde-en-mercedes-y-aparicion-en-medios-nacionales\/infobar-jcbenitez\/#main\" data-orig-file=\"https:\/\/www.hoymercedes.com.ar\/principal\/wp-content\/uploads\/2011\/08\/infobar-jcbenitez.jpg\" data-orig-size=\"600,451\" data-comments-opened=\"1\" data-image-meta=\"{&quot;aperture&quot;:&quot;0&quot;,&quot;credit&quot;:&quot;&quot;,&quot;camera&quot;:&quot;&quot;,&quot;caption&quot;:&quot;&quot;,&quot;created_timestamp&quot;:&quot;0&quot;,&quot;copyright&quot;:&quot;&quot;,&quot;focal_length&quot;:&quot;0&quot;,&quot;iso&quot;:&quot;0&quot;,&quot;shutter_speed&quot;:&quot;0&quot;,&quot;title&quot;:&quot;&quot;}\" data-image-title=\"infobae-jcbenitez\" data-image-description=\"\" data-image-caption=\"\" data-large-file=\"https:\/\/www.hoymercedes.com.ar\/principal\/wp-content\/uploads\/2011\/08\/infobar-jcbenitez.jpg\" class=\"size-full wp-image-6137\" title=\"infobae-jcbenitez\" src=\"https:\/\/www.hoymercedes.com.ar\/principal\/wp-content\/uploads\/2011\/08\/infobar-jcbenitez.jpg\" alt=\"\" width=\"600\" height=\"451\" \/><\/a><figcaption id=\"caption-attachment-6137\" class=\"wp-caption-text\">Foto: INFOBAE<\/figcaption><\/figure>\n<p>Chiche Duhalde estuvo de campa\u00f1a por la zona y tuvo repercusi\u00f3n en medios nacionales dando lugar a que los candidatos mercedinos que acompa\u00f1an al ex senador y presidente interino de la Naci\u00f3n, Eduardo Duhalde, aparecieran junto a ella.<\/p>\n<p>Mercedes, Suipacha y Navarro fueron tres localidades que en el d\u00eda de la fecha recibieron en campa\u00f1a a la Senadora Hilda \u00abChiche\u00bb Duhalde qui\u00e9n se encuentra en plena campa\u00f1a buscando sumar votos para su marido qui\u00e9n ya estuviera en la presidencia, aunque sin el voto popular sino designado por el Senado, regrese al m\u00e1ximo espacio de gesti\u00f3n pol\u00edtica.<\/p>\n<p>Juan Carlos Benitez y Alejandro Molle son dos de los mercedinos que se vieron junto a Chiche Duhalde y aparecieron en portada e interiores del medio digital Infobae.com.<\/p>\n<p>Infobae destaca que Jes\u00fas Cariglino, intendente de Malvinas Argentinas, estuvo en las caminatas que la senadora realiz\u00f3.<\/p>\n<p>Etcheh\u00fan y Benitez son destacados por el medio capitalino como personas que ir\u00e1n a internas por el duhaldismo y que en armon\u00eda participaron del encuentro.<\/p>\n<p>Clik para ver la noticia en Infobar: <a href=\"http:\/\/www.infobae.com\/notas\/598505-Chiche-Duhalde-vaticino-que-las-tomas-de-Jujuy-y-Tucuman-podrian-extenderse-a-otros-lugares.htmlres.html\" target=\"_blank\" rel=\"noopener\">VER<\/a><\/p>\n","protected":false},"excerpt":{"rendered":"<p>Chiche Duhalde estuvo de campa\u00f1a por la zona y tuvo repercusi\u00f3n en medios nacionales dando lugar a que los candidatos &#8230; <a title=\"Chiche Duhalde en Mercedes y aparici\u00f3n en medios nacionales\" class=\"read-more\" href=\"https:\/\/www.hoymercedes.com.ar\/principal\/2011\/08\/09\/chiche-duhalde-en-mercedes-y-aparicion-en-medios-nacionales\/\" aria-label=\"Leer m\u00e1s sobre Chiche Duhalde en Mercedes y aparici\u00f3n en medios nacionales\">Leer m\u00e1s<\/a><\/p>\n","protected":false},"author":1,"featured_media":0,"comment_status":"open","ping_status":"open","sticky":false,"template":"","format":"standard","meta":{"_monsterinsights_skip_tracking":false,"_monsterinsights_sitenote_active":false,"_monsterinsights_sitenote_note":"","_monsterinsights_sitenote_category":0,"jetpack_post_was_ever_published":false,"_jetpack_newsletter_access":"","_jetpack_dont_email_post_to_subs":false,"_jetpack_newsletter_tier_id":0,"_jetpack_memberships_contains_paywalled_content":false,"_jetpack_memberships_contains_paid_content":false,"footnotes":"","jetpack_publicize_message":"","jetpack_publicize_feature_enabled":true,"jetpack_social_post_already_shared":false,"jetpack_social_options":{"image_generator_settings":{"template":"highway","default_image_id":0,"font":"","enabled":false},"version":2},"_wpas_customize_per_network":false},"categories":[5],"tags":[1119,1120,313,10],"class_list":["post-6135","post","type-post","status-publish","format-standard","hentry","category-politica","tag-chiche-duhalde","tag-etchehum","tag-juan-carlos-benitez","tag-mercedes","generate-columns","tablet-grid-50","mobile-grid-100","grid-parent","grid-50"],"jetpack_publicize_connections":[],"jetpack_featured_media_url":"","wps_subtitle":"","jetpack_sharing_enabled":true,"_links":{"self":[{"href":"https:\/\/www.hoymercedes.com.ar\/principal\/wp-json\/wp\/v2\/posts\/6135","targetHints":{"allow":["GET"]}}],"collection":[{"href":"https:\/\/www.hoymercedes.com.ar\/principal\/wp-json\/wp\/v2\/posts"}],"about":[{"href":"https:\/\/www.hoymercedes.com.ar\/principal\/wp-json\/wp\/v2\/types\/post"}],"author":[{"embeddable":true,"href":"https:\/\/www.hoymercedes.com.ar\/principal\/wp-json\/wp\/v2\/users\/1"}],"replies":[{"embeddable":true,"href":"https:\/\/www.hoymercedes.com.ar\/principal\/wp-json\/wp\/v2\/comments?post=6135"}],"version-history":[{"count":0,"href":"https:\/\/www.hoymercedes.com.ar\/principal\/wp-json\/wp\/v2\/posts\/6135\/revisions"}],"wp:attachment":[{"href":"https:\/\/www.hoymercedes.com.ar\/principal\/wp-json\/wp\/v2\/media?parent=6135"}],"wp:term":[{"taxonomy":"category","embeddable":true,"href":"https:\/\/www.hoymercedes.com.ar\/principal\/wp-json\/wp\/v2\/categories?post=6135"},{"taxonomy":"post_tag","embeddable":true,"href":"https:\/\/www.hoymercedes.com.ar\/principal\/wp-json\/wp\/v2\/tags?post=6135"}],"curies":[{"name":"wp","href":"https:\/\/api.w.org\/{rel}","templated":true}]}}