{"id":61377,"date":"2017-04-03T21:00:54","date_gmt":"2017-04-04T00:00:54","guid":{"rendered":"http:\/\/www.hoymercedes.com.ar\/principal\/?p=61377"},"modified":"2017-04-04T08:58:43","modified_gmt":"2017-04-04T11:58:43","slug":"wado-de-pedro-participo-de-la-inauguracion-de-la-plaza-heroes-de-malvinas","status":"publish","type":"post","link":"https:\/\/www.hoymercedes.com.ar\/principal\/2017\/04\/03\/wado-de-pedro-participo-de-la-inauguracion-de-la-plaza-heroes-de-malvinas\/","title":{"rendered":"Wado de Pedro particip\u00f3 de la inauguraci\u00f3n de la plaza \u201cH\u00e9roes de Malvinas\u201d"},"content":{"rendered":"<div class=\"x_gmail-m_1111398481034308197gmail_msg\">\n<p class=\"x_MsoNormal x_gmail-m_1111398481034308197gmail_msg\"><img loading=\"lazy\" decoding=\"async\" data-attachment-id=\"61378\" data-permalink=\"https:\/\/www.hoymercedes.com.ar\/principal\/2017\/04\/03\/wado-de-pedro-participo-de-la-inauguracion-de-la-plaza-heroes-de-malvinas\/wado-2\/#main\" data-orig-file=\"https:\/\/www.hoymercedes.com.ar\/principal\/wp-content\/uploads\/2017\/04\/wado.jpg\" data-orig-size=\"600,450\" data-comments-opened=\"0\" data-image-meta=\"{&quot;aperture&quot;:&quot;0&quot;,&quot;credit&quot;:&quot;&quot;,&quot;camera&quot;:&quot;&quot;,&quot;caption&quot;:&quot;&quot;,&quot;created_timestamp&quot;:&quot;0&quot;,&quot;copyright&quot;:&quot;&quot;,&quot;focal_length&quot;:&quot;0&quot;,&quot;iso&quot;:&quot;0&quot;,&quot;shutter_speed&quot;:&quot;0&quot;,&quot;title&quot;:&quot;&quot;,&quot;orientation&quot;:&quot;1&quot;}\" data-image-title=\"wado\" data-image-description=\"\" data-image-caption=\"\" data-large-file=\"https:\/\/www.hoymercedes.com.ar\/principal\/wp-content\/uploads\/2017\/04\/wado.jpg\" class=\"aligncenter size-full wp-image-61378\" src=\"https:\/\/www.hoymercedes.com.ar\/principal\/wp-content\/uploads\/2017\/04\/wado.jpg\" alt=\"\" width=\"600\" height=\"450\" srcset=\"https:\/\/www.hoymercedes.com.ar\/principal\/wp-content\/uploads\/2017\/04\/wado.jpg 600w, https:\/\/www.hoymercedes.com.ar\/principal\/wp-content\/uploads\/2017\/04\/wado-150x113.jpg 150w\" sizes=\"auto, (max-width: 600px) 100vw, 600px\" \/>El diputado nacional mercedino, Eduardo \u201cWado\u201d de Pedro, particip\u00f3 ayer de la inauguraci\u00f3n de la plaza \u201cH\u00e9roes de Malvinas\u201d en la ciudad de Merlo, invitado especialmente por el Intendente local Gustavo Men\u00e9ndez.<\/p>\n<\/div>\n<div class=\"x_gmail-m_1111398481034308197gmail_msg\">\n<p class=\"x_MsoNormal x_gmail-m_1111398481034308197gmail_msg\">Del acto participaron adem\u00e1s el ex gobernador bonaerense Daniel Scioli; el senador nacional, Fernando Pino Solanas; y el intendente de Ituzaing\u00f3, Alberto Descalzo, entre otros legisladores y funcionarios. Tambi\u00e9n estuvieron presentes los Veteranos de Malvinas de Merlo, quienes fueron los encargados de abrir el acto y dirigir unas emotivas palabras a los presentes.<\/p>\n<p class=\"x_MsoNormal x_gmail-m_1111398481034308197gmail_msg\">Dirigi\u00e9ndose a los vecinos presentes, De Pedro sostuvo: \u201cEsta plaza la tenemos que tomar como una\u00a0 peque\u00f1a porci\u00f3n de nuestras islas en la ciudad de Merlo, en nuestra provincia de Buenos Aires\u201d. \u201cNo nos han vencido, ac\u00e1 hay un pedazo de nuestras islas, ac\u00e1 est\u00e1n los h\u00e9roes, nuestros m\u00e1rtires\u201d areng\u00f3 el legislador mercedino.<\/p>\n<p class=\"x_MsoNormal x_gmail-m_1111398481034308197gmail_msg\">El referente del Frente para la Victoria tambi\u00e9n le reclam\u00f3 al Presidente Mauricio Macri \u201cque siga con una pol\u00edtica nacional, con una causa nacional, como es defender las Islas Malvinas en casa rinc\u00f3n del mundo que visite\u201d. \u201cSe lo vot\u00f3 para gobernar a todos los argentinos y la mayor\u00eda de los argentinos defiende la causa nacional de las Islas Malvinas\u201d afirm\u00f3 ante el aplauso cerrado del p\u00fablico presente.<\/p>\n<\/div>\n<div class=\"x_gmail-m_1111398481034308197gmail_msg\">\n<p class=\"x_MsoNormal x_gmail-m_1111398481034308197gmail_msg\">La plaza que recuerda a los h\u00e9roes y ca\u00eddos en la Guerra de Malvinas cuenta con una escultura de las islas realizada en hierro por el escultor Alejandro Marmo.<\/p>\n<\/div>\n","protected":false},"excerpt":{"rendered":"<p>El diputado nacional mercedino, Eduardo \u201cWado\u201d de Pedro, particip\u00f3 ayer de la inauguraci\u00f3n de la plaza \u201cH\u00e9roes de Malvinas\u201d en &#8230; <a title=\"Wado de Pedro particip\u00f3 de la inauguraci\u00f3n de la plaza \u201cH\u00e9roes de Malvinas\u201d\" class=\"read-more\" href=\"https:\/\/www.hoymercedes.com.ar\/principal\/2017\/04\/03\/wado-de-pedro-participo-de-la-inauguracion-de-la-plaza-heroes-de-malvinas\/\" aria-label=\"Leer m\u00e1s sobre Wado de Pedro particip\u00f3 de la inauguraci\u00f3n de la plaza \u201cH\u00e9roes de Malvinas\u201d\">Leer m\u00e1s<\/a><\/p>\n","protected":false},"author":1,"featured_media":61378,"comment_status":"closed","ping_status":"open","sticky":false,"template":"","format":"standard","meta":{"_monsterinsights_skip_tracking":false,"_monsterinsights_sitenote_active":false,"_monsterinsights_sitenote_note":"","_monsterinsights_sitenote_category":0,"jetpack_post_was_ever_published":false,"_jetpack_newsletter_access":"","_jetpack_dont_email_post_to_subs":true,"_jetpack_newsletter_tier_id":0,"_jetpack_memberships_contains_paywalled_content":false,"_jetpack_memberships_contains_paid_content":false,"footnotes":"","jetpack_publicize_message":"","jetpack_publicize_feature_enabled":true,"jetpack_social_post_already_shared":true,"jetpack_social_options":{"image_generator_settings":{"template":"highway","default_image_id":0,"font":"","enabled":false},"version":2},"_wpas_customize_per_network":false},"categories":[5],"tags":[10856,8941,5319,281],"class_list":["post-61377","post","type-post","status-publish","format-standard","has-post-thumbnail","hentry","category-politica","tag-35-anos-de-malvinas","tag-islas-malvinas","tag-politica-2","tag-wado-de-pedro","generate-columns","tablet-grid-50","mobile-grid-100","grid-parent","grid-50"],"jetpack_publicize_connections":[],"jetpack_featured_media_url":"https:\/\/www.hoymercedes.com.ar\/principal\/wp-content\/uploads\/2017\/04\/wado.jpg","wps_subtitle":"En Merlo","jetpack_sharing_enabled":true,"_links":{"self":[{"href":"https:\/\/www.hoymercedes.com.ar\/principal\/wp-json\/wp\/v2\/posts\/61377","targetHints":{"allow":["GET"]}}],"collection":[{"href":"https:\/\/www.hoymercedes.com.ar\/principal\/wp-json\/wp\/v2\/posts"}],"about":[{"href":"https:\/\/www.hoymercedes.com.ar\/principal\/wp-json\/wp\/v2\/types\/post"}],"author":[{"embeddable":true,"href":"https:\/\/www.hoymercedes.com.ar\/principal\/wp-json\/wp\/v2\/users\/1"}],"replies":[{"embeddable":true,"href":"https:\/\/www.hoymercedes.com.ar\/principal\/wp-json\/wp\/v2\/comments?post=61377"}],"version-history":[{"count":0,"href":"https:\/\/www.hoymercedes.com.ar\/principal\/wp-json\/wp\/v2\/posts\/61377\/revisions"}],"wp:featuredmedia":[{"embeddable":true,"href":"https:\/\/www.hoymercedes.com.ar\/principal\/wp-json\/wp\/v2\/media\/61378"}],"wp:attachment":[{"href":"https:\/\/www.hoymercedes.com.ar\/principal\/wp-json\/wp\/v2\/media?parent=61377"}],"wp:term":[{"taxonomy":"category","embeddable":true,"href":"https:\/\/www.hoymercedes.com.ar\/principal\/wp-json\/wp\/v2\/categories?post=61377"},{"taxonomy":"post_tag","embeddable":true,"href":"https:\/\/www.hoymercedes.com.ar\/principal\/wp-json\/wp\/v2\/tags?post=61377"}],"curies":[{"name":"wp","href":"https:\/\/api.w.org\/{rel}","templated":true}]}}