{"id":61405,"date":"2017-04-04T19:37:09","date_gmt":"2017-04-04T22:37:09","guid":{"rendered":"http:\/\/www.hoymercedes.com.ar\/principal\/?p=61405"},"modified":"2017-04-04T20:51:43","modified_gmt":"2017-04-04T23:51:43","slug":"la-u15-de-quilmes-gano-en-bragado","status":"publish","type":"post","link":"https:\/\/www.hoymercedes.com.ar\/principal\/2017\/04\/04\/la-u15-de-quilmes-gano-en-bragado\/","title":{"rendered":"La U15 de Quilmes gan\u00f3 en Bragado"},"content":{"rendered":"<p><strong><em>Quilmes disput\u00f3 la 2\u00ba fecha del campeonato de la Asociaci\u00f3n de Basquet de Chivilcoy en sus categor\u00edas formativas visitando a Bragado Club. Hubo una buena victoria en U15 y derrotas ajustadas en Mini y U 17. El pr\u00f3ximo fin de semana recibir\u00e1 a Los Millonarios de Bragado. La s\u00edntesis de los partidos fueron las siguientes:<\/em><\/strong><\/p>\n<p><img loading=\"lazy\" decoding=\"async\" data-attachment-id=\"59840\" data-permalink=\"https:\/\/www.hoymercedes.com.ar\/principal\/2017\/02\/15\/zunino-cosentino-vallejos-y-alvares-superaron-la-primera-preseleccion\/basquet-pelota\/#main\" data-orig-file=\"https:\/\/www.hoymercedes.com.ar\/principal\/wp-content\/uploads\/2017\/02\/basquet-pelota.jpg\" data-orig-size=\"616,427\" data-comments-opened=\"0\" data-image-meta=\"{&quot;aperture&quot;:&quot;0&quot;,&quot;credit&quot;:&quot;&quot;,&quot;camera&quot;:&quot;&quot;,&quot;caption&quot;:&quot;&quot;,&quot;created_timestamp&quot;:&quot;0&quot;,&quot;copyright&quot;:&quot;&quot;,&quot;focal_length&quot;:&quot;0&quot;,&quot;iso&quot;:&quot;0&quot;,&quot;shutter_speed&quot;:&quot;0&quot;,&quot;title&quot;:&quot;&quot;,&quot;orientation&quot;:&quot;0&quot;}\" data-image-title=\"basquet pelota\" data-image-description=\"\" data-image-caption=\"\" data-large-file=\"https:\/\/www.hoymercedes.com.ar\/principal\/wp-content\/uploads\/2017\/02\/basquet-pelota.jpg\" class=\"aligncenter size-full wp-image-59840\" src=\"https:\/\/www.hoymercedes.com.ar\/principal\/wp-content\/uploads\/2017\/02\/basquet-pelota.jpg\" alt=\"\" width=\"616\" height=\"427\" srcset=\"https:\/\/www.hoymercedes.com.ar\/principal\/wp-content\/uploads\/2017\/02\/basquet-pelota.jpg 616w, https:\/\/www.hoymercedes.com.ar\/principal\/wp-content\/uploads\/2017\/02\/basquet-pelota-150x104.jpg 150w\" sizes=\"auto, (max-width: 616px) 100vw, 616px\" \/><\/p>\n<p><strong>Mini:<\/strong><\/p>\n<p><strong>Bragado Club 55:\u00a0<\/strong>Vena 9, Ossola 8, Acosta 8, Tomaschi 8, Marini 7, Galarza 7, B. Rizzo 6, Rosa 2, L. Palacios, Pellegrino, F. Palacios, Lina. DT: J. P. Cassani<\/p>\n<p><strong>Quilmes (M) 45:<\/strong>\u00a0Bourdieu 13, T. Bongiorno 11,\u00a0 J. Alvarez 6, J. Cabanas 5, Cend\u00e1n 4, Ayesa 2, Acu\u00f1a 2,\u00a0 Almir\u00f3n 2, Gal\u00e1n, Ponce, Bocca, Basulado. DT: Gustavo Retegui<\/p>\n<p>Juez: Castroagud\u00edn<\/p>\n<p>&nbsp;<\/p>\n<p><strong>U13:<\/strong><\/p>\n<p><strong>Bragado Club 69:\u00a0<\/strong>Mendiz\u00e1bal 15, Pulgar 12, Bullegini 10, Loriente 8, B. Rizzo\u00a0 7, Garruba 6, Begamendia 4, Prado 3, Ardiles 2, D\u00e1vila 2, Rosa. DT: J.P. Cassani<\/p>\n<p><strong>Quilmes (M) 35:\u00a0<\/strong>T. Bongiorno 15,\u00a0 Belzunces 8, J. Cabanas 4, Bernardo 3, Bourdieu 2, T. Boragno 2, Wimber 1, T. Quinteros,\u00a0 Fanucchi, Fabro, \u00a0Coronel, J. Alvarez. DT: Gustavo Retegui<\/p>\n<p>Jueces: Castroagud\u00edn \u2013 F. Tenaglia<\/p>\n<p>&nbsp;<\/p>\n<p><strong>U15:<\/strong><\/p>\n<p><strong>Bragado Club 41:<\/strong>\u00a0Loriente 17, Xu\u00a0 7, Simonet 6, Fernandez 4, Lopardo 3, De Moura 2, Gualdoni 2, Bondoni, Sanabria,\u00a0 Mena , Mendiz\u00e1bal , Elmeaudy. DT: J. P. Cassani<\/p>\n<p><strong>Quilmes (M) 55:<\/strong>\u00a0B. Brilado 16, Tassara 9, Carcagno 8, F. Contardi 7,\u00a0 Lencioni 6, \u00a0Festugatto 4,\u00a0 Graziadei 3, Aveiro 2, Bellangher, Valdez, Cabana, N. Hernandez. DT: Gustavo Retegui<\/p>\n<p>Jueces: Castroagud\u00edn \u2013 F. Tenaglia<\/p>\n<p>&nbsp;<\/p>\n<p><strong>U17:<\/strong><\/p>\n<p><strong>Bragado Club 59:<\/strong>\u00a0F. Rizzo 15, Buzzeo 14, Laborde 11,\u00a0 Di Siervi 7, Petegolu 4, Amena 3, Capra 2, Malvido 2, Aristi 1, Romero, Garc\u00eda, Duarte. DT: J. P. Cassani<\/p>\n<p><strong>Quilmes (M) 53:<\/strong>\u00a0Zunino Sampablo 20, Cosentino 11,\u00a0 Bal 9, Lam\u00f3nica 4, G. Alvarez 3, Sanchez 3, B. Brilado 3, Graziadei,\u00a0\u00a0 A. Boragno, Carcagno, F. Contardi, Taramasco. DT: J. L.\u00a0 Giallorenzo<\/p>\n<p>(Jueces: Castroagud\u00edn \u2013 F. Tenaglia)<\/p>\n<p>&nbsp;<\/p>\n<p><strong>Citados a la Selecci\u00f3n U15<\/strong><\/p>\n<p>Gran orgullo se produce cuando, debido al fruto del esfuerzo diario, se dan a conocer estas noticias. En la categor\u00eda U15 han sido convocados a la pre \u2013 selecci\u00f3n de la ABCh dos integrantes del conjunto quilme\u00f1o. Ellos son Bautista Brilado y Federico Contardi, quienes compartieron su primera pr\u00e1ctica en el Club Racing. Han sido convocados 19 jugadores que luchar\u00e1n para quedar entre los 12 finales para jugar la eliminatoria con Jun\u00edn bajo la conducci\u00f3n del DT\u00a0chivilcoyano Rodrigo Senra.<\/p>\n<p>&nbsp;<\/p>\n<p><strong>Escuelita y Pre Mini<\/strong><\/p>\n<p>Quilmes, asimismo, debido a la gran cantidad de chicos que practican este hermoso deporte, vuelve a participar en las categor\u00edas Escuelita y Pre &#8211; Mini, torneo de la ABCH que se disputa los d\u00edas Domingo en forma de triangular. En la primera jornada\u00a0se visit\u00f3 la cancha de Gimnasia (CH), que junto al conjunto mercedino y a Argentino (CH) jugaron en su primera fecha. Este gran esfuerzo se lleva a cabo bajo la conducci\u00f3n de Gustavo Gallo y los monitores Nahuel Gonz\u00e1lez, Ciro Cosentino, Pablo Mateucci y Marcos Graziadei.<\/p>\n<p>&nbsp;<\/p>\n","protected":false},"excerpt":{"rendered":"<p>Quilmes disput\u00f3 la 2\u00ba fecha del campeonato de la Asociaci\u00f3n de Basquet de Chivilcoy en sus categor\u00edas formativas visitando a &#8230; <a title=\"La U15 de Quilmes gan\u00f3 en Bragado\" class=\"read-more\" href=\"https:\/\/www.hoymercedes.com.ar\/principal\/2017\/04\/04\/la-u15-de-quilmes-gano-en-bragado\/\" aria-label=\"Leer m\u00e1s sobre La U15 de Quilmes gan\u00f3 en Bragado\">Leer m\u00e1s<\/a><\/p>\n","protected":false},"author":1,"featured_media":59840,"comment_status":"closed","ping_status":"open","sticky":false,"template":"","format":"standard","meta":{"_monsterinsights_skip_tracking":false,"_monsterinsights_sitenote_active":false,"_monsterinsights_sitenote_note":"","_monsterinsights_sitenote_category":0,"jetpack_post_was_ever_published":false,"_jetpack_newsletter_access":"","_jetpack_dont_email_post_to_subs":true,"_jetpack_newsletter_tier_id":0,"_jetpack_memberships_contains_paywalled_content":false,"_jetpack_memberships_contains_paid_content":false,"footnotes":"","jetpack_publicize_message":"","jetpack_publicize_feature_enabled":true,"jetpack_social_post_already_shared":true,"jetpack_social_options":{"image_generator_settings":{"template":"highway","default_image_id":0,"font":"","enabled":false},"version":2},"_wpas_customize_per_network":false},"categories":[21],"tags":[1058,204,1413,9386],"class_list":["post-61405","post","type-post","status-publish","format-standard","has-post-thumbnail","hentry","category-deportes","tag-basquet","tag-deportes-2","tag-quilmes","tag-u15","generate-columns","tablet-grid-50","mobile-grid-100","grid-parent","grid-50"],"jetpack_publicize_connections":[],"jetpack_featured_media_url":"https:\/\/www.hoymercedes.com.ar\/principal\/wp-content\/uploads\/2017\/02\/basquet-pelota.jpg","wps_subtitle":"Basquet","jetpack_sharing_enabled":true,"_links":{"self":[{"href":"https:\/\/www.hoymercedes.com.ar\/principal\/wp-json\/wp\/v2\/posts\/61405","targetHints":{"allow":["GET"]}}],"collection":[{"href":"https:\/\/www.hoymercedes.com.ar\/principal\/wp-json\/wp\/v2\/posts"}],"about":[{"href":"https:\/\/www.hoymercedes.com.ar\/principal\/wp-json\/wp\/v2\/types\/post"}],"author":[{"embeddable":true,"href":"https:\/\/www.hoymercedes.com.ar\/principal\/wp-json\/wp\/v2\/users\/1"}],"replies":[{"embeddable":true,"href":"https:\/\/www.hoymercedes.com.ar\/principal\/wp-json\/wp\/v2\/comments?post=61405"}],"version-history":[{"count":0,"href":"https:\/\/www.hoymercedes.com.ar\/principal\/wp-json\/wp\/v2\/posts\/61405\/revisions"}],"wp:featuredmedia":[{"embeddable":true,"href":"https:\/\/www.hoymercedes.com.ar\/principal\/wp-json\/wp\/v2\/media\/59840"}],"wp:attachment":[{"href":"https:\/\/www.hoymercedes.com.ar\/principal\/wp-json\/wp\/v2\/media?parent=61405"}],"wp:term":[{"taxonomy":"category","embeddable":true,"href":"https:\/\/www.hoymercedes.com.ar\/principal\/wp-json\/wp\/v2\/categories?post=61405"},{"taxonomy":"post_tag","embeddable":true,"href":"https:\/\/www.hoymercedes.com.ar\/principal\/wp-json\/wp\/v2\/tags?post=61405"}],"curies":[{"name":"wp","href":"https:\/\/api.w.org\/{rel}","templated":true}]}}