{"id":61426,"date":"2017-04-05T08:24:52","date_gmt":"2017-04-05T11:24:52","guid":{"rendered":"http:\/\/www.hoymercedes.com.ar\/principal\/?p=61426"},"modified":"2017-04-04T21:39:47","modified_gmt":"2017-04-05T00:39:47","slug":"caidim-recibio-subsidios-para-compra-de-maquinas-y-cinta-transportadora","status":"publish","type":"post","link":"https:\/\/www.hoymercedes.com.ar\/principal\/2017\/04\/05\/caidim-recibio-subsidios-para-compra-de-maquinas-y-cinta-transportadora\/","title":{"rendered":"CAIDIM recibi\u00f3 subsidios para compra de m\u00e1quinas y cinta transportadora"},"content":{"rendered":"<p>&nbsp;<\/p>\n<p>Por Prensa Municipal &#8211; Un nuevo apoyo a una instituci\u00f3n local se concret\u00f3 cuando el intendente Ustarroz otorg\u00f3 un subsidio de casi doscientos mil pesos a CAIDIM para colaborar con la compra de dos m\u00e1quinas indispensables para el desarrollo de las actividades que la instituci\u00f3n lleva adelante con el reciclado. Es una apuesta a la integraci\u00f3n, el aumento de la producci\u00f3n y el cuidado del medio ambiente. En la instituci\u00f3n la alegr\u00eda fue enorme porque aumenta el potencial de trabajo y beneficio social. La entrega se realiz\u00f3 junto a la Comisi\u00f3n Directa del taller integrado y la directora de discapacidad, Tatiana L\u00f3pez.<\/p>\n<p><img loading=\"lazy\" decoding=\"async\" data-attachment-id=\"61427\" data-permalink=\"https:\/\/www.hoymercedes.com.ar\/principal\/2017\/04\/05\/caidim-recibio-subsidios-para-compra-de-maquinas-y-cinta-transportadora\/05-caidim-muni\/#main\" data-orig-file=\"https:\/\/www.hoymercedes.com.ar\/principal\/wp-content\/uploads\/2017\/04\/05-CAIDIM-Muni.jpg\" data-orig-size=\"630,420\" data-comments-opened=\"0\" data-image-meta=\"{&quot;aperture&quot;:&quot;0&quot;,&quot;credit&quot;:&quot;&quot;,&quot;camera&quot;:&quot;&quot;,&quot;caption&quot;:&quot;????????????????????????????????????&quot;,&quot;created_timestamp&quot;:&quot;0&quot;,&quot;copyright&quot;:&quot;&quot;,&quot;focal_length&quot;:&quot;0&quot;,&quot;iso&quot;:&quot;0&quot;,&quot;shutter_speed&quot;:&quot;0&quot;,&quot;title&quot;:&quot;&quot;,&quot;orientation&quot;:&quot;0&quot;}\" data-image-title=\"05 CAIDIM Muni\" data-image-description=\"\" data-image-caption=\"\" data-large-file=\"https:\/\/www.hoymercedes.com.ar\/principal\/wp-content\/uploads\/2017\/04\/05-CAIDIM-Muni.jpg\" class=\"aligncenter size-medium wp-image-61427\" src=\"https:\/\/www.hoymercedes.com.ar\/principal\/wp-content\/uploads\/2017\/04\/05-CAIDIM-Muni-630x420.jpg\" alt=\"\" width=\"630\" height=\"420\" srcset=\"https:\/\/www.hoymercedes.com.ar\/principal\/wp-content\/uploads\/2017\/04\/05-CAIDIM-Muni.jpg 630w, https:\/\/www.hoymercedes.com.ar\/principal\/wp-content\/uploads\/2017\/04\/05-CAIDIM-Muni-150x100.jpg 150w, https:\/\/www.hoymercedes.com.ar\/principal\/wp-content\/uploads\/2017\/04\/05-CAIDIM-Muni-300x200.jpg 300w\" sizes=\"auto, (max-width: 630px) 100vw, 630px\" \/><\/p>\n<p>Mar\u00eda Silva, la presidenta de CAIDIM, a la hora de tomar la palabra destac\u00f3 el sentimiento que les genera este aporte. \u201cEstamos felices. Es un sue\u00f1o cumplido poder comprar la maquina para enfardar las botellas y la cinta transportadora. Es un gran adelanto para la instituci\u00f3n y para Mercedes. Actualmente estamos reciclando m\u00e1s de una tonelada por mes de botellas y bidones. La idea es llegar a cinco toneladas y lo queremos lograr en conjunto con la comunidad y la Municipalidad de Mercedes que hoy nos est\u00e1 ayudando con la compra de las m\u00e1quinas. Para nosotros, trabajar a favor de este Mercedes sustentable es un desaf\u00edo que queremos afrontar. El mi\u00e9rcoles vamos a acompa\u00f1ar a la gente del CEAMSE en una jornada que se va a desarrollar en la Plaza San Mart\u00edn. Quedamos encantados cuando visitamos la planta hace unos meses junto al Intendente y entendimos que poder recuperar y reconvertir lo que se tira es espectacular\u201d afirm\u00f3 en el encuentro.<\/p>\n<p>Juan Ignacio Ustarroz destac\u00f3 que es \u201cmuy importante la tarea que ac\u00e1 realizan d\u00eda a d\u00eda en este taller integrado, que tanto brinda a la comunidad y que efect\u00faan un trabajo serio y que nos beneficia como sociedad. Cuando CAIDIM crece crecemos todos como sociedad. Es notable el crecimiento que tienen y la apuesta que hacen al futuro. Este aporta va en ese sentido\u201d<\/p>\n<p>El Intendente Municipal, por su parte, reforz\u00f3 la idea de Mar\u00eda Silva al afirmar que es un placer ayudar, adem\u00e1s mes a mes, comprando todas las bolsas que ve la gente cuando se limpia la ciudad porque son de una gran calidad. \u201cEs una instituci\u00f3n muy bien organizada que cuenta con profesores capacitados y comprometidos. Por eso, como Estado, debemos apoyar estos emprendimientos que generan inclusi\u00f3n y empleo.\u201d<\/p>\n<p>Ustarroz tambi\u00e9n se refiri\u00f3 al trabajo de limpieza que el municipio est\u00e1 desarrollando en la ciudad con trabajos diarios en distintos sectores, recurriendo siempre a la ayuda de los vecinos y al compromiso de todos. \u201cQueremos una ciudad sustentable y nos preocupamos por eso. Una muestra de ello es estar cerca de CAIDIM, una instituci\u00f3n que lleva muchos a\u00f1os de trabajo y que d\u00eda a d\u00eda sigue creciendo\u201d<\/p>\n<p>El aporte es de $194.590 pesos que permitir\u00e1 comprar m\u00e1quinas y cinta transportadora para ampliar la producci\u00f3n, mejorar la calidad de sus tareas y continuar dando m\u00e1s prestaciones y servicios a la comunidad. En cuanto a las bolsas, en la \u00faltima adquisici\u00f3n fueron 16.000 y tal como sostuvo Silva \u201cla municipalidad da un gran apoyo, paga en t\u00e9rminos y nos permite crecer\u201d<\/p>\n<p>&nbsp;<\/p>\n<p>Fuente: Prensa Municipal<\/p>\n<p>&nbsp;<\/p>\n<p>&nbsp;<\/p>\n","protected":false},"excerpt":{"rendered":"<p>&nbsp; Por Prensa Municipal &#8211; Un nuevo apoyo a una instituci\u00f3n local se concret\u00f3 cuando el intendente Ustarroz otorg\u00f3 un &#8230; <a title=\"CAIDIM recibi\u00f3 subsidios para compra de m\u00e1quinas y cinta transportadora\" class=\"read-more\" href=\"https:\/\/www.hoymercedes.com.ar\/principal\/2017\/04\/05\/caidim-recibio-subsidios-para-compra-de-maquinas-y-cinta-transportadora\/\" aria-label=\"Leer m\u00e1s sobre CAIDIM recibi\u00f3 subsidios para compra de m\u00e1quinas y cinta transportadora\">Leer m\u00e1s<\/a><\/p>\n","protected":false},"author":1,"featured_media":61427,"comment_status":"closed","ping_status":"open","sticky":false,"template":"","format":"standard","meta":{"_monsterinsights_skip_tracking":false,"_monsterinsights_sitenote_active":false,"_monsterinsights_sitenote_note":"","_monsterinsights_sitenote_category":0,"jetpack_post_was_ever_published":false,"_jetpack_newsletter_access":"","_jetpack_dont_email_post_to_subs":false,"_jetpack_newsletter_tier_id":0,"_jetpack_memberships_contains_paywalled_content":false,"_jetpack_memberships_contains_paid_content":false,"footnotes":"","jetpack_publicize_message":"","jetpack_publicize_feature_enabled":true,"jetpack_social_post_already_shared":true,"jetpack_social_options":{"image_generator_settings":{"template":"highway","default_image_id":0,"font":"","enabled":false},"version":2},"_wpas_customize_per_network":false},"categories":[30],"tags":[2483,10864,244,285],"class_list":["post-61426","post","type-post","status-publish","format-standard","has-post-thumbnail","hentry","category-municipio","tag-caidim","tag-compra-maquinas","tag-municipio-2","tag-subsidios","generate-columns","tablet-grid-50","mobile-grid-100","grid-parent","grid-50"],"jetpack_publicize_connections":[],"jetpack_featured_media_url":"https:\/\/www.hoymercedes.com.ar\/principal\/wp-content\/uploads\/2017\/04\/05-CAIDIM-Muni.jpg","wps_subtitle":"Aporte Municipal","jetpack_sharing_enabled":true,"_links":{"self":[{"href":"https:\/\/www.hoymercedes.com.ar\/principal\/wp-json\/wp\/v2\/posts\/61426","targetHints":{"allow":["GET"]}}],"collection":[{"href":"https:\/\/www.hoymercedes.com.ar\/principal\/wp-json\/wp\/v2\/posts"}],"about":[{"href":"https:\/\/www.hoymercedes.com.ar\/principal\/wp-json\/wp\/v2\/types\/post"}],"author":[{"embeddable":true,"href":"https:\/\/www.hoymercedes.com.ar\/principal\/wp-json\/wp\/v2\/users\/1"}],"replies":[{"embeddable":true,"href":"https:\/\/www.hoymercedes.com.ar\/principal\/wp-json\/wp\/v2\/comments?post=61426"}],"version-history":[{"count":0,"href":"https:\/\/www.hoymercedes.com.ar\/principal\/wp-json\/wp\/v2\/posts\/61426\/revisions"}],"wp:featuredmedia":[{"embeddable":true,"href":"https:\/\/www.hoymercedes.com.ar\/principal\/wp-json\/wp\/v2\/media\/61427"}],"wp:attachment":[{"href":"https:\/\/www.hoymercedes.com.ar\/principal\/wp-json\/wp\/v2\/media?parent=61426"}],"wp:term":[{"taxonomy":"category","embeddable":true,"href":"https:\/\/www.hoymercedes.com.ar\/principal\/wp-json\/wp\/v2\/categories?post=61426"},{"taxonomy":"post_tag","embeddable":true,"href":"https:\/\/www.hoymercedes.com.ar\/principal\/wp-json\/wp\/v2\/tags?post=61426"}],"curies":[{"name":"wp","href":"https:\/\/api.w.org\/{rel}","templated":true}]}}