{"id":61460,"date":"2017-04-06T13:36:38","date_gmt":"2017-04-06T16:36:38","guid":{"rendered":"http:\/\/www.hoymercedes.com.ar\/principal\/?p=61460"},"modified":"2017-04-06T10:53:11","modified_gmt":"2017-04-06T13:53:11","slug":"concejales-de-cambiemos-piden-que-el-20-se-distribuya-entre-municipales","status":"publish","type":"post","link":"https:\/\/www.hoymercedes.com.ar\/principal\/2017\/04\/06\/concejales-de-cambiemos-piden-que-el-20-se-distribuya-entre-municipales\/","title":{"rendered":"Concejales de Cambiemos piden que el 20% se distribuya entre municipales"},"content":{"rendered":"<p><em><strong>Los legisladores destacan que, por ordenanza, corresponde destruir un porcentaje entre los trabajadores del municipio. Solicitan que primero se cumpla esto para luego acompa\u00f1ar el pedido de ampliaci\u00f3n de presupuesto 2017.\u00a0<\/strong><\/em><\/p>\n<p><img loading=\"lazy\" decoding=\"async\" data-attachment-id=\"61456\" data-permalink=\"https:\/\/www.hoymercedes.com.ar\/principal\/2017\/04\/06\/trabajadores-municipales-se-suman-al-paro\/06-frente-cambiemos\/#main\" data-orig-file=\"https:\/\/www.hoymercedes.com.ar\/principal\/wp-content\/uploads\/2017\/04\/06-Frente-Cambiemos.jpg\" data-orig-size=\"630,420\" data-comments-opened=\"0\" data-image-meta=\"{&quot;aperture&quot;:&quot;3.5&quot;,&quot;credit&quot;:&quot;&quot;,&quot;camera&quot;:&quot;NIKON D3100&quot;,&quot;caption&quot;:&quot;&quot;,&quot;created_timestamp&quot;:&quot;1491394033&quot;,&quot;copyright&quot;:&quot;&quot;,&quot;focal_length&quot;:&quot;19&quot;,&quot;iso&quot;:&quot;900&quot;,&quot;shutter_speed&quot;:&quot;0.016666666666667&quot;,&quot;title&quot;:&quot;&quot;,&quot;orientation&quot;:&quot;1&quot;}\" data-image-title=\"06 Frente Cambiemos\" data-image-description=\"\" data-image-caption=\"\" data-large-file=\"https:\/\/www.hoymercedes.com.ar\/principal\/wp-content\/uploads\/2017\/04\/06-Frente-Cambiemos.jpg\" class=\"aligncenter size-medium wp-image-61456\" src=\"https:\/\/www.hoymercedes.com.ar\/principal\/wp-content\/uploads\/2017\/04\/06-Frente-Cambiemos-630x420.jpg\" alt=\"\" width=\"630\" height=\"420\" srcset=\"https:\/\/www.hoymercedes.com.ar\/principal\/wp-content\/uploads\/2017\/04\/06-Frente-Cambiemos.jpg 630w, https:\/\/www.hoymercedes.com.ar\/principal\/wp-content\/uploads\/2017\/04\/06-Frente-Cambiemos-150x100.jpg 150w, https:\/\/www.hoymercedes.com.ar\/principal\/wp-content\/uploads\/2017\/04\/06-Frente-Cambiemos-300x200.jpg 300w\" sizes=\"auto, (max-width: 630px) 100vw, 630px\" \/><\/p>\n<p>A trav\u00e9s de una conferencia de prensa realizada por seis de los siete concejales del bloque Frente Cambiemos, los ediles hicieron p\u00fablico su postura respecto al pedido del departamento ejecutivo de ampliaci\u00f3n del presupuesto 2017 a partir del super\u00e1vit obtenido el pasado a\u00f1o. El bloque est\u00e1 a favor del incremento, aunque solicitan al Intendente que primero calcule el porcentaje que por ordenanza corresponde distribuir entre los empleados municipales.<\/p>\n<p>En el inicio del per\u00edodo de sesiones ordinarias del Concejo Deliberante se hizo p\u00fablico el super\u00e1vit que la Municipalidad de Mercedes logr\u00f3 el pasado a\u00f1o. De acuerdo a la informaci\u00f3n brindada a los concejales, el n\u00famero alcanzar\u00eda a 16,8 millones de pesos. A su vez, el Departamento Ejecutivo present\u00f3 un proyecto para que el Legislativo autorice la ampliaci\u00f3n del presupuesto 2017 en 11 millones de pesos para destinarlo, completo al \u201cProyecto Municipal Complementario de Obras de Infraestructura\u201d<\/p>\n<p>Con las cifras y el proyecto en la mano, el bloque de Concejales del Frente Cambiemos expresaron su acompa\u00f1amiento al incremento del presupuesto, aunque privilegian el porcentaje que, por ordenanza, deben distribuir entre los empleados municipales a partir del super\u00e1vit del a\u00f1o.<\/p>\n<p>Ante los medios, Oscar Albini, Juan Navarro, A\u00edda \u201cPety\u201d Laporta, Juan Carlos Ben\u00edtez, Juan Carlos Badano y Edgard Kilmeatte explicaron qu\u00e9 ped\u00edan y por qu\u00e9 lo ped\u00edan, adem\u00e1s de dar a conocer que hab\u00edan mantenido un encuentro con la dirigencia del Sindicato de Municipales.<\/p>\n<p>\u201cQueremos dar la posici\u00f3n del bloque con relaci\u00f3n a la ampliaci\u00f3n del Presupuesto que elev\u00f3 el Ejecutivo, del expediente 1086, para la utilizaci\u00f3n de 16.800.000 pesos de super\u00e1vit. El bloque de concejales va a acompa\u00f1ar esa ampliaci\u00f3n, pero siempre y cuando tengamos en cuenta lo que le corresponde al trabajador municipal, que es el 20% del super\u00e1vit, que tiene que ser distribuido entre los trabajadores, que son alrededor de 3.300.000 pesos divididos entre 1.100 trabajadores, lo que da cerca de 3.000 pesos que le corresponden a cada uno. Quedan haciendo esa cuenta 13.440.000 pesos de los cuales se podr\u00edan utilizar 11 millones para la ampliaci\u00f3n del presupuesto\u201d, explic\u00f3 Albini con los n\u00fameros calculados por los legisladores.<\/p>\n<p>\u201cSe podr\u00e1 ver una cifra extraordinaria en sus bolsillos. Este fondo est\u00edmulo surge del 20% del super\u00e1vit financiero y no econ\u00f3mico. Si vamos al financiero surgen algunos n\u00fameros, pero no con claridad en las publicaciones realizadas. Debemos ser cautos y prudentes ya que las cuentas se elevaron y todav\u00eda no se le dio entrada formal. Hay n\u00fameros que se dieron extraoficialmente y surgen dudas si no se incrementar\u00eda el super\u00e1vit\u201d, agreg\u00f3 Navarro.<\/p>\n<p>Por su parte, el Concejal Ben\u00edtez, que en el a\u00f1o 2014 fue quien propuso la ordenanza para que los trabajadores municipales tengan \u201ceste plus\u201d al haber un super\u00e1vit, dijo: \u201cNi bien sali\u00f3 publicado el informe econ\u00f3mico financiero dieron a conocer el monto. Luego, salieron respuestas de integrantes del Ejecutivo negando esa situaci\u00f3n; veremos c\u00f3mo se desenvuelve este camino. Va a llegar un punto que se deber\u00e1 tomar una definici\u00f3n sobre todo porque est\u00e1n negociando con el Sindicato de Trabajadores Municipales este super\u00e1vit y el convenio salarial\u201d.<\/p>\n<p>Previa a la conferencia de prensa, el bloque de Cambiemos se reuni\u00f3 con la Secretaria General del Sindicato de Trabajadores Municipales. \u201cA ellos les explicamos c\u00f3mo es la ordenanza de presupuesto, con la modificaci\u00f3n que introdujo el concejal Ben\u00edtez oportunamente y que es el reparto del super\u00e1vit. Les mostramos de donde sacamos los n\u00fameros, y el propio intendente en la apertura mostr\u00f3 que estaban esos 16.800.000 pesos. Por eso reclamamos que se paguen a los municipales el 20 por ciento, que se respete\u201d, dijo el concejal Albini.<\/p>\n<p>\u201cNosotros solicitamos el cumplimiento de la ordenanza. Alcanza para pagar el 20 por ciento\u201d, sostuvieron desde el bloque Cambiemos, remarcando que hay poco m\u00e1s de 13.000.000 para repartir sin entrar a afectar obras. \u201cEl lunes ingresa el expediente, y por eso manifestamos que queremos acompa\u00f1ar este proyecto, pero que se respete lo que le corresponde al trabajador municipal\u201d, adujeron sobre el final del encuentro con los medios.<\/p>\n<p>&nbsp;<\/p>\n<p>Fuente: Diario El Oeste<\/p>\n","protected":false},"excerpt":{"rendered":"<p>Los legisladores destacan que, por ordenanza, corresponde destruir un porcentaje entre los trabajadores del municipio. Solicitan que primero se cumpla &#8230; <a title=\"Concejales de Cambiemos piden que el 20% se distribuya entre municipales\" class=\"read-more\" href=\"https:\/\/www.hoymercedes.com.ar\/principal\/2017\/04\/06\/concejales-de-cambiemos-piden-que-el-20-se-distribuya-entre-municipales\/\" aria-label=\"Leer m\u00e1s sobre Concejales de Cambiemos piden que el 20% se distribuya entre municipales\">Leer m\u00e1s<\/a><\/p>\n","protected":false},"author":1,"featured_media":61456,"comment_status":"closed","ping_status":"open","sticky":false,"template":"","format":"standard","meta":{"_monsterinsights_skip_tracking":false,"_monsterinsights_sitenote_active":false,"_monsterinsights_sitenote_note":"","_monsterinsights_sitenote_category":0,"jetpack_post_was_ever_published":false,"_jetpack_newsletter_access":"","_jetpack_dont_email_post_to_subs":false,"_jetpack_newsletter_tier_id":0,"_jetpack_memberships_contains_paywalled_content":false,"_jetpack_memberships_contains_paid_content":false,"footnotes":"","jetpack_publicize_message":"","jetpack_publicize_feature_enabled":true,"jetpack_social_post_already_shared":true,"jetpack_social_options":{"image_generator_settings":{"template":"highway","default_image_id":0,"font":"","enabled":false},"version":2},"_wpas_customize_per_network":false},"categories":[5],"tags":[7492,15,5319,10871,8980,10870,2720],"class_list":["post-61460","post","type-post","status-publish","format-standard","has-post-thumbnail","hentry","category-politica","tag-frente-cambiemos","tag-hcd","tag-politica-2","tag-presupuestos","tag-proyectos","tag-superavit","tag-trabajadores-municipales","generate-columns","tablet-grid-50","mobile-grid-100","grid-parent","grid-50"],"jetpack_publicize_connections":[],"jetpack_featured_media_url":"https:\/\/www.hoymercedes.com.ar\/principal\/wp-content\/uploads\/2017\/04\/06-Frente-Cambiemos.jpg","wps_subtitle":"Super\u00e1vit Municipal","jetpack_sharing_enabled":true,"jetpack-related-posts":[{"id":101216,"url":"https:\/\/www.hoymercedes.com.ar\/principal\/2019\/10\/11\/concejales-de-cambiemos-proponen-el-entubamiento-del-canal-de-la-16\/","url_meta":{"origin":61460,"position":0},"title":"Concejales de Cambiemos proponen el entubamiento del canal de la 16","author":"hoymercedes","date":"11 octubre, 2019","format":false,"excerpt":"Entre los proyectos presentados, los legisladores locales solicitan que se incluya la obra en el presupuesto 2020. Asimismo, proponen la construcci\u00f3n de d\u00e1rsenas de estacionamiento frente a entidades educativas y solicitan un estudio edilicio para el CAPS de Tom\u00e1s Jofr\u00e9. Desde la Secretar\u00eda del Concejo Deliberante est\u00e1n confirmando el orden\u2026","rel":"","context":"En \u00abPol\u00edtica\u00bb","block_context":{"text":"Pol\u00edtica","link":"https:\/\/www.hoymercedes.com.ar\/principal\/category\/politica\/"},"img":{"alt_text":"","src":"https:\/\/i0.wp.com\/www.hoymercedes.com.ar\/principal\/wp-content\/uploads\/2019\/07\/07-Cambiemos-bloque-06-19.jpg?resize=350%2C200&ssl=1","width":350,"height":200,"srcset":"https:\/\/i0.wp.com\/www.hoymercedes.com.ar\/principal\/wp-content\/uploads\/2019\/07\/07-Cambiemos-bloque-06-19.jpg?resize=350%2C200&ssl=1 1x, https:\/\/i0.wp.com\/www.hoymercedes.com.ar\/principal\/wp-content\/uploads\/2019\/07\/07-Cambiemos-bloque-06-19.jpg?resize=525%2C300&ssl=1 1.5x, https:\/\/i0.wp.com\/www.hoymercedes.com.ar\/principal\/wp-content\/uploads\/2019\/07\/07-Cambiemos-bloque-06-19.jpg?resize=700%2C400&ssl=1 2x"},"classes":[]},{"id":101355,"url":"https:\/\/www.hoymercedes.com.ar\/principal\/2019\/10\/14\/martes-de-sesion-en-el-concejo-deliberante\/","url_meta":{"origin":61460,"position":1},"title":"Martes de sesi\u00f3n en el Concejo Deliberante","author":"hoymercedes","date":"14 octubre, 2019","format":false,"excerpt":"Anticiparon que habr\u00e1 una banca participativa de parte de estudiantes secundarios y reconocimientos a alumnos del CEPT N\u00b0 4 y al Centro de Formaci\u00f3n N\u00b0 402. Son 27 proyectos los presentados por los bloques de concejales. \u00a0El feriado para la administraci\u00f3n p\u00fablica, motiv\u00f3 el cambio de d\u00eda de la sesi\u00f3n\u2026","rel":"","context":"En \u00abPol\u00edtica\u00bb","block_context":{"text":"Pol\u00edtica","link":"https:\/\/www.hoymercedes.com.ar\/principal\/category\/politica\/"},"img":{"alt_text":"","src":"https:\/\/i0.wp.com\/www.hoymercedes.com.ar\/principal\/wp-content\/uploads\/2018\/10\/26-recinto-HCD.jpg?resize=350%2C200&ssl=1","width":350,"height":200,"srcset":"https:\/\/i0.wp.com\/www.hoymercedes.com.ar\/principal\/wp-content\/uploads\/2018\/10\/26-recinto-HCD.jpg?resize=350%2C200&ssl=1 1x, https:\/\/i0.wp.com\/www.hoymercedes.com.ar\/principal\/wp-content\/uploads\/2018\/10\/26-recinto-HCD.jpg?resize=525%2C300&ssl=1 1.5x, https:\/\/i0.wp.com\/www.hoymercedes.com.ar\/principal\/wp-content\/uploads\/2018\/10\/26-recinto-HCD.jpg?resize=700%2C400&ssl=1 2x"},"classes":[]},{"id":103758,"url":"https:\/\/www.hoymercedes.com.ar\/principal\/2019\/12\/10\/kilmeatte-necesitamos-tener-respuestas-por-parte-del-departamento-ejecutivo\/","url_meta":{"origin":61460,"position":2},"title":"Kilmeatte: \u201cNecesitamos tener respuestas por parte del Departamento Ejecutivo\u201d","author":"hoymercedes","date":"10 diciembre, 2019","format":false,"excerpt":"El titular del bloque del Frente Cambiemos, hoy Juntos por el Cambio, explic\u00f3 los motivos por los cuales se ausentaron a las tres convocatorias a las sesiones extraordinarias para tratar ampliaci\u00f3n y modificaciones en la ordenanza 2019. Confirmaron que hicieron una presentaci\u00f3n ante el Tribunal de Cuentas. Tres convocatorias a\u2026","rel":"","context":"En \u00abPol\u00edtica\u00bb","block_context":{"text":"Pol\u00edtica","link":"https:\/\/www.hoymercedes.com.ar\/principal\/category\/politica\/"},"img":{"alt_text":"","src":"https:\/\/i0.wp.com\/www.hoymercedes.com.ar\/principal\/wp-content\/uploads\/2019\/12\/CambiemosExtra10.jpg?resize=350%2C200&ssl=1","width":350,"height":200,"srcset":"https:\/\/i0.wp.com\/www.hoymercedes.com.ar\/principal\/wp-content\/uploads\/2019\/12\/CambiemosExtra10.jpg?resize=350%2C200&ssl=1 1x, https:\/\/i0.wp.com\/www.hoymercedes.com.ar\/principal\/wp-content\/uploads\/2019\/12\/CambiemosExtra10.jpg?resize=525%2C300&ssl=1 1.5x, https:\/\/i0.wp.com\/www.hoymercedes.com.ar\/principal\/wp-content\/uploads\/2019\/12\/CambiemosExtra10.jpg?resize=700%2C400&ssl=1 2x"},"classes":[]},{"id":103707,"url":"https:\/\/www.hoymercedes.com.ar\/principal\/2019\/12\/09\/la-tercera-tambien-sin-quorum\/","url_meta":{"origin":61460,"position":3},"title":"La tercera tambi\u00e9n sin quorum","author":"hoymercedes","date":"9 diciembre, 2019","format":false,"excerpt":"Ahora. Tercera convocatoria a sesi\u00f3n extraordinaria nuevamente sin quorum. El bloque del Frente Cambiemos no se hizo presente en el recinto para tratar expedientes relacionados con modificaciones y ampliaci\u00f3n del Presupuesto 2019. Los concejales presentes, empezando por Carlos Milhomme del Frente Renovador, expusieron su opini\u00f3n y perspectiva ante la falta\u2026","rel":"","context":"En \u00abPol\u00edtica\u00bb","block_context":{"text":"Pol\u00edtica","link":"https:\/\/www.hoymercedes.com.ar\/principal\/category\/politica\/"},"img":{"alt_text":"","src":"https:\/\/i0.wp.com\/www.hoymercedes.com.ar\/principal\/wp-content\/uploads\/2019\/12\/IMG_20191209_085153360-800x600.jpg?resize=350%2C200&ssl=1","width":350,"height":200,"srcset":"https:\/\/i0.wp.com\/www.hoymercedes.com.ar\/principal\/wp-content\/uploads\/2019\/12\/IMG_20191209_085153360-800x600.jpg?resize=350%2C200&ssl=1 1x, https:\/\/i0.wp.com\/www.hoymercedes.com.ar\/principal\/wp-content\/uploads\/2019\/12\/IMG_20191209_085153360-800x600.jpg?resize=525%2C300&ssl=1 1.5x, https:\/\/i0.wp.com\/www.hoymercedes.com.ar\/principal\/wp-content\/uploads\/2019\/12\/IMG_20191209_085153360-800x600.jpg?resize=700%2C400&ssl=1 2x"},"classes":[]},{"id":102757,"url":"https:\/\/www.hoymercedes.com.ar\/principal\/2019\/11\/21\/cambiemos-propone-un-paseo-recreativo-en-el-puente-del-arroyo-las-pulgas\/","url_meta":{"origin":61460,"position":4},"title":"Cambiemos propone un paseo recreativo en el puente del Arroyo las Pulgas","author":"hoymercedes","date":"21 noviembre, 2019","format":false,"excerpt":"La idea es armar el paseo en cercan\u00edas del arroyo y la calle 4. Se definir\u00e1 en la sesi\u00f3n del lunes 25 de noviembre. Tambi\u00e9n solicitan arreglos y mantenimiento en distintos puntos de la ciudad. El venidero lunes 25 de noviembre ser\u00e1 la \u00faltima sesi\u00f3n ordinaria del Concejo Deliberante. Por\u2026","rel":"","context":"En \u00abPol\u00edtica\u00bb","block_context":{"text":"Pol\u00edtica","link":"https:\/\/www.hoymercedes.com.ar\/principal\/category\/politica\/"},"img":{"alt_text":"","src":"https:\/\/i0.wp.com\/www.hoymercedes.com.ar\/principal\/wp-content\/uploads\/2019\/07\/07-Cambiemos-bloque-06-19.jpg?resize=350%2C200&ssl=1","width":350,"height":200,"srcset":"https:\/\/i0.wp.com\/www.hoymercedes.com.ar\/principal\/wp-content\/uploads\/2019\/07\/07-Cambiemos-bloque-06-19.jpg?resize=350%2C200&ssl=1 1x, https:\/\/i0.wp.com\/www.hoymercedes.com.ar\/principal\/wp-content\/uploads\/2019\/07\/07-Cambiemos-bloque-06-19.jpg?resize=525%2C300&ssl=1 1.5x, https:\/\/i0.wp.com\/www.hoymercedes.com.ar\/principal\/wp-content\/uploads\/2019\/07\/07-Cambiemos-bloque-06-19.jpg?resize=700%2C400&ssl=1 2x"},"classes":[]},{"id":75622,"url":"https:\/\/www.hoymercedes.com.ar\/principal\/2018\/05\/10\/soluciones-barriales-en-los-proyectos-del-frente-cambiemos\/","url_meta":{"origin":61460,"position":5},"title":"Soluciones barriales en los proyectos del Frente Cambiemos","author":"hoymercedes","date":"10 mayo, 2018","format":false,"excerpt":"Desde el bloque de Concejales del Frente Cambiemos hicieron p\u00fablica la n\u00f3mina de ideas y proyectos para la pr\u00f3xima sesi\u00f3n del Concejo Deliberante. Muchos de estos proyectos plantean soluciones a problem\u00e1ticas que perduran en el tiempo afectando a los vecinos. Entre los proyectos presentados recientemente, destaca la propuesta para el\u2026","rel":"","context":"En \u00abPol\u00edtica\u00bb","block_context":{"text":"Pol\u00edtica","link":"https:\/\/www.hoymercedes.com.ar\/principal\/category\/politica\/"},"img":{"alt_text":"","src":"https:\/\/i0.wp.com\/www.hoymercedes.com.ar\/principal\/wp-content\/uploads\/2018\/03\/09-bloque-Cambiemos.jpeg?resize=350%2C200&ssl=1","width":350,"height":200,"srcset":"https:\/\/i0.wp.com\/www.hoymercedes.com.ar\/principal\/wp-content\/uploads\/2018\/03\/09-bloque-Cambiemos.jpeg?resize=350%2C200&ssl=1 1x, https:\/\/i0.wp.com\/www.hoymercedes.com.ar\/principal\/wp-content\/uploads\/2018\/03\/09-bloque-Cambiemos.jpeg?resize=525%2C300&ssl=1 1.5x, https:\/\/i0.wp.com\/www.hoymercedes.com.ar\/principal\/wp-content\/uploads\/2018\/03\/09-bloque-Cambiemos.jpeg?resize=700%2C400&ssl=1 2x"},"classes":[]}],"_links":{"self":[{"href":"https:\/\/www.hoymercedes.com.ar\/principal\/wp-json\/wp\/v2\/posts\/61460","targetHints":{"allow":["GET"]}}],"collection":[{"href":"https:\/\/www.hoymercedes.com.ar\/principal\/wp-json\/wp\/v2\/posts"}],"about":[{"href":"https:\/\/www.hoymercedes.com.ar\/principal\/wp-json\/wp\/v2\/types\/post"}],"author":[{"embeddable":true,"href":"https:\/\/www.hoymercedes.com.ar\/principal\/wp-json\/wp\/v2\/users\/1"}],"replies":[{"embeddable":true,"href":"https:\/\/www.hoymercedes.com.ar\/principal\/wp-json\/wp\/v2\/comments?post=61460"}],"version-history":[{"count":0,"href":"https:\/\/www.hoymercedes.com.ar\/principal\/wp-json\/wp\/v2\/posts\/61460\/revisions"}],"wp:featuredmedia":[{"embeddable":true,"href":"https:\/\/www.hoymercedes.com.ar\/principal\/wp-json\/wp\/v2\/media\/61456"}],"wp:attachment":[{"href":"https:\/\/www.hoymercedes.com.ar\/principal\/wp-json\/wp\/v2\/media?parent=61460"}],"wp:term":[{"taxonomy":"category","embeddable":true,"href":"https:\/\/www.hoymercedes.com.ar\/principal\/wp-json\/wp\/v2\/categories?post=61460"},{"taxonomy":"post_tag","embeddable":true,"href":"https:\/\/www.hoymercedes.com.ar\/principal\/wp-json\/wp\/v2\/tags?post=61460"}],"curies":[{"name":"wp","href":"https:\/\/api.w.org\/{rel}","templated":true}]}}