{"id":61474,"date":"2017-04-07T12:30:30","date_gmt":"2017-04-07T15:30:30","guid":{"rendered":"http:\/\/www.hoymercedes.com.ar\/principal\/?p=61474"},"modified":"2017-04-07T10:05:36","modified_gmt":"2017-04-07T13:05:36","slug":"misas-y-celebraciones-en-visperas-y-semana-santa","status":"publish","type":"post","link":"https:\/\/www.hoymercedes.com.ar\/principal\/2017\/04\/07\/misas-y-celebraciones-en-visperas-y-semana-santa\/","title":{"rendered":"Misas y celebraciones en V\u00edsperas y Semana Santa"},"content":{"rendered":"<p class=\"Estilo25\">Se conoci\u00f3 el horario de las celebraciones de Semana Santa en las parroquias de Mercedes, y en este informe especial se da a conocer el cronograma por d\u00eda de cada unas de las actividades que se plantea en este tiempo fuerte del calendario lit\u00fargico.<\/p>\n<p class=\"Estilo25\"><img loading=\"lazy\" decoding=\"async\" data-attachment-id=\"61479\" data-permalink=\"https:\/\/www.hoymercedes.com.ar\/principal\/2017\/04\/07\/misas-y-celebraciones-en-visperas-y-semana-santa\/07-misa-crismal\/#main\" data-orig-file=\"https:\/\/www.hoymercedes.com.ar\/principal\/wp-content\/uploads\/2017\/04\/07-Misa-Crismal.jpg\" data-orig-size=\"630,473\" data-comments-opened=\"0\" data-image-meta=\"{&quot;aperture&quot;:&quot;3.2&quot;,&quot;credit&quot;:&quot;&quot;,&quot;camera&quot;:&quot;DSC-H2&quot;,&quot;caption&quot;:&quot;&quot;,&quot;created_timestamp&quot;:&quot;1142878457&quot;,&quot;copyright&quot;:&quot;&quot;,&quot;focal_length&quot;:&quot;6&quot;,&quot;iso&quot;:&quot;800&quot;,&quot;shutter_speed&quot;:&quot;0.016666666666667&quot;,&quot;title&quot;:&quot;&quot;,&quot;orientation&quot;:&quot;1&quot;}\" data-image-title=\"07 Misa Crismal\" data-image-description=\"\" data-image-caption=\"\" data-large-file=\"https:\/\/www.hoymercedes.com.ar\/principal\/wp-content\/uploads\/2017\/04\/07-Misa-Crismal.jpg\" class=\"aligncenter size-medium wp-image-61479\" src=\"https:\/\/www.hoymercedes.com.ar\/principal\/wp-content\/uploads\/2017\/04\/07-Misa-Crismal-630x473.jpg\" alt=\"\" width=\"630\" height=\"473\" srcset=\"https:\/\/www.hoymercedes.com.ar\/principal\/wp-content\/uploads\/2017\/04\/07-Misa-Crismal.jpg 630w, https:\/\/www.hoymercedes.com.ar\/principal\/wp-content\/uploads\/2017\/04\/07-Misa-Crismal-150x113.jpg 150w\" sizes=\"auto, (max-width: 630px) 100vw, 630px\" \/><\/p>\n<p class=\"Estilo25\">El cronograma es el siguiente:<\/p>\n<p class=\"Estilo25\"><strong>DOMINGO DE RAMOS<br \/>\n<\/strong>En todas las misas se entregar\u00e1n y bendecir\u00e1n ramos de olivo.<\/p>\n<p><strong>S\u00c1BADO 8 (Misa de la V\u00edspera)<\/strong><br \/>\n\u2022 Bas\u00edlica Catedral &#8211; 19:00<br \/>\n\u2022 Parroquia San Luis &#8211; 19:30<br \/>\n\u2022 Parroquia San Patricio &#8211; 19:00<br \/>\n\u2022 Parroquia Cristo Rey &#8211; 19:00h<br \/>\n\u2022 Capilla Medalla Milagrosa (calle 6 entre 9 y 11) &#8211; 17:00<br \/>\n\u2022 Parroquia San Jos\u00e9 Obrero\u00a0 &#8211; 19:00<\/p>\n<p><strong>DOMINGO 9 <\/strong><br \/>\n\u2022 Bas\u00edlica Catedral: Misas a las 8:30 &#8211; 11:00 &#8211; 19:30<br \/>\n\u2022 Parroquia San Luis Gonzaga: Misas a las 8:30 &#8211; 10:30 &#8211; 17:00 &#8211; 19:30<br \/>\n\u2022 Parroquia San Vicente de Paul &#8211; 10:30<br \/>\n\u2022 Parroquia San Patricio &#8211; Misas a las 9:00, 11:00hs y 19:00<br \/>\n\u2022 Parroquia Cristo Rey &#8211; 10:30<br \/>\n\u2022 Capilla \u201cSanto Cura de Ars\u201d (calle 13 y 114) &#8211;\u00a0 Misa a las 18:00<br \/>\n\u2022 Parroquia San Jos\u00e9 Obrero &#8211; 11:00 y 19:00<br \/>\n\u2022 Hogar \u201cDivina Providencia\u201d (calle 32 entre 23 y 25) &#8211; Misa a las 9:00<\/p>\n<p class=\"Estilo25\"><strong>MI\u00c9RCOLES SANTO (12 de abril) <\/strong><br \/>\nMISA CRISMAL (Celebraci\u00f3n presidida por el Arzobispo junto con todos los sacerdotes de la Arquidi\u00f3cesis)<br \/>\n\u2022 11:00hs en la Bas\u00edlica Catedral.<\/p>\n<p class=\"Estilo25\"><strong>JUEVES SANTO (13 de Abril)\u00a0 <\/strong><br \/>\nCelebraci\u00f3n de la Cena del Se\u00f1or &#8211; Lavatorio de los pies &#8211; Traslado del Sant\u00edsimo Sacramento.<\/p>\n<p class=\"Estilo25\">Bas\u00edlica Catedral<br \/>\n\u2022 19:30 &#8211; MISA DE LA CENA DEL SE\u00d1OR<br \/>\n\u2022 20:30 &#8211; Adoraci\u00f3n al Sant\u00edsimo durante toda la noche. El tempo permanecer\u00e1 abierto hasta las 3:00. De 3 a 6 ingresar por calle 22.<br \/>\n\u2022 22:00 &#8211; Visita a las Siete Iglesias. Organizado por los j\u00f3venes. Parten de la Plaza San Mart\u00edn.<br \/>\n\u2022 Confesiones: de 10:00 a 12:00\u00a0 y de 17:00 a 19:00.<\/p>\n<p class=\"Estilo25\">Parroquia San Luis Gonzaga<br \/>\n\u2022 19:30 &#8211; MISA DE LA CENA DEL SE\u00d1OR. Adoraci\u00f3n Nocturna (el templo estar\u00e1 abierto hasta las dos de la ma\u00f1ana).<br \/>\n\u2022 21:30 &#8211; Visita a las Siete Iglesias. Se parte desde la Parroquia con autos particulares.<br \/>\n\u2022 21:30 &#8211; Jueves Santo joven: Visita a las Siete Iglesia con los j\u00f3venes. Parten desde la Iglesia Catedral.<\/p>\n<p class=\"Estilo25\">Parroquia San Vicente de Paul<br \/>\n\u2022 19:00 &#8211;\u00a0 MISA DE LA CENA DEL SE\u00d1OR. Al finalizar, Adoraci\u00f3n al Sant\u00edsimo. Por la noche Visita las Siete Iglesias.<\/p>\n<p class=\"Estilo25\">Parroquia San Patricio<br \/>\n\u2022 19:00 &#8211; MISA DE LA CENA DEL SE\u00d1OR.<br \/>\n\u2022 21:00 &#8211; visita a las Siete Iglesias partiendo de la Parroquia San Jos\u00e9 (av. 29 y 50).<br \/>\n\u2022 Confesiones de\u00a0 19:00 a 20:00hs.<\/p>\n<p class=\"Estilo25\">Parroquia Cristo Rey<br \/>\n\u2022 11:00 &#8211; Via Crucis con los ni\u00f1os<br \/>\n\u2022 19:00 &#8211; MISA DE LA CENA DEL SE\u00d1OR (templo parroquial).<br \/>\n\u2022 21:00\u00a0 &#8211; Visita a las Siete Iglesias.\u00a0 Se sale a pie desde el templo Parroquial.<br \/>\n\u2022 Confesiones: de 9:00 a 13:00 en la Parroquia.<\/p>\n<p class=\"Estilo25\">Parroquia San Jos\u00e9 Obrero<br \/>\n\u2022 20:00 &#8211; MISA DE LA CENA DEL SE\u00d1OR<br \/>\n\u2022 21:30 &#8211; Adoraci\u00f3n al Sant\u00edsimo Comunitaria<br \/>\n\u2022 22:00 &#8211;\u00a0 Visita a las Siete Iglesias. El Templo permanecer\u00e1 abierto toda la noche.<\/p>\n<p class=\"Estilo25\">Hogar \u201cDivina Providencia\u201d (calle 32 entre 23 y 25)<br \/>\n\u2022 16:30 hs &#8211; MISA DE LA CENA DEL SE\u00d1OR<\/p>\n<p class=\"Estilo25\"><strong>VIERNES SANTO (14 de abril)<br \/>\n<\/strong>Celebraci\u00f3n de la Pasi\u00f3n del Se\u00f1or &#8211; Adoraci\u00f3n de la Cruz y distribuci\u00f3n de la Sagrada Comuni\u00f3n.<\/p>\n<p class=\"Estilo25\">Bas\u00edlica Catedral<br \/>\n\u2022 15:00 &#8211; Novena a la Divina Misericordia.<br \/>\n\u2022 16:00 &#8211; CELEBRACI\u00d3N DE LA PASI\u00d3N DEL SE\u00d1OR<br \/>\n\u2022 20:00 &#8211; V\u00eda Crucis Viviente (Desde el Atrio de la Catedral)<br \/>\n\u2022 Confesiones: de 10:00 a 12:00 y de 17:00 a 19:00<\/p>\n<p class=\"Estilo25\">Parroquia San Luis Gonzaga<br \/>\n\u2022 8:30 &#8211; Rezo de Laudes<br \/>\n\u2022 10:30 &#8211; V\u00eda Crucis para ni\u00f1os. Misi\u00f3n por el barrio.<br \/>\n\u2022 15:00 &#8211; Novena a Jes\u00fas Misericordioso.<br \/>\n\u2022 17:00 &#8211; CELEBRACI\u00d3N DE LA PASI\u00d3N DEL SE\u00d1OR<br \/>\n\u2022 17:00 &#8211; Relato de la Pasi\u00f3n en Gowland.<br \/>\n\u2022 20:00 &#8211; V\u00eda Crucis por las calles del barrio (Llevar velas)<\/p>\n<p class=\"Estilo25\">Parroquia San Vicente de Paul<br \/>\n\u2022 15:00 &#8211; CELEBRACI\u00d3N DE LA PASI\u00d3N DEL SE\u00d1OR.<br \/>\n\u2022 19:00 &#8211; V\u00eda Crucis por las calles del barrio (traer velas).<\/p>\n<p class=\"Estilo25\">Parroquia San Patricio<br \/>\n\u2022 11:00 &#8211;\u00a0 V\u00eda crucis con los ni\u00f1os<br \/>\n\u2022 19:00 &#8211;\u00a0 CELEBRACI\u00d3N DE LA PASI\u00d3N DEL SE\u00d1OR.<br \/>\n\u2022 20:15 &#8211; V\u00eda Crucis<br \/>\n\u2022 Confesiones de 9:00hs a 12:00hs y de 19:00hs a 21:00hs.<\/p>\n<p class=\"Estilo25\">Parroquia Cristo Rey<br \/>\n\u2022 16:00\u00a0 &#8211; Celebraci\u00f3n de la\u00a0 Pasi\u00f3n del Se\u00f1or<br \/>\n\u2022 19:00 &#8211; V\u00eda Crucis Viviente por las calles. Comienza en la Capilla Medalla Milagrosa (calle 6 y 11) &#8211; Llevar velas.<br \/>\n\u2022 Confesiones\u00a0 de 9:00 a 13:00 en la Parroquia<\/p>\n<p class=\"Estilo25\">Parroquia San Jos\u00e9 Obrero<br \/>\n\u2022 15:00 &#8211; Novena a Jes\u00fas Misericordioso<br \/>\n\u2022 16:00 &#8211; CELEBRACI\u00d3N DE LA PASI\u00d3N DEL SE\u00d1OR<\/p>\n<p class=\"Estilo25\">Hogar \u201cDivina Providencia\u201d (calle 32 entre 23 y 25)<br \/>\n\u2022 16:30 &#8211; CELEBRACI\u00d3N DE LA PASI\u00d3N DEL SE\u00d1OR<\/p>\n<p class=\"Estilo25\"><strong>S\u00c1BADO SANTO (15 de abril)<\/strong><\/p>\n<p class=\"Estilo25\">Bas\u00edlica Catedral<br \/>\n\u2022 10:00 &#8211; Via Crucis para los ni\u00f1os en la Plaza San Mart\u00edn<br \/>\n\u2022 15:00 &#8211; Novena a la Divina Misericordia.<br \/>\n\u2022 21:00 &#8211; VIGILIA PASCUAL<br \/>\n\u2022 Confesiones: de 10:00 a 12:00 y de 17:00 a 19:00<\/p>\n<p class=\"Estilo25\">Parroquia San Luis Gonzaga<br \/>\n\u2022 20:00 &#8211; VIGILIA PASCUAL<\/p>\n<p class=\"Estilo25\">Parroquia San Vicente de Paul<br \/>\n\u2022 20:00 &#8211; VIGILIA PASCUAL<\/p>\n<p class=\"Estilo25\">Parroquia San Patricio<br \/>\n\u2022 19:00 &#8211;\u00a0 VIGILIA PASCUAL<br \/>\n\u2022 Confesiones de 9:00hs a 12:00hs &#8211; De 19:00hs a 20:30hs.<\/p>\n<p class=\"Estilo25\">Parroquia Cristo Rey<br \/>\n\u2022 20:30 &#8211; VIGILIA PASCUAL<br \/>\n\u2022 Confesiones de 9:00 a 13:00\u00a0 y de 17:00 a 20:00 en la Parroquia.<\/p>\n<p class=\"Estilo25\">Parroquia San Jos\u00e9 Obrero<br \/>\n\u2022 20:00 &#8211; VIGILIA PASCUAL<\/p>\n<p class=\"Estilo25\">Hogar \u201cDivina Providencia\u201d (calle 32 entre 23 y 25)<br \/>\n\u2022 18:00 &#8211; VIGILIA PASCUAL<\/p>\n<p class=\"Estilo25\"><strong>DOMINGO DE PASCUA (16 de abril)<\/strong><\/p>\n<p class=\"Estilo25\">Bas\u00edlica Catedral<br \/>\n\u2022 8:30 &#8211; 11:00 &#8211; 19:30\u00a0 Misas en la Catedral<br \/>\n\u2022 17:00 &#8211; Misa en la Capilla Sagrado Coraz\u00f3n (Av. 47 entre 20 y 22)<br \/>\n\u2022 15:00 &#8211; Novena a la Divina Misericordia<\/p>\n<p class=\"Estilo25\">Parroquia San Luis Gonzaga<br \/>\n\u2022 8:30\u00a0 &#8211; 10:30 &#8211; 19:30\u00a0 Misas en el Templo Parroquial<br \/>\n\u2022 17:00 &#8211; Misa en Gowland.<\/p>\n<p class=\"Estilo25\">Parroquia San Vicente de Paul<br \/>\n\u2022 10:30 &#8211; Misa en el templo parroquial<\/p>\n<p class=\"Estilo25\">Parroquia San Patricio<br \/>\n\u2022 Misas a las 9:00hs, 11:00hs y 19:00hs.<\/p>\n<p class=\"Estilo25\">Parroquia Cristo Rey<br \/>\n\u2022 9:30 &#8211; Misa en la Capilla Medalla Milagrosa (6 y 11)<br \/>\n\u2022 10:30 &#8211; Misa en la Parroquia (av. 2 y 25)<br \/>\n\u2022 18:00 &#8211; Misa en Capilla \u201cSanto Cura de Ars\u201d (calle 13 y 114)<\/p>\n<p class=\"Estilo25\">Parroquia San Jos\u00e9 Obrero<br \/>\n\u2022 Misas a las 11:00hs y a las 19:00hs<\/p>\n<p class=\"Estilo25\">Hogar \u201cDivina Providencia\u201d (calle 32 entre 23 y 25)<br \/>\n\u2022 9:00 &#8211; Misa de Pascua de Resurrecci\u00f3n.<\/p>\n","protected":false},"excerpt":{"rendered":"<p>Se conoci\u00f3 el horario de las celebraciones de Semana Santa en las parroquias de Mercedes, y en este informe especial &#8230; <a title=\"Misas y celebraciones en V\u00edsperas y Semana Santa\" class=\"read-more\" href=\"https:\/\/www.hoymercedes.com.ar\/principal\/2017\/04\/07\/misas-y-celebraciones-en-visperas-y-semana-santa\/\" aria-label=\"Leer m\u00e1s sobre Misas y celebraciones en V\u00edsperas y Semana Santa\">Leer m\u00e1s<\/a><\/p>\n","protected":false},"author":1,"featured_media":61479,"comment_status":"closed","ping_status":"open","sticky":false,"template":"","format":"standard","meta":{"_monsterinsights_skip_tracking":false,"_monsterinsights_sitenote_active":false,"_monsterinsights_sitenote_note":"","_monsterinsights_sitenote_category":0,"jetpack_post_was_ever_published":false,"_jetpack_newsletter_access":"","_jetpack_dont_email_post_to_subs":false,"_jetpack_newsletter_tier_id":0,"_jetpack_memberships_contains_paywalled_content":false,"_jetpack_memberships_contains_paid_content":false,"footnotes":"","jetpack_publicize_message":"","jetpack_publicize_feature_enabled":true,"jetpack_social_post_already_shared":true,"jetpack_social_options":{"image_generator_settings":{"template":"highway","default_image_id":0,"font":"","enabled":false},"version":2},"_wpas_customize_per_network":false},"categories":[5485,8],"tags":[10876,8618,10877,8728],"class_list":["post-61474","post","type-post","status-publish","format-standard","has-post-thumbnail","hentry","category-comunidad","category-sociedad","tag-comunidad-religiosa","tag-cronograma","tag-misa-crismal","tag-semana-santa","generate-columns","tablet-grid-50","mobile-grid-100","grid-parent","grid-50"],"jetpack_publicize_connections":[],"jetpack_featured_media_url":"https:\/\/www.hoymercedes.com.ar\/principal\/wp-content\/uploads\/2017\/04\/07-Misa-Crismal.jpg","wps_subtitle":"Agenda cat\u00f3lica","jetpack_sharing_enabled":true,"_links":{"self":[{"href":"https:\/\/www.hoymercedes.com.ar\/principal\/wp-json\/wp\/v2\/posts\/61474","targetHints":{"allow":["GET"]}}],"collection":[{"href":"https:\/\/www.hoymercedes.com.ar\/principal\/wp-json\/wp\/v2\/posts"}],"about":[{"href":"https:\/\/www.hoymercedes.com.ar\/principal\/wp-json\/wp\/v2\/types\/post"}],"author":[{"embeddable":true,"href":"https:\/\/www.hoymercedes.com.ar\/principal\/wp-json\/wp\/v2\/users\/1"}],"replies":[{"embeddable":true,"href":"https:\/\/www.hoymercedes.com.ar\/principal\/wp-json\/wp\/v2\/comments?post=61474"}],"version-history":[{"count":0,"href":"https:\/\/www.hoymercedes.com.ar\/principal\/wp-json\/wp\/v2\/posts\/61474\/revisions"}],"wp:featuredmedia":[{"embeddable":true,"href":"https:\/\/www.hoymercedes.com.ar\/principal\/wp-json\/wp\/v2\/media\/61479"}],"wp:attachment":[{"href":"https:\/\/www.hoymercedes.com.ar\/principal\/wp-json\/wp\/v2\/media?parent=61474"}],"wp:term":[{"taxonomy":"category","embeddable":true,"href":"https:\/\/www.hoymercedes.com.ar\/principal\/wp-json\/wp\/v2\/categories?post=61474"},{"taxonomy":"post_tag","embeddable":true,"href":"https:\/\/www.hoymercedes.com.ar\/principal\/wp-json\/wp\/v2\/tags?post=61474"}],"curies":[{"name":"wp","href":"https:\/\/api.w.org\/{rel}","templated":true}]}}