{"id":61486,"date":"2017-04-07T10:30:15","date_gmt":"2017-04-07T13:30:15","guid":{"rendered":"http:\/\/www.hoymercedes.com.ar\/principal\/?p=61486"},"modified":"2017-04-07T10:23:57","modified_gmt":"2017-04-07T13:23:57","slug":"el-mic-pide-informes-por-fletes-municipales","status":"publish","type":"post","link":"https:\/\/www.hoymercedes.com.ar\/principal\/2017\/04\/07\/el-mic-pide-informes-por-fletes-municipales\/","title":{"rendered":"El MIC pide informes por \u00abfletes municipales\u00bb"},"content":{"rendered":"<p>El Partido Vecinal MIC solicita informes al Ejecutivo Municipal luego la denuncia de vecinos tras ver un cami\u00f3n del corral\u00f3n municipal patente AA 642 OD realizando fletes en un domicilio particular ubicado en 102 y 13 en la ma\u00f1ana del 25 de marzo.<\/p>\n<p>\u201cLo que le pedimos al intendente es que nos conteste si ese flete estaba autorizado por el municipio\u201d expres\u00f3 el referente vecinalista Hugo Valenzuela.<\/p>\n<p>\u201cLos vecinos tienen derecho a saber si la municipalidad cuenta con este servicio o es un favor pol\u00edtico del que tenemos que pagar todos\u201d complet\u00f3 Valenzuela.<\/p>\n<p><img loading=\"lazy\" decoding=\"async\" data-attachment-id=\"61487\" data-permalink=\"https:\/\/www.hoymercedes.com.ar\/principal\/2017\/04\/07\/el-mic-pide-informes-por-fletes-municipales\/07-mic-camion\/#main\" data-orig-file=\"https:\/\/www.hoymercedes.com.ar\/principal\/wp-content\/uploads\/2017\/04\/07-Mic-camion.jpg\" data-orig-size=\"630,463\" data-comments-opened=\"0\" data-image-meta=\"{&quot;aperture&quot;:&quot;0&quot;,&quot;credit&quot;:&quot;??????&quot;,&quot;camera&quot;:&quot;&quot;,&quot;caption&quot;:&quot;&quot;,&quot;created_timestamp&quot;:&quot;0&quot;,&quot;copyright&quot;:&quot;&quot;,&quot;focal_length&quot;:&quot;0&quot;,&quot;iso&quot;:&quot;0&quot;,&quot;shutter_speed&quot;:&quot;0&quot;,&quot;title&quot;:&quot;&quot;,&quot;orientation&quot;:&quot;0&quot;}\" data-image-title=\"07 Mic camion\" data-image-description=\"\" data-image-caption=\"\" data-large-file=\"https:\/\/www.hoymercedes.com.ar\/principal\/wp-content\/uploads\/2017\/04\/07-Mic-camion.jpg\" class=\"aligncenter size-medium wp-image-61487\" src=\"https:\/\/www.hoymercedes.com.ar\/principal\/wp-content\/uploads\/2017\/04\/07-Mic-camion-630x463.jpg\" alt=\"\" width=\"630\" height=\"463\" srcset=\"https:\/\/www.hoymercedes.com.ar\/principal\/wp-content\/uploads\/2017\/04\/07-Mic-camion.jpg 630w, https:\/\/www.hoymercedes.com.ar\/principal\/wp-content\/uploads\/2017\/04\/07-Mic-camion-150x110.jpg 150w, https:\/\/www.hoymercedes.com.ar\/principal\/wp-content\/uploads\/2017\/04\/07-Mic-camion-220x162.jpg 220w\" sizes=\"auto, (max-width: 630px) 100vw, 630px\" \/><\/p>\n<p>Fuente: Prensa MIC<\/p>\n","protected":false},"excerpt":{"rendered":"<p>El Partido Vecinal MIC solicita informes al Ejecutivo Municipal luego la denuncia de vecinos tras ver un cami\u00f3n del corral\u00f3n &#8230; <a title=\"El MIC pide informes por \u00abfletes municipales\u00bb\" class=\"read-more\" href=\"https:\/\/www.hoymercedes.com.ar\/principal\/2017\/04\/07\/el-mic-pide-informes-por-fletes-municipales\/\" aria-label=\"Leer m\u00e1s sobre El MIC pide informes por \u00abfletes municipales\u00bb\">Leer m\u00e1s<\/a><\/p>\n","protected":false},"author":1,"featured_media":61487,"comment_status":"closed","ping_status":"open","sticky":false,"template":"","format":"standard","meta":{"_monsterinsights_skip_tracking":false,"_monsterinsights_sitenote_active":false,"_monsterinsights_sitenote_note":"","_monsterinsights_sitenote_category":0,"jetpack_post_was_ever_published":false,"_jetpack_newsletter_access":"","_jetpack_dont_email_post_to_subs":false,"_jetpack_newsletter_tier_id":0,"_jetpack_memberships_contains_paywalled_content":false,"_jetpack_memberships_contains_paid_content":false,"footnotes":"","jetpack_publicize_message":"","jetpack_publicize_feature_enabled":true,"jetpack_social_post_already_shared":true,"jetpack_social_options":{"image_generator_settings":{"template":"highway","default_image_id":0,"font":"","enabled":false},"version":2},"_wpas_customize_per_network":false},"categories":[5],"tags":[15,1956,10880,5319,8666],"class_list":["post-61486","post","type-post","status-publish","format-standard","has-post-thumbnail","hentry","category-politica","tag-hcd","tag-mic-mercedes","tag-pedido-de-informes","tag-politica-2","tag-proyecto","generate-columns","tablet-grid-50","mobile-grid-100","grid-parent","grid-50"],"jetpack_publicize_connections":[],"jetpack_featured_media_url":"https:\/\/www.hoymercedes.com.ar\/principal\/wp-content\/uploads\/2017\/04\/07-Mic-camion.jpg","wps_subtitle":"Proyecto al HCD","jetpack_sharing_enabled":true,"jetpack-related-posts":[{"id":97924,"url":"https:\/\/www.hoymercedes.com.ar\/principal\/2019\/08\/08\/hugo-valenzuela-el-mic-no-apoya-a-ningun-candidato\/","url_meta":{"origin":61486,"position":0},"title":"Hugo Valenzuela: \u00abEl MIC no apoya a ning\u00fan candidato\u00bb","author":"hoymercedes","date":"8 agosto, 2019","format":false,"excerpt":"A ra\u00edz de la nota publicada en la tarde de ayer, Hugo Valenzuela, referente del partido vecinal MIC y ex candidato a concejal, as\u00ed como Vicepresidente del partido, enfatiz\u00f3 en que el partido como tal, \"no apoya a ning\u00fan candidato\". \"Como referente del partido vecinal MIC y ex candidato a\u2026","rel":"","context":"En \u00abPol\u00edtica\u00bb","block_context":{"text":"Pol\u00edtica","link":"https:\/\/www.hoymercedes.com.ar\/principal\/category\/politica\/"},"img":{"alt_text":"","src":"https:\/\/i0.wp.com\/www.hoymercedes.com.ar\/principal\/wp-content\/uploads\/2019\/08\/08-Hugo-Valenzuela.jpg?resize=350%2C200&ssl=1","width":350,"height":200,"srcset":"https:\/\/i0.wp.com\/www.hoymercedes.com.ar\/principal\/wp-content\/uploads\/2019\/08\/08-Hugo-Valenzuela.jpg?resize=350%2C200&ssl=1 1x, https:\/\/i0.wp.com\/www.hoymercedes.com.ar\/principal\/wp-content\/uploads\/2019\/08\/08-Hugo-Valenzuela.jpg?resize=525%2C300&ssl=1 1.5x, https:\/\/i0.wp.com\/www.hoymercedes.com.ar\/principal\/wp-content\/uploads\/2019\/08\/08-Hugo-Valenzuela.jpg?resize=700%2C400&ssl=1 2x"},"classes":[]},{"id":55543,"url":"https:\/\/www.hoymercedes.com.ar\/principal\/2016\/10\/05\/el-partido-vecinal-mic-propone-crear-registro-municipal-de-cultos\/","url_meta":{"origin":61486,"position":1},"title":"El Partido Vecinal MIC propone crear Registro Municipal de Cultos","author":"hoymercedes","date":"5 octubre, 2016","format":false,"excerpt":"El Partido Vecinal MIC present\u00f3 recientemente una propuesta ante el Concejo Deliberante de Mercedes con el fin de realizar un registro de la instituciones religiosas existentes en la comunidad.\u00a0El proyecto apunta a prevenir el avance de las sectas y de todas aquellas organizaciones truchas que puedan instalarse en nuestra ciudad.\u2026","rel":"","context":"En \u00abPol\u00edtica\u00bb","block_context":{"text":"Pol\u00edtica","link":"https:\/\/www.hoymercedes.com.ar\/principal\/category\/politica\/"},"img":{"alt_text":"","src":"https:\/\/i0.wp.com\/www.hoymercedes.com.ar\/principal\/wp-content\/uploads\/2016\/10\/05-valenzuela-Mic.jpg?resize=350%2C200&ssl=1","width":350,"height":200},"classes":[]},{"id":110538,"url":"https:\/\/www.hoymercedes.com.ar\/principal\/2020\/05\/11\/el-vecinalismo-presenta-proyecto-por-tasas-y-estacionamiento\/","url_meta":{"origin":61486,"position":2},"title":"El vecinalismo presenta proyecto por tasas y estacionamiento","author":"hoymercedes","date":"11 mayo, 2020","format":false,"excerpt":"En horas del mediod\u00eda de este lunes, la Agrupaci\u00f3n Vecinalista Mercedes Independiente Comunal (MIC) le present\u00f3 al titular del Departamento Legislativo Mat\u00edas Dematei tres proyectos para ser tratados en una pr\u00f3xima sesi\u00f3n del HCD. En las propuestas, el partido vecinalista proponen suspensi\u00f3n y reducci\u00f3n en las tasas municipales para comerciantes\u2026","rel":"","context":"En \u00abPol\u00edtica\u00bb","block_context":{"text":"Pol\u00edtica","link":"https:\/\/www.hoymercedes.com.ar\/principal\/category\/politica\/"},"img":{"alt_text":"","src":"https:\/\/i0.wp.com\/www.hoymercedes.com.ar\/principal\/wp-content\/uploads\/2020\/05\/11-vecinalismo-MIC.jpg?resize=350%2C200&ssl=1","width":350,"height":200,"srcset":"https:\/\/i0.wp.com\/www.hoymercedes.com.ar\/principal\/wp-content\/uploads\/2020\/05\/11-vecinalismo-MIC.jpg?resize=350%2C200&ssl=1 1x, https:\/\/i0.wp.com\/www.hoymercedes.com.ar\/principal\/wp-content\/uploads\/2020\/05\/11-vecinalismo-MIC.jpg?resize=525%2C300&ssl=1 1.5x, https:\/\/i0.wp.com\/www.hoymercedes.com.ar\/principal\/wp-content\/uploads\/2020\/05\/11-vecinalismo-MIC.jpg?resize=700%2C400&ssl=1 2x"},"classes":[]},{"id":61849,"url":"https:\/\/www.hoymercedes.com.ar\/principal\/2017\/04\/20\/partido-vecinal-mic-pide-bapro-y-mas-maquinas\/","url_meta":{"origin":61486,"position":3},"title":"Partido Vecinal MIC pide BAPRO y m\u00e1s m\u00e1quinas","author":"hoymercedes","date":"20 abril, 2017","format":false,"excerpt":"Por medio de un proyecto de resoluci\u00f3n presentado al Honorable Concejo Deliberante, el Partido Vecinal MIC solicita colocar una boca de pagos BAPRO y m\u00e1s m\u00e1quinas para tramitar los diferentes documentos en el Registro Civil Mercedes. \"En la delegaci\u00f3n del Registro Nacional de las personas de nuestra ciudad se pueden\u2026","rel":"","context":"En \u00abPol\u00edtica\u00bb","block_context":{"text":"Pol\u00edtica","link":"https:\/\/www.hoymercedes.com.ar\/principal\/category\/politica\/"},"img":{"alt_text":"","src":"https:\/\/i0.wp.com\/www.hoymercedes.com.ar\/principal\/wp-content\/uploads\/2016\/10\/05-valenzuela-Mic.jpg?resize=350%2C200&ssl=1","width":350,"height":200},"classes":[]},{"id":58860,"url":"https:\/\/www.hoymercedes.com.ar\/principal\/2017\/01\/12\/nicolas-quiroga-el-corralon-municipal-se-convirtio-en-un-basural\/","url_meta":{"origin":61486,"position":4},"title":"Nicol\u00e1s Quiroga: \u201cEl corral\u00f3n municipal se convirti\u00f3 en un basural\u201d","author":"hoymercedes","date":"12 enero, 2017","format":false,"excerpt":"Desde el Partido Vecinal MIC reclaman por la limpieza inmediata de la basura situada en la parte trasera del Corral\u00f3n Municipal. A mitad del a\u00f1o pasado el vecinalista Hugo Valenzuela mantuvo una reuni\u00f3n con el jefe del \u00e1rea Silvio Bertera solicitando que se deje de volcar basura en dicho lugar.\u2026","rel":"","context":"En \u00abPol\u00edtica\u00bb","block_context":{"text":"Pol\u00edtica","link":"https:\/\/www.hoymercedes.com.ar\/principal\/category\/politica\/"},"img":{"alt_text":"","src":"https:\/\/i0.wp.com\/www.hoymercedes.com.ar\/principal\/wp-content\/uploads\/2017\/01\/12-basural-MIC.png?resize=350%2C200&ssl=1","width":350,"height":200},"classes":[]},{"id":64836,"url":"https:\/\/www.hoymercedes.com.ar\/principal\/2017\/07\/13\/el-vecinalismo-mic-presenta-nuevos-proyectos-ante-el-hcd\/","url_meta":{"origin":61486,"position":5},"title":"El Vecinalismo MIC presenta nuevos proyectos ante el HCD","author":"hoymercedes","date":"13 julio, 2017","format":false,"excerpt":"La fuerza vecinalista MIC contin\u00faa con su recorrida por los distintos barrios de la ciudad y sigue presentando proyectos al concejo deliberante en vista a proponerse como una alternativa electoral de \u00edndole local. El presidente del MIC, Nicol\u00e1s Quiroga, confirm\u00f3 que la junta electoral de la provincia de Buenos Aires\u2026","rel":"","context":"En \u00abPol\u00edtica\u00bb","block_context":{"text":"Pol\u00edtica","link":"https:\/\/www.hoymercedes.com.ar\/principal\/category\/politica\/"},"img":{"alt_text":"","src":"https:\/\/i0.wp.com\/www.hoymercedes.com.ar\/principal\/wp-content\/uploads\/2016\/10\/20-quiroga-MIC.jpg?resize=350%2C200&ssl=1","width":350,"height":200,"srcset":"https:\/\/i0.wp.com\/www.hoymercedes.com.ar\/principal\/wp-content\/uploads\/2016\/10\/20-quiroga-MIC.jpg?resize=350%2C200&ssl=1 1x, https:\/\/i0.wp.com\/www.hoymercedes.com.ar\/principal\/wp-content\/uploads\/2016\/10\/20-quiroga-MIC.jpg?resize=525%2C300&ssl=1 1.5x"},"classes":[]}],"_links":{"self":[{"href":"https:\/\/www.hoymercedes.com.ar\/principal\/wp-json\/wp\/v2\/posts\/61486","targetHints":{"allow":["GET"]}}],"collection":[{"href":"https:\/\/www.hoymercedes.com.ar\/principal\/wp-json\/wp\/v2\/posts"}],"about":[{"href":"https:\/\/www.hoymercedes.com.ar\/principal\/wp-json\/wp\/v2\/types\/post"}],"author":[{"embeddable":true,"href":"https:\/\/www.hoymercedes.com.ar\/principal\/wp-json\/wp\/v2\/users\/1"}],"replies":[{"embeddable":true,"href":"https:\/\/www.hoymercedes.com.ar\/principal\/wp-json\/wp\/v2\/comments?post=61486"}],"version-history":[{"count":0,"href":"https:\/\/www.hoymercedes.com.ar\/principal\/wp-json\/wp\/v2\/posts\/61486\/revisions"}],"wp:featuredmedia":[{"embeddable":true,"href":"https:\/\/www.hoymercedes.com.ar\/principal\/wp-json\/wp\/v2\/media\/61487"}],"wp:attachment":[{"href":"https:\/\/www.hoymercedes.com.ar\/principal\/wp-json\/wp\/v2\/media?parent=61486"}],"wp:term":[{"taxonomy":"category","embeddable":true,"href":"https:\/\/www.hoymercedes.com.ar\/principal\/wp-json\/wp\/v2\/categories?post=61486"},{"taxonomy":"post_tag","embeddable":true,"href":"https:\/\/www.hoymercedes.com.ar\/principal\/wp-json\/wp\/v2\/tags?post=61486"}],"curies":[{"name":"wp","href":"https:\/\/api.w.org\/{rel}","templated":true}]}}