{"id":61501,"date":"2017-04-08T12:19:50","date_gmt":"2017-04-08T15:19:50","guid":{"rendered":"http:\/\/www.hoymercedes.com.ar\/principal\/?p=61501"},"modified":"2017-04-08T12:19:50","modified_gmt":"2017-04-08T15:19:50","slug":"tras-investigacion-de-la-ufi-n-3-local-desarticularon-banda-de-piratas-del-asfalto","status":"publish","type":"post","link":"https:\/\/www.hoymercedes.com.ar\/principal\/2017\/04\/08\/tras-investigacion-de-la-ufi-n-3-local-desarticularon-banda-de-piratas-del-asfalto\/","title":{"rendered":"Tras investigaci\u00f3n de\u00a0 la UFI N\u00b0 3 local desarticularon banda de piratas del asfalto"},"content":{"rendered":"<p><img loading=\"lazy\" decoding=\"async\" data-attachment-id=\"61502\" data-permalink=\"https:\/\/www.hoymercedes.com.ar\/principal\/2017\/04\/08\/tras-investigacion-de-la-ufi-n-3-local-desarticularon-banda-de-piratas-del-asfalto\/pira\/#main\" data-orig-file=\"https:\/\/www.hoymercedes.com.ar\/principal\/wp-content\/uploads\/2017\/04\/pira.jpeg\" data-orig-size=\"600,360\" data-comments-opened=\"0\" data-image-meta=\"{&quot;aperture&quot;:&quot;0&quot;,&quot;credit&quot;:&quot;&quot;,&quot;camera&quot;:&quot;&quot;,&quot;caption&quot;:&quot;&quot;,&quot;created_timestamp&quot;:&quot;0&quot;,&quot;copyright&quot;:&quot;&quot;,&quot;focal_length&quot;:&quot;0&quot;,&quot;iso&quot;:&quot;0&quot;,&quot;shutter_speed&quot;:&quot;0&quot;,&quot;title&quot;:&quot;&quot;,&quot;orientation&quot;:&quot;1&quot;}\" data-image-title=\"pira\" data-image-description=\"\" data-image-caption=\"\" data-large-file=\"https:\/\/www.hoymercedes.com.ar\/principal\/wp-content\/uploads\/2017\/04\/pira.jpeg\" class=\"aligncenter size-full wp-image-61502\" src=\"https:\/\/www.hoymercedes.com.ar\/principal\/wp-content\/uploads\/2017\/04\/pira.jpeg\" alt=\"\" width=\"600\" height=\"360\" srcset=\"https:\/\/www.hoymercedes.com.ar\/principal\/wp-content\/uploads\/2017\/04\/pira.jpeg 600w, https:\/\/www.hoymercedes.com.ar\/principal\/wp-content\/uploads\/2017\/04\/pira-150x90.jpeg 150w\" sizes=\"auto, (max-width: 600px) 100vw, 600px\" \/>Entre jueves y viernes se desarroll\u00f3 un importante operativo que logr\u00f3 desarticular una banda de piratas del asfalto.<\/p>\n<p>El operativo se desarroll\u00f3 con directivas conjuntas de la UFIyJ N\u00b0 3 de Mercedes, a cargo del doctor Pedro Illanes y la UFIyJ tem\u00e1tica sobre pirater\u00eda del asfalto de Lomas de Zamora, a cargo del doctor Diego Benedetto con intervenci\u00f3n del Juzgado de Garant\u00edas N\u00b0 3 de Mercedes, a cargo del doctor Pablo Mor\u00e1n.<\/p>\n<p>Es as\u00ed que durante el jueves se practicaron 14 allanamientos con participaci\u00f3n de la DDI de Mercedes: cinco en el partido de La Matanza (tres en Ciudad Evita, uno en Villa Celina, uno en La Tablada), tres en la Ciudad Aut\u00f3noma de Buenos Aires, uno en el partido de San Mart\u00edn (Villa Bonich), uno en el partido de Ezeiza (Trist\u00e1n Suarez), uno en el partido de Pilar (Del Viso), uno en el partido de Tigre (Rincon de Milberg), uno en la localidad de Ituzaing\u00f3 y uno en la localidad de Monte Grande.<\/p>\n<p>Como resultado de ello se hicieron efectivas las detenciones de 13 personas que fueron identificadas como: Pablo Franco, Mart\u00edn Ortiz, Sergio Corbal\u00e1n, Fernando Devia, NN Miguel o David Coceres, Ariel Ferragut, Daniel Alberto Burgos, Victor Dibp, Daniel Sosa, Lorena Lopez y Johana Figueroa Caraballo, Jorge Humberto Torres y Carlos Fabi\u00e1n Baigorria. Asimismo fueron aprehendidos por disposici\u00f3n del fiscal: Roxana Fleury y Gonzalo Echeverria.<\/p>\n<p>En los operativos realizados se secuestraron: inhibidores satelitales de comunicaciones (que usaban para evitar que los camiones atracados sean detectados al momento de los hechos), uniformes y chalecos de fuerzas de seguridad (polic\u00eda), un fusil Fal, una ametralladora y una escopeta, 5 pistolas cal. 9mm., la suma aproximada de dos millones de pesos, y varios autom\u00f3viles de alta gama.<\/p>\n<p>A partir de una investigaci\u00f3n iniciada el 24 de junio de 2016 a la que se fueron agregando otras a ra\u00edz de los sucesivos il\u00edcitos que iba cometiendo la banda, pudo acreditarse la existencia de una asociaci\u00f3n de personas que en forma organizada y permanente que se dedicaba al robo de camiones con mercader\u00eda en tr\u00e1nsito (vulgarmente conocidos como \u201cpiratas del asfalto\u201d) integrada por los antes mencionados.<\/p>\n<p>Para ello contaban con informaci\u00f3n previa a la comisi\u00f3n de los hechos sobre los horarios de salida y recorridos de las caravanas, equipos de comunicaci\u00f3n de telefon\u00eda, como as\u00ed tambi\u00e9n veh\u00edculos de origen espureo que ser\u00edan proporcionados por la c\u00e9lula integrada por algunos de los detenidos, y que eran utilizados para alcanzar al cami\u00f3n, reducir a los choferes y custodios, trasladarlos a lugares alejados para ganar tiempo mientras la mercader\u00eda era llevada a un sito previamente acordado para transbordarla a otros veh\u00edculos de menor porte y luego a su destino final o dep\u00f3sito.<\/p>\n<p><strong>Los hechos<\/strong><\/p>\n<p>Hasta el momento, se le imputan a la banda seis hechos. Los robos que se acreditaron como de autor\u00eda de los miembros de esa asociaci\u00f3n fueron: el robo de un cami\u00f3n de mercader\u00edas ocurrido el 24 de junio de 2016 a la altura de Ruta N\u00b0 6 kil\u00f3metro 127 (partido de Marcos Paz); el similar acaecido el 16 de agosto de 2016 en la ruta N\u00b0 6 kil\u00f3metro 108 (Marcos Paz), un \u00a0robo sobre ruta 7 a la altura de Luj\u00e1n ocurrido el 29 de agosto, uno sobre ruta 7 a la altura de Cortines el 8 de septiembre, en cuyo marco tuvo lugar un enfrentamiento que termin\u00f3 con la vida de un custodio retirado de la Polic\u00eda Federal; el robo de mercader\u00eda en tr\u00e1nsito del 3 de noviembre sobre ruta 9 a la altura de Lima (Z\u00e1rate-Campana); y el robo de un cami\u00f3n cargado de consolas Playstation sobre Avda. Richieri el 10 de febrero pasado. Esto \u00faltimo motiv\u00f3 que se sumara a la investigaci\u00f3n el doctor Benedetto de la Fiscal\u00eda tem\u00e1tica en \u201cPirater\u00eda del asfalto\u201d de La Matanza.<\/p>\n","protected":false},"excerpt":{"rendered":"<p>Entre jueves y viernes se desarroll\u00f3 un importante operativo que logr\u00f3 desarticular una banda de piratas del asfalto. El operativo &#8230; <a title=\"Tras investigaci\u00f3n de\u00a0 la UFI N\u00b0 3 local desarticularon banda de piratas del asfalto\" class=\"read-more\" href=\"https:\/\/www.hoymercedes.com.ar\/principal\/2017\/04\/08\/tras-investigacion-de-la-ufi-n-3-local-desarticularon-banda-de-piratas-del-asfalto\/\" aria-label=\"Leer m\u00e1s sobre Tras investigaci\u00f3n de\u00a0 la UFI N\u00b0 3 local desarticularon banda de piratas del asfalto\">Leer m\u00e1s<\/a><\/p>\n","protected":false},"author":1,"featured_media":61502,"comment_status":"closed","ping_status":"open","sticky":false,"template":"","format":"standard","meta":{"_monsterinsights_skip_tracking":false,"_monsterinsights_sitenote_active":false,"_monsterinsights_sitenote_note":"","_monsterinsights_sitenote_category":0,"jetpack_post_was_ever_published":false,"_jetpack_newsletter_access":"","_jetpack_dont_email_post_to_subs":false,"_jetpack_newsletter_tier_id":0,"_jetpack_memberships_contains_paywalled_content":false,"_jetpack_memberships_contains_paid_content":false,"footnotes":"","jetpack_publicize_message":"","jetpack_publicize_feature_enabled":true,"jetpack_social_post_already_shared":true,"jetpack_social_options":{"image_generator_settings":{"template":"highway","default_image_id":0,"font":"","enabled":false},"version":2},"_wpas_customize_per_network":false},"categories":[85],"tags":[],"class_list":["post-61501","post","type-post","status-publish","format-standard","has-post-thumbnail","hentry","category-policial","generate-columns","tablet-grid-50","mobile-grid-100","grid-parent","grid-50"],"jetpack_publicize_connections":[],"jetpack_featured_media_url":"https:\/\/www.hoymercedes.com.ar\/principal\/wp-content\/uploads\/2017\/04\/pira.jpeg","wps_subtitle":"Importante operativo","jetpack_sharing_enabled":true,"_links":{"self":[{"href":"https:\/\/www.hoymercedes.com.ar\/principal\/wp-json\/wp\/v2\/posts\/61501","targetHints":{"allow":["GET"]}}],"collection":[{"href":"https:\/\/www.hoymercedes.com.ar\/principal\/wp-json\/wp\/v2\/posts"}],"about":[{"href":"https:\/\/www.hoymercedes.com.ar\/principal\/wp-json\/wp\/v2\/types\/post"}],"author":[{"embeddable":true,"href":"https:\/\/www.hoymercedes.com.ar\/principal\/wp-json\/wp\/v2\/users\/1"}],"replies":[{"embeddable":true,"href":"https:\/\/www.hoymercedes.com.ar\/principal\/wp-json\/wp\/v2\/comments?post=61501"}],"version-history":[{"count":0,"href":"https:\/\/www.hoymercedes.com.ar\/principal\/wp-json\/wp\/v2\/posts\/61501\/revisions"}],"wp:featuredmedia":[{"embeddable":true,"href":"https:\/\/www.hoymercedes.com.ar\/principal\/wp-json\/wp\/v2\/media\/61502"}],"wp:attachment":[{"href":"https:\/\/www.hoymercedes.com.ar\/principal\/wp-json\/wp\/v2\/media?parent=61501"}],"wp:term":[{"taxonomy":"category","embeddable":true,"href":"https:\/\/www.hoymercedes.com.ar\/principal\/wp-json\/wp\/v2\/categories?post=61501"},{"taxonomy":"post_tag","embeddable":true,"href":"https:\/\/www.hoymercedes.com.ar\/principal\/wp-json\/wp\/v2\/tags?post=61501"}],"curies":[{"name":"wp","href":"https:\/\/api.w.org\/{rel}","templated":true}]}}